{"id":120751,"date":"2021-05-03T17:36:29","date_gmt":"2021-05-03T17:36:29","guid":{"rendered":"https:\/\/dimensionturistica.com\/es\/?p=120751"},"modified":"2021-05-03T17:36:29","modified_gmt":"2021-05-03T17:36:29","slug":"antonio-cano-hasta-la-primavera-del-2023-no-habra-normalidad-en-los-viajes","status":"publish","type":"post","link":"https:\/\/dimensionturistica.com\/es\/antonio-cano-hasta-la-primavera-del-2023-no-habra-normalidad-en-los-viajes\/","title":{"rendered":"Antonio Ca\u00f1o: &#8220;Hasta la primavera del 2023 no habr\u00e1 normalidad en los viajes&#8221;"},"content":{"rendered":"<p> <br \/>\n<\/p>\n<div>\n<p class=\"article-body__text article-body__text--entry article-body__text-middle\">\n    Ha sido reelegido el pasado mes de abril como presidente de la <strong>Asociaci\u00f3n de Agencias de Viajes de C\u00f3rdoba<\/strong> tras m\u00e1s de una d\u00e9cada en el cargo y con un sector que se encuentra en \u00abcese de actividad\u00bb desde hace quince meses. \u00abEs incre\u00edble la pesadilla que estamos viviendo\u00bb con el 90% de las agencias cerradas, con 400 empleos en ERTE y con un 5% de negocios que han echado la persiana para siempre, resume. En su opini\u00f3n, \u00abel turismo vive de la confianza\u00bb y esta ahora depende de las vacunas y de un pasaporte sanitario mundial. Est\u00e1 convencido de que \u00abhasta la primavera del 2023\u00bb no habr\u00e1 normalidad en los viajes.\n<\/p>\n<p class=\"article-body__text \">\n    <strong>&#8211; Lleva una d\u00e9cada como presidente de las agencias de viajes en C\u00f3rdoba, pero este es un momento muy cr\u00edtico para el sector. \u00bfC\u00f3mo se plantea la situaci\u00f3n? <\/strong>\n<\/p>\n<p class=\"article-body__text \">\n    &#8211; Llevamos quince meses de cierre de la actividad; m\u00e1s que cierre, cese de la actividad. Las 120 agencias de viajes y los casi 400 empleos en C\u00f3rdoba capital y provincia llevan sufriendo esos quince meses m\u00e1s que ning\u00fan otro sector, porque nosotros vendemos movilidad. Vamos a afrontar una legislatura de cuatro a\u00f1os con una junta directiva bastante din\u00e1mica y animada, pero con un sector bastante castigado por la pandemia. Y, por supuesto por la falta de ayudas que desgraciadamente no terminan de llegar. Hay algunas ayudas de la Junta de Andaluc\u00eda que est\u00e1n llegando a destiempo y escasas. Repito, escasas.\n<\/p>\n<p class=\"article-body__text \">\n    <strong>&#8211; \u00bfEs el sector  m\u00e1s perjudicado por la disaster sanitaria?<\/strong>\n<\/p>\n<p class=\"article-body__text \">\n    &#8211; Desgraciadamente, s\u00ed. Las cifras lo corroboran. Sin agravios comparativos, el sector de la hosteler\u00eda ha tenido restringidos sus horarios, pero ha podido abrir sus establecimientos. Tras los cien d\u00edas de confinamiento, la movilidad ha sido totalmente reducida y a partir de septiembre restringida  no solo para moverse entre comunidades aut\u00f3nomas, sino tambi\u00e9n a nivel provincial. Al vender movilidad, por mucho que queremos, no podemos comercializar. Darle la posibilidad a un cliente, por lo menos, que vaya a la Costa del Sol o que vaya a Sevilla o a la playa. Al restringirle a la sociedad esa movilidad, nos impide a nosotros vender viajes. Durante el pasado verano, s\u00ed pudimos comercializar y no hubo un cien por cien de apertura de todas las agencias de viajes, pero s\u00ed un 60%. A partir de este mes de mayo, las restricciones de movilidad son menores y podremos seguir abriendo. Yo creo que s\u00ed somos el sector m\u00e1s castigado, junto con los gu\u00edas tur\u00edsticos, porque la hosteler\u00eda y el hospedaje, aunque poco, s\u00ed han podido abrir sus establecimientos al p\u00fablico.\n<\/p>\n<p class=\"article-body__text \">\n    <strong>&#8211; \u00bfTiene datos de c\u00f3mo ha afectado la disaster del covid-19 a las agencias de viajes en C\u00f3rdoba?<\/strong>\n<\/p>\n<p class=\"article-body__text \">\n    &#8211; A nivel andaluz, somos unas 1.800 agencias de viajes a diciembre de 2019. Hoy en d\u00eda, en C\u00f3rdoba hay unas 123 o 124 con licencia para operar, y con la persiana bajada hay m\u00e1s de un 10%, unas 15 agencias cerradas y unas 50 familias que no viven ya de este sector. En C\u00f3rdoba capital, son ocho o nueve las que han cerrado definitivamente. De hecho, en ERTE  est\u00e1n el resto de empleados, unos 400 empleos, el 90% del empleo. Ahora mismo, que tengan abiertas sus persianas en C\u00f3rdoba podemos decir que habr\u00e1 unas diez agencias como mucho. Son negocios que son muy familiares. En algunos casos, los trabajadores est\u00e1n en teletrabajo, y  en otros, un 5%, en media jornada e incluso por horas para seguir manteniendo ese hilo de conexi\u00f3n con los clientes. Un 5% de las agencias de C\u00f3rdoba se perder\u00e1n definitivamente y esperemos que ese porcentaje no sea superior.\n<\/p>\n<p class=\"article-body__text \">\n    <strong>&#8211; \u00bfCalificar\u00eda la situaci\u00f3n de las agencias de viajes como de una escabechina?<\/strong>\n<\/p>\n<p class=\"article-body__text \">\n    &#8211; No llegar\u00eda a tanto. Mi impresi\u00f3n es de abandono al sector de las agencias de viaje. De abandono al turismo, que tanto ha dado a esta capital y provincia, a la autonom\u00eda y a nivel nacional. Ha dado cifras tan alegres como el 15% del PIB y por el contrario no se le ha respondido o poco respondido acorde a la aportaci\u00f3n que ha hecho para poner a C\u00f3rdoba, Andaluc\u00eda y Espa\u00f1a como l\u00edderes tur\u00edsticos. M\u00e1s que de escabechina, yo hablar\u00eda de abandono complete del sector. Esto puede servir de reflexi\u00f3n para que el d\u00eda de ma\u00f1ana todos pensemos c\u00f3mo considerar a nuestros gobernantes.\n<\/p>\n<p class=\"article-body__text \">\n    <strong>&#8211; Ahora se abre un momento de esperanza, con la ca\u00edda del estado de alarma el pr\u00f3ximo 9 de mayo y con la movilidad provincial abierta en Andaluc\u00eda, \u00bfse empieza a notar movimiento en las agencias de viajes?<\/strong>\n<\/p>\n<p class=\"article-body__text \">\n    &#8211; Todav\u00eda, nada. Nosotros nos organizamos por temporadas. Si lleg\u00e1ramos a un 75% o 80%  de vacunaci\u00f3n de la poblaci\u00f3n, de entre los 35 y los 55 a\u00f1os, al 30 de mayo o primeros de junio, yo creo que la temporada de verano podr\u00edamos salvarla un poco m\u00e1s airosa que la anterior, que estuvo en torno a un 25% o un 30% de la facturaci\u00f3n de  2019. Yo creo que podr\u00edamos salvar la temporada de este verano. Todo lo que pase del 15 de junio, apurando mucho, va a ser complicado para que salvemos el verano. Estamos esperanzados en que, cuantas m\u00e1s vacunas tengamos puestas en C\u00f3rdoba capital y provincia, nos ir\u00e1 mucho mejor. Si no es as\u00ed, perderemos el verano como se perdi\u00f3 el del a\u00f1o pasado. Solo se pudo recuperar un 30% y volveremos a pensar en la Semana Santa del 2022, que como todos saben se perdi\u00f3 la de este a\u00f1o. Podemos estar quiz\u00e1s un poco ilusionados.\n<\/p>\n<p class=\"article-body__text \">\n    <strong>&#8211; \u00bfEs partidario de un pasaporte sanitario?<\/strong>\n<\/p>\n<p class=\"article-body__text \">\n    &#8211; Si no existe ese pasaporte consensuado y aprobado por todos los pa\u00edses a nivel mundial, dif\u00edcilmente podremos contar con la confianza del cliente para visitar otros pa\u00edses. Sin ese pasaporte sanitario, la primavera de 2022 seguir\u00e1 complicando nuestro estado de bienestar y que el turismo sea la primera industria a nivel nacional.\n<\/p>\n<p class=\"article-body__text \">\n    <strong>&#8211; \u00bfHasta la primavera del 2022 no se va a recuperar la normalidad en los viajes? <\/strong>\n<\/p>\n<p class=\"article-body__text \">\n    &#8211; Yo no quiero ser muy pesimista, pero pienso que hasta la primavera o el verano del 2023 no se va a recuperar la normalidad en los viajes. Europa tarda meses en tomar decisiones. Nosotros llevamos hablando en la Confederaci\u00f3n Espa\u00f1ola de Agencias de Viajes, de la que soy vicepresidente de Innovaci\u00f3n, desde mayo del a\u00f1o pasado del pasaporte verde europeo y ha pasado un a\u00f1o y todav\u00eda hay pa\u00edses en la Uni\u00f3n Europea que lo consideran y otros, no. El turismo vive de la movilidad geogr\u00e1fica, si el turista no tiene esa confianza para moverse con seguridad, dif\u00edcilmente se va a mover. El turista no contratar\u00e1 viajes internacionales. Si no se mueve la divisa, no se mueve la econom\u00eda.\n<\/p>\n<p class=\"article-body__text \">\n    <strong>&#8211; La situaci\u00f3n por la que atraviesan es grave, pero \u00bfpodr\u00eda dar un poquito de esperanza al sector?<\/strong>\n<\/p>\n<p class=\"article-body__text \">\n    &#8211; La \u00fanica esperanza est\u00e1 en la vacunaci\u00f3n. No tenemos otra. Lo primero es la vacuna y lo segundo, el pasaporte.\n<\/p>\n<p class=\"article-body__text \">\n    <strong>&#8211; \u00bfSu objetivo de mandato ser\u00eda dejar a las agencias de viajes como estaban en 2019?<\/strong>\n<\/p>\n<p class=\"article-body__text \">\n    &#8211; S\u00ed, como m\u00ednimo es ese. Tendremos que volver a esa situaci\u00f3n. Estamos en un nivel menos cero y ponerlo en cerca de un ocho es complicado. Estamos cerrados el 90% de los negocios, Vamos a seguir luchando todos los d\u00edas y esperemos que se acabe pronto todo esto. Es incre\u00edble la pesadilla que estamos viviendo.\n<\/p>\n<\/p><\/div>\n\n<p><em> &#8221; Fuentes www.diariocordoba.com &#8221; <\/em><\/p>\n","protected":false},"excerpt":{"rendered":"<p>Ha sido reelegido el pasado mes de abril como presidente de la Asociaci\u00f3n de Agencias de Viajes de C\u00f3rdoba tras m\u00e1s de una d\u00e9cada en el cargo y con un sector que se encuentra en \u00abcese de actividad\u00bb desde hace quince meses. \u00abEs incre\u00edble la pesadilla que estamos viviendo\u00bb con el 90% de las agencias [&hellip;]<\/p>\n","protected":false},"author":4,"featured_media":120752,"comment_status":"open","ping_status":"closed","sticky":false,"template":"","format":"standard","meta":{"om_disable_all_campaigns":false,"jnews-multi-image_gallery":[],"jnews_single_post":[],"jnews_primary_category":[],"jnews_social_meta":[],"footnotes":""},"categories":[39],"tags":[13282,7678,23086,3019,8301],"class_list":["post-120751","post","type-post","status-publish","format-standard","has-post-thumbnail","hentry","category-viajes","tag-13282","tag-antonio","tag-cano","tag-habra","tag-primavera"],"_links":{"self":[{"href":"https:\/\/dimensionturistica.com\/es\/wp-json\/wp\/v2\/posts\/120751","targetHints":{"allow":["GET"]}}],"collection":[{"href":"https:\/\/dimensionturistica.com\/es\/wp-json\/wp\/v2\/posts"}],"about":[{"href":"https:\/\/dimensionturistica.com\/es\/wp-json\/wp\/v2\/types\/post"}],"author":[{"embeddable":true,"href":"https:\/\/dimensionturistica.com\/es\/wp-json\/wp\/v2\/users\/4"}],"replies":[{"embeddable":true,"href":"https:\/\/dimensionturistica.com\/es\/wp-json\/wp\/v2\/comments?post=120751"}],"version-history":[{"count":0,"href":"https:\/\/dimensionturistica.com\/es\/wp-json\/wp\/v2\/posts\/120751\/revisions"}],"wp:featuredmedia":[{"embeddable":true,"href":"https:\/\/dimensionturistica.com\/es\/wp-json\/wp\/v2\/media\/120752"}],"wp:attachment":[{"href":"https:\/\/dimensionturistica.com\/es\/wp-json\/wp\/v2\/media?parent=120751"}],"wp:term":[{"taxonomy":"category","embeddable":true,"href":"https:\/\/dimensionturistica.com\/es\/wp-json\/wp\/v2\/categories?post=120751"},{"taxonomy":"post_tag","embeddable":true,"href":"https:\/\/dimensionturistica.com\/es\/wp-json\/wp\/v2\/tags?post=120751"}],"curies":[{"name":"wp","href":"https:\/\/api.w.org\/{rel}","templated":true}]}}