{"id":120749,"date":"2021-05-03T17:34:31","date_gmt":"2021-05-03T17:34:31","guid":{"rendered":"https:\/\/dimensionturistica.com\/es\/?p=120749"},"modified":"2021-05-03T17:34:31","modified_gmt":"2021-05-03T17:34:31","slug":"coronavirus-kuwait-prohibe-viajar-al-extranjero-a-los-ciudadanos-no-vacunados-contra-la-covid-19","status":"publish","type":"post","link":"https:\/\/dimensionturistica.com\/es\/coronavirus-kuwait-prohibe-viajar-al-extranjero-a-los-ciudadanos-no-vacunados-contra-la-covid-19\/","title":{"rendered":"Coronavirus.- Kuwait proh\u00edbe viajar al extranjero a los ciudadanos no vacunados contra la COVID-19"},"content":{"rendered":"<p> <br \/>\n<\/p>\n<div>\n<p class=\"paragraph\">MADRID, 3 (EUROPA PRESS)<\/p>\n<p>El Consejo de Ministros de Kuwait ha dado luz verde a la prohibici\u00f3n de viajar al extranjero a los ciudadanos no vacunados contra la COVID-19.<\/p>\n<p>Seg\u00fan ha detallado el portavoz del Gobierno kuwait\u00ed, Tareq al Mazrem, la medida entrar\u00e1 en vigor el 22 de mayo y excluye a los j\u00f3venes no elegibles para recibir la vacuna, que estar\u00e1n exentos de cumplirla, ha recogido el diario &#8216;Kuwait Instances&#8217;.<\/p>\n<p>Adem\u00e1s, el Ejecutivo de Kuwait ha extendido la prohibici\u00f3n de entrar en el pa\u00eds a los extranjeros, seg\u00fan el Centro de Comunicaci\u00f3n del Gobierno, informa la agencia de noticias DPA.<\/p>\n<p>El anuncio llega d\u00edas despu\u00e9s de que su pa\u00eds vecino, Arabia Saud\u00ed, confirmara el retiro de la prohibici\u00f3n de viaje para sus ciudadanos, que podr\u00e1n salir del pa\u00eds a partir del 17 de mayo, como estaba previsto. No obstante, solo podr\u00e1n viajar aquellos completamente inmunizados o que se hayan recuperado de la COVID-19 en los \u00faltimos seis meses. Tambi\u00e9n podr\u00e1n hacerlo los menores de 18 a\u00f1os. A la vuelta, tendr\u00e1n que guardar una cuarentena de siete d\u00edas.<\/p>\n<p>Hasta el momento, las autoridades sanitarias kuwait\u00edes han constatado m\u00e1s de 277.000 personas contagiadas de COVID-19 desde que comenz\u00f3 la pandemia, incluidas m\u00e1s de 1.500 v\u00edctimas mortales a causa de la enfermedad. <\/p>\n<\/div>\n<p><script defer=\"\">!function(f,b,e,v,n,t,s) {if(f.fbq)return;n=f.fbq=function(){n.callMethod? n.callMethod.apply(n,arguments):n.queue.push(arguments)}; if(!f._fbq)f._fbq=n;n.push=n;n.loaded=!0;n.version='2.0'; n.queue=[];t=b.createElement(e);t.async=!0; t.src=v;s=b.getElementsByTagName(e)[0]; s.parentNode.insertBefore(t,s)}(window, document,'script', 'https:\/\/connect.facebook.net\/en_US\/fbevents.js'); fbq('init', '336383993555320'); fbq('track', 'PageView'); fbq('track', 'ViewContent');<\/script><br \/>\n<br \/><\/p>\n<p><em> &#8221; Fuentes www.infobae.com &#8221; <\/em><\/p>\n","protected":false},"excerpt":{"rendered":"<p>MADRID, 3 (EUROPA PRESS) El Consejo de Ministros de Kuwait ha dado luz verde a la prohibici\u00f3n de viajar al extranjero a los ciudadanos no vacunados contra la COVID-19. Seg\u00fan ha detallado el portavoz del Gobierno kuwait\u00ed, Tareq al Mazrem, la medida entrar\u00e1 en vigor el 22 de mayo y excluye a los j\u00f3venes no [&hellip;]<\/p>\n","protected":false},"author":4,"featured_media":116839,"comment_status":"open","ping_status":"closed","sticky":false,"template":"","format":"standard","meta":{"om_disable_all_campaigns":false,"jnews-multi-image_gallery":[],"jnews_single_post":[],"jnews_primary_category":[],"jnews_social_meta":[],"footnotes":""},"categories":[40],"tags":[],"class_list":["post-120749","post","type-post","status-publish","format-standard","has-post-thumbnail","hentry","category-industria"],"_links":{"self":[{"href":"https:\/\/dimensionturistica.com\/es\/wp-json\/wp\/v2\/posts\/120749","targetHints":{"allow":["GET"]}}],"collection":[{"href":"https:\/\/dimensionturistica.com\/es\/wp-json\/wp\/v2\/posts"}],"about":[{"href":"https:\/\/dimensionturistica.com\/es\/wp-json\/wp\/v2\/types\/post"}],"author":[{"embeddable":true,"href":"https:\/\/dimensionturistica.com\/es\/wp-json\/wp\/v2\/users\/4"}],"replies":[{"embeddable":true,"href":"https:\/\/dimensionturistica.com\/es\/wp-json\/wp\/v2\/comments?post=120749"}],"version-history":[{"count":0,"href":"https:\/\/dimensionturistica.com\/es\/wp-json\/wp\/v2\/posts\/120749\/revisions"}],"wp:featuredmedia":[{"embeddable":true,"href":"https:\/\/dimensionturistica.com\/es\/wp-json\/wp\/v2\/media\/116839"}],"wp:attachment":[{"href":"https:\/\/dimensionturistica.com\/es\/wp-json\/wp\/v2\/media?parent=120749"}],"wp:term":[{"taxonomy":"category","embeddable":true,"href":"https:\/\/dimensionturistica.com\/es\/wp-json\/wp\/v2\/categories?post=120749"},{"taxonomy":"post_tag","embeddable":true,"href":"https:\/\/dimensionturistica.com\/es\/wp-json\/wp\/v2\/tags?post=120749"}],"curies":[{"name":"wp","href":"https:\/\/api.w.org\/{rel}","templated":true}]}}