{"id":1207475,"date":"2026-09-05T02:38:51","date_gmt":"2026-09-05T02:38:51","guid":{"rendered":"https:\/\/dimensionturistica.com\/es\/?p=1207475"},"modified":"2026-09-05T02:38:51","modified_gmt":"2026-09-05T02:38:51","slug":"chirey-omoda-y-jaecoo-llegan-al-salon-del-automovil-yucatan-con-una-oferta-para-distintos-estilos-de-movilidad","status":"publish","type":"post","link":"https:\/\/dimensionturistica.com\/es\/chirey-omoda-y-jaecoo-llegan-al-salon-del-automovil-yucatan-con-una-oferta-para-distintos-estilos-de-movilidad\/","title":{"rendered":"Chirey, OMODA y JAECOO llegan al Sal\u00f3n del Autom\u00f3vil Yucat\u00e1n con una oferta para distintos estilos de movilidad"},"content":{"rendered":"\n<p class=\"wp-block-paragraph\">Chirey, OMODA y JAECOO participar\u00e1n en la vig\u00e9sima edici\u00f3n del Sal\u00f3n del Autom\u00f3vil Yucat\u00e1n, encuentro que se realizar\u00e1 del 4 al 6 de septiembre en el Centro de Convenciones Yucat\u00e1n Siglo XXI, con entrada gratuita y horario de 10:00 a 22:00 horas.<\/p>\n\n\n\n<figure class=\"wp-block-gallery has-nested-images columns-default is-cropped wp-block-gallery-1 is-layout-flex wp-block-gallery-is-layout-flex\">\n<figure class=\"wp-block-image size-large\"><img decoding=\"async\" width=\"500\" height=\"374\" data-id=\"1207476\" src=\"https:\/\/dimensionturistica.com\/es\/wp-content\/uploads\/2026\/09\/1OMOPDA.jpg\" alt=\"\" class=\"wp-image-1207476\" srcset=\"https:\/\/dimensionturistica.com\/es\/wp-content\/uploads\/2026\/09\/1OMOPDA.jpg 500w, https:\/\/dimensionturistica.com\/es\/wp-content\/uploads\/2026\/09\/1OMOPDA-300x224.jpg 300w\" sizes=\"(max-width: 500px) 100vw, 500px\" \/><\/figure>\n<\/figure>\n\n\n\n<p class=\"wp-block-paragraph\">El evento re\u00fane a marcas, distribuidores y consumidores en un espacio pensado para conocer modelos, comparar opciones, explorar nuevas tecnolog\u00edas y acceder a alternativas de financiamiento. En su edici\u00f3n 2026, el Sal\u00f3n contar\u00e1 con la participaci\u00f3n de m\u00e1s de 60 marcas y una superficie superior a los 20,000 m\u00b2, la mayor en la historia del encuentro.<\/p>\n\n\n\n<p class=\"wp-block-paragraph\">Para Chirey, OMODA y JAECOO, la presencia en este foro regional representa una oportunidad para acercar su portafolio a usuarios del sureste que buscan veh\u00edculos capaces de responder a distintas formas de movilidad: familias que priorizan espacio y seguridad, j\u00f3venes que buscan dise\u00f1o y conectividad, conductores interesados en eficiencia h\u00edbrida y perfiles que combinan ciudad, carretera y actividades outdoor.<\/p>\n\n\n\n<p class=\"wp-block-paragraph\">Un evento clave para comparar opciones de movilidad<\/p>\n\n\n\n<figure class=\"wp-block-gallery has-nested-images columns-default is-cropped wp-block-gallery-2 is-layout-flex wp-block-gallery-is-layout-flex\">\n<figure class=\"wp-block-image size-large\"><img decoding=\"async\" width=\"500\" height=\"370\" data-id=\"1207482\" src=\"https:\/\/dimensionturistica.com\/es\/wp-content\/uploads\/2026\/09\/2OMODO.jpg\" alt=\"\" class=\"wp-image-1207482\" srcset=\"https:\/\/dimensionturistica.com\/es\/wp-content\/uploads\/2026\/09\/2OMODO.jpg 500w, https:\/\/dimensionturistica.com\/es\/wp-content\/uploads\/2026\/09\/2OMODO-300x222.jpg 300w\" sizes=\"(max-width: 500px) 100vw, 500px\" \/><\/figure>\n<\/figure>\n\n\n\n<p class=\"wp-block-paragraph\">El Sal\u00f3n del Autom\u00f3vil Yucat\u00e1n se ha consolidado como una plataforma relevante para quienes eval\u00faan la compra de un veh\u00edculo nuevo. Su formato permite conocer en un mismo lugar modelos 2026 y 2027, lanzamientos, veh\u00edculos a gasolina, el\u00e9ctricos, h\u00edbridos, particulares y comerciales.<\/p>\n\n\n\n<p class=\"wp-block-paragraph\">La participaci\u00f3n de Chirey, OMODA y JAECOO responde a una conversaci\u00f3n cada vez m\u00e1s amplia: los usuarios ya no buscan una sola soluci\u00f3n de movilidad, sino veh\u00edculos que se adapten a su rutina, presupuesto, estilo de vida y necesidades de uso.<\/p>\n\n\n\n<p class=\"wp-block-paragraph\">Chirey: tecnolog\u00eda, seguridad y eficiencia para familias<\/p>\n\n\n\n<figure class=\"wp-block-gallery has-nested-images columns-default is-cropped wp-block-gallery-3 is-layout-flex wp-block-gallery-is-layout-flex\">\n<figure class=\"wp-block-image size-large\"><img decoding=\"async\" width=\"500\" height=\"375\" data-id=\"1207483\" src=\"https:\/\/dimensionturistica.com\/es\/wp-content\/uploads\/2026\/09\/4OMODA.jpg\" alt=\"\" class=\"wp-image-1207483\" srcset=\"https:\/\/dimensionturistica.com\/es\/wp-content\/uploads\/2026\/09\/4OMODA.jpg 500w, https:\/\/dimensionturistica.com\/es\/wp-content\/uploads\/2026\/09\/4OMODA-300x225.jpg 300w\" sizes=\"(max-width: 500px) 100vw, 500px\" \/><\/figure>\n<\/figure>\n\n\n\n<p class=\"wp-block-paragraph\">Chirey llega al evento con una oferta orientada a familias y usuarios que buscan SUVs funcionales para ciudad, carretera y viajes de fin de semana. Modelos como Tiggo 4 PRO, Tiggo 7 PRO, Tiggo 7 PHEV CSH y Tiggo 8 PHEV CSH permiten mostrar distintos niveles de equipamiento, espacio, conectividad y seguridad.<\/p>\n\n\n\n<p class=\"wp-block-paragraph\">Dentro de esta propuesta, la tecnolog\u00eda CSH, Chirey Super Hybrid, cobra especial relevancia para quienes buscan eficiencia, autonom\u00eda y flexibilidad de uso. Sus versiones h\u00edbridas enchufables permiten hablar de movilidad electrificada desde escenarios reales: tr\u00e1fico, escuela, trabajo, viajes cortos y recorridos por carretera.<\/p>\n\n\n\n<figure class=\"wp-block-gallery has-nested-images columns-default is-cropped wp-block-gallery-4 is-layout-flex wp-block-gallery-is-layout-flex\">\n<figure class=\"wp-block-image size-large\"><img decoding=\"async\" width=\"500\" height=\"375\" data-id=\"1207484\" src=\"https:\/\/dimensionturistica.com\/es\/wp-content\/uploads\/2026\/09\/6OMODA.jpg\" alt=\"\" class=\"wp-image-1207484\" srcset=\"https:\/\/dimensionturistica.com\/es\/wp-content\/uploads\/2026\/09\/6OMODA.jpg 500w, https:\/\/dimensionturistica.com\/es\/wp-content\/uploads\/2026\/09\/6OMODA-300x225.jpg 300w\" sizes=\"(max-width: 500px) 100vw, 500px\" \/><\/figure>\n<\/figure>\n\n\n\n<p class=\"wp-block-paragraph\">OMODA y JAECOO: dise\u00f1o, lifestyle y nuevas formas de manejar<\/p>\n\n\n\n<p class=\"wp-block-paragraph\">OMODA y JAECOO complementan la oferta desde una visi\u00f3n enfocada en nuevas generaciones de usuarios. OMODA conecta con perfiles urbanos que buscan dise\u00f1o, tecnolog\u00eda, conectividad y una experiencia de manejo m\u00e1s digital. JAECOO, por su parte, responde a quienes buscan una SUV con car\u00e1cter outdoor, practicidad, seguridad y capacidad para moverse entre rutina diaria y planes fuera de casa.<\/p>\n\n\n\n<p class=\"wp-block-paragraph\">Esta diferencia permite que ambas marcas dialoguen con p\u00fablicos diversos dentro del Sal\u00f3n: j\u00f3venes profesionistas, familias peque\u00f1as, usuarios con mascotas, conductores interesados en SUVs con personalidad y compradores que quieren conocer opciones h\u00edbridas o electrificadas.<\/p>\n\n\n\n<p class=\"wp-block-paragraph\">El sureste como punto estrat\u00e9gico<\/p>\n\n\n\n<figure class=\"wp-block-gallery has-nested-images columns-default is-cropped wp-block-gallery-5 is-layout-flex wp-block-gallery-is-layout-flex\">\n<figure class=\"wp-block-image size-large\"><img decoding=\"async\" width=\"500\" height=\"375\" data-id=\"1207485\" src=\"https:\/\/dimensionturistica.com\/es\/wp-content\/uploads\/2026\/09\/7OMODA.jpg\" alt=\"\" class=\"wp-image-1207485\" srcset=\"https:\/\/dimensionturistica.com\/es\/wp-content\/uploads\/2026\/09\/7OMODA.jpg 500w, https:\/\/dimensionturistica.com\/es\/wp-content\/uploads\/2026\/09\/7OMODA-300x225.jpg 300w\" sizes=\"(max-width: 500px) 100vw, 500px\" \/><\/figure>\n<\/figure>\n\n\n\n<p class=\"wp-block-paragraph\">La participaci\u00f3n en el Sal\u00f3n del Autom\u00f3vil Yucat\u00e1n tambi\u00e9n refuerza la importancia del sureste mexicano para la industria automotriz. En 2025, el evento recibi\u00f3 m\u00e1s de 33,000 visitantes, y este a\u00f1o celebra dos d\u00e9cadas como un punto de encuentro entre marcas, distribuidores y consumidores.<\/p>\n\n\n\n<p class=\"wp-block-paragraph\">Con una oferta que integra SUVs de gasolina, h\u00edbridas, familiares, urbanas y outdoor, las marcas fortalecen su presencia regional y muestran un portafolio pensado para distintas necesidades: moverse todos los d\u00edas, viajar con m\u00e1s comodidad, explorar nuevas tecnolog\u00edas y elegir un veh\u00edculo con mayor criterio.<\/p>\n\n\n\n<figure class=\"wp-block-gallery has-nested-images columns-default is-cropped wp-block-gallery-6 is-layout-flex wp-block-gallery-is-layout-flex\"><\/figure>\n\n\n\n<p class=\"wp-block-paragraph\">Conoce m\u00e1s de Chirey I OMODA I JAECOO en nuestras cuentas oficiales:<\/p>\n\n\n\n<p class=\"wp-block-paragraph\">Facebook: CHIREY I \u202fOMODA JAECOO\u202f<\/p>\n\n\n\n<p class=\"wp-block-paragraph\">Instagram: CHIREY I OMODA JAECOO<\/p>\n\n\n\n<p class=\"wp-block-paragraph\">TikTok: CHIREY I OMODA JAECOO &nbsp;<\/p>\n\n\n\n<p class=\"wp-block-paragraph\">Sitios:www.chirey.mx \u202fwww.omoda.mx \u202fwww.jaecoo.mx \u202f<\/p>\n\n\n\n<figure class=\"wp-block-gallery has-nested-images columns-default is-cropped wp-block-gallery-7 is-layout-flex wp-block-gallery-is-layout-flex\">\n<figure class=\"wp-block-image size-large\"><img decoding=\"async\" width=\"500\" height=\"375\" data-id=\"1207487\" src=\"https:\/\/dimensionturistica.com\/es\/wp-content\/uploads\/2026\/09\/22OMODA.jpg\" alt=\"\" class=\"wp-image-1207487\" srcset=\"https:\/\/dimensionturistica.com\/es\/wp-content\/uploads\/2026\/09\/22OMODA.jpg 500w, https:\/\/dimensionturistica.com\/es\/wp-content\/uploads\/2026\/09\/22OMODA-300x225.jpg 300w\" sizes=\"(max-width: 500px) 100vw, 500px\" \/><\/figure>\n<\/figure>\n","protected":false},"excerpt":{"rendered":"<p>Chirey, OMODA y JAECOO participar\u00e1n en la vig\u00e9sima edici\u00f3n del Sal\u00f3n del Autom\u00f3vil Yucat\u00e1n, encuentro que se realizar\u00e1 del 4 al 6 de septiembre en el Centro de Convenciones Yucat\u00e1n Siglo XXI, con entrada gratuita y horario de 10:00 a 22:00 horas. El evento re\u00fane a marcas, distribuidores y consumidores en un espacio pensado para [&hellip;]<\/p>\n","protected":false},"author":1,"featured_media":1207488,"comment_status":"open","ping_status":"closed","sticky":false,"template":"","format":"standard","meta":{"om_disable_all_campaigns":false,"jnews-multi-image_gallery":[],"jnews_single_post":[],"jnews_primary_category":[],"jnews_social_meta":[],"footnotes":""},"categories":[40],"tags":[],"class_list":["post-1207475","post","type-post","status-publish","format-standard","has-post-thumbnail","hentry","category-industria"],"_links":{"self":[{"href":"https:\/\/dimensionturistica.com\/es\/wp-json\/wp\/v2\/posts\/1207475","targetHints":{"allow":["GET"]}}],"collection":[{"href":"https:\/\/dimensionturistica.com\/es\/wp-json\/wp\/v2\/posts"}],"about":[{"href":"https:\/\/dimensionturistica.com\/es\/wp-json\/wp\/v2\/types\/post"}],"author":[{"embeddable":true,"href":"https:\/\/dimensionturistica.com\/es\/wp-json\/wp\/v2\/users\/1"}],"replies":[{"embeddable":true,"href":"https:\/\/dimensionturistica.com\/es\/wp-json\/wp\/v2\/comments?post=1207475"}],"version-history":[{"count":1,"href":"https:\/\/dimensionturistica.com\/es\/wp-json\/wp\/v2\/posts\/1207475\/revisions"}],"predecessor-version":[{"id":1207489,"href":"https:\/\/dimensionturistica.com\/es\/wp-json\/wp\/v2\/posts\/1207475\/revisions\/1207489"}],"wp:featuredmedia":[{"embeddable":true,"href":"https:\/\/dimensionturistica.com\/es\/wp-json\/wp\/v2\/media\/1207488"}],"wp:attachment":[{"href":"https:\/\/dimensionturistica.com\/es\/wp-json\/wp\/v2\/media?parent=1207475"}],"wp:term":[{"taxonomy":"category","embeddable":true,"href":"https:\/\/dimensionturistica.com\/es\/wp-json\/wp\/v2\/categories?post=1207475"},{"taxonomy":"post_tag","embeddable":true,"href":"https:\/\/dimensionturistica.com\/es\/wp-json\/wp\/v2\/tags?post=1207475"}],"curies":[{"name":"wp","href":"https:\/\/api.w.org\/{rel}","templated":true}]}}