{"id":1207454,"date":"2026-09-05T01:30:24","date_gmt":"2026-09-05T01:30:24","guid":{"rendered":"https:\/\/dimensionturistica.com\/es\/?p=1207454"},"modified":"2026-09-05T01:30:24","modified_gmt":"2026-09-05T01:30:24","slug":"las-premiaciones-dvf-reconocieron-a-mujeres-excepcionales-y-celebraron-el-legado-de-gloria-steinem","status":"publish","type":"post","link":"https:\/\/dimensionturistica.com\/es\/las-premiaciones-dvf-reconocieron-a-mujeres-excepcionales-y-celebraron-el-legado-de-gloria-steinem\/","title":{"rendered":"Las Premiaciones DVF Reconocieron a Mujeres Excepcionales y Celebraron el Legado de Gloria Steinem."},"content":{"rendered":"<p><strong>Deslumbrante Gala en Venecia: Un Tributo a la Fuerza Femenina en la Industria de la Moda<\/strong><\/p>\n<p>La m\u00e1gica ciudad de Venecia se convirti\u00f3 recientemente en el escenario perfecto para un evento que celebr\u00f3 tanto el talento en la moda como la indomable fuerza de las mujeres. Las atenazadas calles y los emblem\u00e1ticos canales fueron testigos de una gala que re\u00fane a las m\u00e1s influyentes figuras del mundo de la moda, en una noche dedicada a homenaje y reconocimiento.<\/p>\n<p>En el coraz\u00f3n de la gala, un destacado grupo de homenajeadas recibi\u00f3 el prestigioso galard\u00f3n que lleva el nombre de una de las dise\u00f1adoras m\u00e1s ic\u00f3nicas. Este reconocimiento no solo celebra su trabajo excepcional, sino que tambi\u00e9n subraya la importancia de empoderar a las mujeres en una industria que ha sido hist\u00f3ricamente dominada por ellas. La selecci\u00f3n de las galardonadas, cada una con historias \u00fanicas e inspiradoras, destac\u00f3 c\u00f3mo la creatividad y la determinaci\u00f3n pueden cambiar el panorama de la moda.<\/p>\n<p>Los asistentes brillaron en una alfombra roja que fue, por s\u00ed sola, un despliegue de estilos vanguardistas. Desde impresionantes dise\u00f1os de alta costura hasta propuestas m\u00e1s vanguardistas, cada atuendo contaba una historia. Celebridades, dise\u00f1adores y figuras p\u00fablicas se unieron, transformando la plataforma en un verdadero festival de moda y creatividad que atrajo todas las miradas.<\/p>\n<p>El ambiente de la gala se impregn\u00f3 de un aire de celebraci\u00f3n y camarader\u00eda. Homenajes emotivos y discursos poderosos resonaron en el coraz\u00f3n de los presentes, enfatizando la responsabilidad que tienen las nuevas generaciones en continuar el legado de estas pioneras. La noche no solo fue un reconocimiento al pasado, sino tambi\u00e9n una llamada a la acci\u00f3n para un futuro m\u00e1s inclusivo y diverso en la moda.<\/p>\n<p>A medida que avanzaba la velada, el reconocimiento de estas brillantes mujeres se sinti\u00f3 palpable, creando un sentido de comunidad y conexi\u00f3n entre todas las asistentes. Cada una de ellas, a trav\u00e9s de su traves\u00eda personal, ha demostrado que la moda puede ser una herramienta de cambio, as\u00ed como un espacio para la autoexpresi\u00f3n y la innovaci\u00f3n.<\/p>\n<p>Este evento ha establecido un nuevo est\u00e1ndar para otras celebraciones de la moda, haciendo eco del avance hacia un mundo m\u00e1s equitativo. Cada galardonada no solo brill\u00f3 esa noche, sino que tambi\u00e9n dej\u00f3 una huella imborrable en el camino del empoderamiento femenino dentro de una industria que siempre se reinventa.<\/p>\n<p>A medida que se desvanecen las luces de esta espl\u00e9ndida gala, queda claro que el eco de las historias compartidas y los logros celebrados seguir\u00e1 resonando. Las expectativas est\u00e1n altas para futuras ediciones, donde, sin duda, se seguir\u00e1n rompiendo barreras y redefiniendo la narrativa de la moda, record\u00e1ndonos a todos que la verdadera elegancia reside en la fuerza y la diversidad que cada mujer aporta al mundo.<\/p>\n<p><em> &#8221; Fuentes www.vogue.com &#8221; <\/em><\/p>\n","protected":false},"excerpt":{"rendered":"<p>Deslumbrante Gala en Venecia: Un Tributo a la Fuerza Femenina en la Industria de la Moda La m\u00e1gica ciudad de Venecia se convirti\u00f3 recientemente en el escenario perfecto para un evento que celebr\u00f3 tanto el talento en la moda como la indomable fuerza de las mujeres. Las atenazadas calles y los emblem\u00e1ticos canales fueron testigos [&hellip;]<\/p>\n","protected":false},"author":14,"featured_media":1207455,"comment_status":"open","ping_status":"closed","sticky":false,"template":"","format":"standard","meta":{"om_disable_all_campaigns":false,"jnews-multi-image_gallery":[],"jnews_single_post":[],"jnews_primary_category":[],"jnews_social_meta":[],"footnotes":""},"categories":[144872],"tags":[106069,4415,69359,245063,296901,277815,28063,203622,115283],"class_list":["post-1207454","post","type-post","status-publish","format-standard","has-post-thumbnail","hentry","category-fashion","tag-achievements","tag-awards","tag-celebration","tag-dvf-awards","tag-extraordinary-women","tag-gloria-steinem","tag-legacy","tag-vogue-parties","tag-women-empowerment"],"_links":{"self":[{"href":"https:\/\/dimensionturistica.com\/es\/wp-json\/wp\/v2\/posts\/1207454","targetHints":{"allow":["GET"]}}],"collection":[{"href":"https:\/\/dimensionturistica.com\/es\/wp-json\/wp\/v2\/posts"}],"about":[{"href":"https:\/\/dimensionturistica.com\/es\/wp-json\/wp\/v2\/types\/post"}],"author":[{"embeddable":true,"href":"https:\/\/dimensionturistica.com\/es\/wp-json\/wp\/v2\/users\/14"}],"replies":[{"embeddable":true,"href":"https:\/\/dimensionturistica.com\/es\/wp-json\/wp\/v2\/comments?post=1207454"}],"version-history":[{"count":1,"href":"https:\/\/dimensionturistica.com\/es\/wp-json\/wp\/v2\/posts\/1207454\/revisions"}],"predecessor-version":[{"id":1207456,"href":"https:\/\/dimensionturistica.com\/es\/wp-json\/wp\/v2\/posts\/1207454\/revisions\/1207456"}],"wp:featuredmedia":[{"embeddable":true,"href":"https:\/\/dimensionturistica.com\/es\/wp-json\/wp\/v2\/media\/1207455"}],"wp:attachment":[{"href":"https:\/\/dimensionturistica.com\/es\/wp-json\/wp\/v2\/media?parent=1207454"}],"wp:term":[{"taxonomy":"category","embeddable":true,"href":"https:\/\/dimensionturistica.com\/es\/wp-json\/wp\/v2\/categories?post=1207454"},{"taxonomy":"post_tag","embeddable":true,"href":"https:\/\/dimensionturistica.com\/es\/wp-json\/wp\/v2\/tags?post=1207454"}],"curies":[{"name":"wp","href":"https:\/\/api.w.org\/{rel}","templated":true}]}}