{"id":1207449,"date":"2026-09-05T01:26:17","date_gmt":"2026-09-05T01:26:17","guid":{"rendered":"https:\/\/dimensionturistica.com\/es\/?p=1207449"},"modified":"2026-09-05T01:26:17","modified_gmt":"2026-09-05T01:26:17","slug":"saber-que-opciones-anticonceptivas-existen-es-solo-el-primer-paso-para-ejercer-la-salud-sexual-fundacion-msi","status":"publish","type":"post","link":"https:\/\/dimensionturistica.com\/es\/saber-que-opciones-anticonceptivas-existen-es-solo-el-primer-paso-para-ejercer-la-salud-sexual-fundacion-msi\/","title":{"rendered":"Saber qu\u00e9 opciones anticonceptivas existen es solo el primer paso para ejercer la salud sexual: Fundaci\u00f3n MSI"},"content":{"rendered":"\n<p class=\"wp-block-paragraph\">Con motivo de la conmemoraci\u00f3n del D\u00eda Mundial de la Salud Sexual, Fundaci\u00f3n MSI plante\u00f3 que el reto no es solo acumular conocimiento sobre salud sexual, sino lograr que quien recibe esa informaci\u00f3n pueda traducirla en decisiones concretas sobre este aspecto en su vida.<\/p>\n\n\n\n<p class=\"wp-block-paragraph\">Esta conmemoraci\u00f3n es impulsada mundialmente por la Asociaci\u00f3n Mundial para la Salud Sexual (WAS por sus siglas en ingl\u00e9s) y este a\u00f1o est\u00e1 dedicada a una idea global: la salud, los derechos y el placer sexual pertenecen a cada persona, sin excepci\u00f3n; y lo que determina si alguien puede ejercerlos no es su cuerpo, sino el entorno en el que vive, considerando el acceso, el estigma heredado y la informaci\u00f3n que recibi\u00f3 o le falt\u00f3.<\/p>\n\n\n\n<p class=\"wp-block-paragraph\">En el caso de M\u00e9xico, esta brecha tambi\u00e9n es evidente: aunque 98.7% de las mujeres en edad f\u00e9rtil conoce alg\u00fan m\u00e9todo anticonceptivo y 96.6% sabe c\u00f3mo funciona, solo 47% utiliz\u00f3 protecci\u00f3n en su primera relaci\u00f3n sexual, de acuerdo con la Encuesta Nacional de la Din\u00e1mica Demogr\u00e1fica (ENADID) realizada por el INEGI (2023).<\/p>\n\n\n\n<p class=\"wp-block-paragraph\">Entre adolescentes de 15 a 19 a\u00f1os, esa cifra sube apenas a 66.9%, lo que significa que una de cada tres j\u00f3venes inicia su vida sexual sin protecci\u00f3n, pese a que pr\u00e1cticamente toda la poblaci\u00f3n ya conoce los m\u00e9todos disponibles.<\/p>\n\n\n\n<p class=\"wp-block-paragraph\">\u201cEsa distancia entre saber que existen opciones y poder ejercerlas es justo lo que inspira la<\/p>\n\n\n\n<p class=\"wp-block-paragraph\">conmemoraci\u00f3n global de este a\u00f1o: el conocimiento no es suficiente si el entorno de cada<\/p>\n\n\n\n<p class=\"wp-block-paragraph\">persona bloquea su derecho a convertirlo en decisi\u00f3n\u201d, coment\u00f3 Claudia Morales, coordinadora de vinculaci\u00f3n de Fundaci\u00f3n MSI.<\/p>\n\n\n\n<figure class=\"wp-block-gallery has-nested-images columns-default is-cropped wp-block-gallery-1 is-layout-flex wp-block-gallery-is-layout-flex\">\n<figure class=\"wp-block-image size-large\"><img decoding=\"async\" width=\"500\" height=\"281\" data-id=\"1207451\" src=\"https:\/\/dimensionturistica.com\/es\/wp-content\/uploads\/2026\/09\/3MSI.jpg\" alt=\"\" class=\"wp-image-1207451\" srcset=\"https:\/\/dimensionturistica.com\/es\/wp-content\/uploads\/2026\/09\/3MSI.jpg 500w, https:\/\/dimensionturistica.com\/es\/wp-content\/uploads\/2026\/09\/3MSI-300x169.jpg 300w\" sizes=\"(max-width: 500px) 100vw, 500px\" \/><\/figure>\n<\/figure>\n\n\n\n<p class=\"wp-block-paragraph\">La misma encuesta del INEGI muestra que la brecha se repite en el uso constante de anticoncepci\u00f3n: mientras 74.6% de las mujeres en edad f\u00e9rtil sexualmente activas usa alg\u00fan m\u00e9todo anticonceptivo, entre las adolescentes de 15 a 19 a\u00f1os la cifra cae a 60.2% y tambi\u00e9n hay una brecha territorial que confirma el planteamiento de \u201ccada cuerpo, cada contexto\u201d: en Ciudad de M\u00e9xico la prevalencia es de 78.9%, frente a 67% en Chiapas.<\/p>\n\n\n\n<p class=\"wp-block-paragraph\">La brecha entre conocimiento y uso tampoco es exclusiva de las mujeres. De acuerdo con la Encuesta Nacional de Salud y Nutrici\u00f3n (ENSANUT) 2022, del Instituto Nacional de Salud<\/p>\n\n\n\n<p class=\"wp-block-paragraph\">P\u00fablica, 37.8% de los hombres, entre 20 y 49 a\u00f1os, no us\u00f3 ning\u00fan m\u00e9todo anticonceptivo en su primera relaci\u00f3n sexual, frente a 47.3% de las mujeres. En la \u00faltima relaci\u00f3n sexual, 38% de los hombres tampoco us\u00f3 protecci\u00f3n, una proporci\u00f3n pr\u00e1cticamente igual a la de las mujeres (38.1%). El cond\u00f3n fue el m\u00e9todo m\u00e1s utilizado por los hombres, tanto en la primera relaci\u00f3n sexual (59.8%) como en la \u00faltima (47%), por encima de lo reportado por las mujeres (47.6% y 34.7%, respectivamente).<\/p>\n\n\n\n<p class=\"wp-block-paragraph\">\u201cEl conocimiento sobre anticoncepci\u00f3n no se traduce autom\u00e1ticamente en protecci\u00f3n real, sobre todo entre quienes apenas comienzan su vida sexual o viven en las entidades con menos acceso a servicios. Ah\u00ed es donde tiene que actuar la educaci\u00f3n en derechos: no basta con saber que un m\u00e9todo existe, hay que saber que tienes derecho a pedirlo, a usarlo, a que te lo expliquen sin juicios y a tomar decisiones con esa informaci\u00f3n, sin importar en qu\u00e9 cuerpo, en qu\u00e9 edad o en qu\u00e9 estado del pa\u00eds te encuentres\u201d, a\u00f1adi\u00f3 Claudia Morales.<\/p>\n\n\n\n<p class=\"wp-block-paragraph\">Fundaci\u00f3n MSI explica que entre los derechos sexuales y reproductivos que con m\u00e1s frecuencia se ejercen a medias est\u00e1n el derecho a recibir informaci\u00f3n completa y sin juicios sobre anticoncepci\u00f3n, prevenci\u00f3n de ITS (infecciones de transmisi\u00f3n sexual) y salud menstrual sin importar la edad o el estado civil; el derecho a decidir cu\u00e1ntos hijos tener y cu\u00e1ndo, o no tenerlos; el derecho a la confidencialidad, incluido el de los adolescentes que buscan atenci\u00f3n; el derecho a recibir atenci\u00f3n sin discriminaci\u00f3n por orientaci\u00f3n sexual, identidad de g\u00e9nero o condici\u00f3n socioecon\u00f3mica; y el derecho a acceder a la interrupci\u00f3n legal del embarazo (ILE) en las entidades y bajo las causales donde la ley lo permite.<\/p>\n\n\n\n<figure class=\"wp-block-gallery has-nested-images columns-default is-cropped wp-block-gallery-2 is-layout-flex wp-block-gallery-is-layout-flex\">\n<figure class=\"wp-block-image size-large\"><img decoding=\"async\" width=\"500\" height=\"281\" data-id=\"1207450\" src=\"https:\/\/dimensionturistica.com\/es\/wp-content\/uploads\/2026\/09\/4MSI.jpg\" alt=\"\" class=\"wp-image-1207450\" srcset=\"https:\/\/dimensionturistica.com\/es\/wp-content\/uploads\/2026\/09\/4MSI.jpg 500w, https:\/\/dimensionturistica.com\/es\/wp-content\/uploads\/2026\/09\/4MSI-300x169.jpg 300w\" sizes=\"(max-width: 500px) 100vw, 500px\" \/><\/figure>\n<\/figure>\n\n\n\n<p class=\"wp-block-paragraph\">Fundaci\u00f3n MSI subray\u00f3 que las diferencias regionales muestran que no todas las personas cuentan con las mismas condiciones para ejercer sus derechos sexuales y reproductivos. De acuerdo con datos del INEGI, existe una brecha de m\u00e1s de 11 puntos porcentuales entre Ciudad de M\u00e9xico y Chiapas en el uso de m\u00e9todos anticonceptivos. Para Fundaci\u00f3n MSI reducir estas brechas implica acercar informaci\u00f3n, servicios y acompa\u00f1amiento a quienes m\u00e1s barreras enfrentan.<\/p>\n\n\n\n<p class=\"wp-block-paragraph\">Considerando este panorama, Fundaci\u00f3n MSI invita a la poblaci\u00f3n a informarse antes de decidir y pone al servicio de la poblaci\u00f3n sus cl\u00ednicas en Ciudad de M\u00e9xico, San Crist\u00f3bal de las Casas, Oaxaca, Saltillo, Canc\u00fan, Veracruz, Tijuana, Pachuca y Toluca donde puede recibir orientaci\u00f3n y atenci\u00f3n en anticoncepci\u00f3n, detecci\u00f3n de ITS, salud menstrual e interrupci\u00f3n legal del embarazo.<\/p>\n\n\n\n<p class=\"wp-block-paragraph\">Este \u00faltimo servicio, la ILE, tambi\u00e9n est\u00e1 disponible a trav\u00e9s de atenci\u00f3n virtual, en todo el pa\u00eds para que quien lo necesite pueda informarse en un entorno seguro y recibir el acompa\u00f1amiento de un especialista.<\/p>\n\n\n\n<p class=\"wp-block-paragraph\">M\u00e1s informaci\u00f3n en: https:\/\/fundacionmsi.org.mx\/<\/p>\n\n\n\n<p class=\"wp-block-paragraph\">Centro de contacto telef\u00f3nico: 55 5543 0000<\/p>\n","protected":false},"excerpt":{"rendered":"<p>Con motivo de la conmemoraci\u00f3n del D\u00eda Mundial de la Salud Sexual, Fundaci\u00f3n MSI plante\u00f3 que el reto no es solo acumular conocimiento sobre salud sexual, sino lograr que quien recibe esa informaci\u00f3n pueda traducirla en decisiones concretas sobre este aspecto en su vida. Esta conmemoraci\u00f3n es impulsada mundialmente por la Asociaci\u00f3n Mundial para la [&hellip;]<\/p>\n","protected":false},"author":1,"featured_media":1207452,"comment_status":"open","ping_status":"closed","sticky":false,"template":"","format":"standard","meta":{"om_disable_all_campaigns":false,"jnews-multi-image_gallery":[],"jnews_single_post":[],"jnews_primary_category":[],"jnews_social_meta":[],"footnotes":""},"categories":[144872],"tags":[],"class_list":["post-1207449","post","type-post","status-publish","format-standard","has-post-thumbnail","hentry","category-fashion"],"_links":{"self":[{"href":"https:\/\/dimensionturistica.com\/es\/wp-json\/wp\/v2\/posts\/1207449","targetHints":{"allow":["GET"]}}],"collection":[{"href":"https:\/\/dimensionturistica.com\/es\/wp-json\/wp\/v2\/posts"}],"about":[{"href":"https:\/\/dimensionturistica.com\/es\/wp-json\/wp\/v2\/types\/post"}],"author":[{"embeddable":true,"href":"https:\/\/dimensionturistica.com\/es\/wp-json\/wp\/v2\/users\/1"}],"replies":[{"embeddable":true,"href":"https:\/\/dimensionturistica.com\/es\/wp-json\/wp\/v2\/comments?post=1207449"}],"version-history":[{"count":1,"href":"https:\/\/dimensionturistica.com\/es\/wp-json\/wp\/v2\/posts\/1207449\/revisions"}],"predecessor-version":[{"id":1207453,"href":"https:\/\/dimensionturistica.com\/es\/wp-json\/wp\/v2\/posts\/1207449\/revisions\/1207453"}],"wp:featuredmedia":[{"embeddable":true,"href":"https:\/\/dimensionturistica.com\/es\/wp-json\/wp\/v2\/media\/1207452"}],"wp:attachment":[{"href":"https:\/\/dimensionturistica.com\/es\/wp-json\/wp\/v2\/media?parent=1207449"}],"wp:term":[{"taxonomy":"category","embeddable":true,"href":"https:\/\/dimensionturistica.com\/es\/wp-json\/wp\/v2\/categories?post=1207449"},{"taxonomy":"post_tag","embeddable":true,"href":"https:\/\/dimensionturistica.com\/es\/wp-json\/wp\/v2\/tags?post=1207449"}],"curies":[{"name":"wp","href":"https:\/\/api.w.org\/{rel}","templated":true}]}}