{"id":1207421,"date":"2026-09-05T00:39:05","date_gmt":"2026-09-05T00:39:05","guid":{"rendered":"https:\/\/dimensionturistica.com\/es\/?p=1207421"},"modified":"2026-09-05T00:39:05","modified_gmt":"2026-09-05T00:39:05","slug":"julie-kegels-se-lleva-el-premio-lvmh-2026-lii-triunfa-con-el-galardon-karl-lagerfeld-y-yoshita-1967-obtiene-el-reconocimiento-savoir-faire","status":"publish","type":"post","link":"https:\/\/dimensionturistica.com\/es\/julie-kegels-se-lleva-el-premio-lvmh-2026-lii-triunfa-con-el-galardon-karl-lagerfeld-y-yoshita-1967-obtiene-el-reconocimiento-savoir-faire\/","title":{"rendered":"Julie Kegels Se Lleva el Premio LVMH 2026, Lii Triunfa con el Galard\u00f3n Karl Lagerfeld y Yoshita 1967 Obtiene el Reconocimiento Savoir-Faire."},"content":{"rendered":"<p><strong>Un Futuro Brillante en la Moda: Las Nuevas Estrellas del Dise\u00f1o<\/strong><\/p>\n<p>El mundo de la moda se encuentra en constante evoluci\u00f3n, y nada resalta esta transformaci\u00f3n como la reciente edici\u00f3n del prestigioso premio LVMH. Este a\u00f1o, el evento fue testigo de la creatividad desbordante y el talento inigualable de nuevos dise\u00f1adores que est\u00e1n marcando el rumbo del sector. La escena internacional se ilumina con el triunfo de Julie Kegels, quien se llev\u00f3 el galard\u00f3n principal, as\u00ed como otros nombres que resuenan con fuerza en la industria: Lii y Yoshita 1967, galardonados en categor\u00edas espec\u00edficas que celebran la innovaci\u00f3n y el savoir-faire.<\/p>\n<p><strong>Una Visi\u00f3n Futurista<\/strong><\/p>\n<p>Julie Kegels, una dise\u00f1adora cuya propuesta desaf\u00eda las normas tradicionales, ha sabido conectar con una generaci\u00f3n que busca algo m\u00e1s que productos de moda: anhela narrativas, sostenibilidad y autenticidad. Su colecci\u00f3n, presentada con un enfoque que combina lo vanguardista con lo accesible, ha recibido elogios tanto de expertos como de aficionados. En su desfile, los tejidos, texturas y patrones interactuaron en perfecta armon\u00eda, creando una experiencia visual que traspasa la pasarela.<\/p>\n<p>Pero Kegels no es la \u00fanica en hacerse notar. Lii, con su innovador enfoque del dise\u00f1o de moda, ha captado la atenci\u00f3n del jurado con su capacidad para reinterpretar elementos cl\u00e1sicos, aportando una frescura inusual y necesaria a la industria. Su propuesta destaca por la simplicidad elegante que invita a la reflexi\u00f3n sobre el valor de la tradici\u00f3n en el mundo contempor\u00e1neo.<\/p>\n<p><strong>Savoir-Faire y Maestr\u00eda Artesanal<\/strong><\/p>\n<p>Otro de los grandes ganadores fue Yoshita 1967, un nombre que evoca la herencia artesanal y la maestr\u00eda en confecci\u00f3n. Su enfoque en t\u00e9cnicas ancestrales emparejadas con una est\u00e9tica moderna resalta la importancia de preservar el savoir-faire en un entorno cada vez m\u00e1s dominado por la producci\u00f3n en masa. Este dise\u00f1o meticuloso es un claro recordatorio de que la moda no solo es sobre lo que se lleva, sino tambi\u00e9n de c\u00f3mo se crea.<\/p>\n<p><strong>La Pasarela como Plataforma de Cambio<\/strong><\/p>\n<p>Estos talentos emergentes no solo est\u00e1n aqu\u00ed para presentar moda; est\u00e1n redefiniendo lo que significa ser un dise\u00f1ador en el siglo XXI. Sus visiones est\u00e1n conectadas con movimientos m\u00e1s amplios dentro de la sociedad, abordando cuestiones como la sostenibilidad, el empoderamiento y la diversidad en sus colecciones. La pasarela se convierte as\u00ed en una plataforma poderosa para el cambio, donde cada pieza cuenta una historia que trasciende lo superficial.<\/p>\n<p><strong>El Eco de la Innovaci\u00f3n<\/strong><\/p>\n<p>A medida que se celebra el triunfo de estas nuevas voces, la comunidad de la moda est\u00e1 abriendo el di\u00e1logo sobre lo que significa realmente ser parte de esta industria. Las audiencias hoy buscan autenticidad, no solo en las pasarelas, sino tambi\u00e9n en los procesos de producci\u00f3n y en las historias detr\u00e1s de cada prenda. <\/p>\n<p>Con la llegada de nuevas tendencias que fusionan lo tradicional con lo contempor\u00e1neo, la moda se plantea un nuevo horizonte que invita a reflexionar sobre su impacto cultural y social. Estos dise\u00f1os no solo representan ropa, sino una visi\u00f3n colectiva del futuro en la que todos somos protagonistas.<\/p>\n<p>As\u00ed, mientras la industria observa a los ganadores de este a\u00f1o, una cosa es clara: el futuro de la moda est\u00e1 en manos de aquellos que se atreven a so\u00f1ar y a innovar, un futuro que promete ser tan brillante como las estrellas que lo iluminan.<\/p>\n<p><em> &#8221; Fuentes www.vogue.com &#8221; <\/em><\/p>\n","protected":false},"excerpt":{"rendered":"<p>Un Futuro Brillante en la Moda: Las Nuevas Estrellas del Dise\u00f1o El mundo de la moda se encuentra en constante evoluci\u00f3n, y nada resalta esta transformaci\u00f3n como la reciente edici\u00f3n del prestigioso premio LVMH. Este a\u00f1o, el evento fue testigo de la creatividad desbordante y el talento inigualable de nuevos dise\u00f1adores que est\u00e1n marcando el [&hellip;]<\/p>\n","protected":false},"author":14,"featured_media":1207422,"comment_status":"open","ping_status":"closed","sticky":false,"template":"","format":"standard","meta":{"om_disable_all_campaigns":false,"jnews-multi-image_gallery":[],"jnews_single_post":[],"jnews_primary_category":[],"jnews_social_meta":[],"footnotes":""},"categories":[144872],"tags":[296888,214972,250032,210834,40435,69354,205516,201298,109575,296889],"class_list":["post-1207421","post","type-post","status-publish","format-standard","has-post-thumbnail","hentry","category-fashion","tag-2026-lvmh-prize","tag-emerging-designers","tag-fashion-awards","tag-julie-kegels","tag-karl-lagerfeld","tag-latest","tag-lii","tag-luxury-fashion","tag-savoir-faire","tag-yoshita-1967"],"_links":{"self":[{"href":"https:\/\/dimensionturistica.com\/es\/wp-json\/wp\/v2\/posts\/1207421","targetHints":{"allow":["GET"]}}],"collection":[{"href":"https:\/\/dimensionturistica.com\/es\/wp-json\/wp\/v2\/posts"}],"about":[{"href":"https:\/\/dimensionturistica.com\/es\/wp-json\/wp\/v2\/types\/post"}],"author":[{"embeddable":true,"href":"https:\/\/dimensionturistica.com\/es\/wp-json\/wp\/v2\/users\/14"}],"replies":[{"embeddable":true,"href":"https:\/\/dimensionturistica.com\/es\/wp-json\/wp\/v2\/comments?post=1207421"}],"version-history":[{"count":1,"href":"https:\/\/dimensionturistica.com\/es\/wp-json\/wp\/v2\/posts\/1207421\/revisions"}],"predecessor-version":[{"id":1207423,"href":"https:\/\/dimensionturistica.com\/es\/wp-json\/wp\/v2\/posts\/1207421\/revisions\/1207423"}],"wp:featuredmedia":[{"embeddable":true,"href":"https:\/\/dimensionturistica.com\/es\/wp-json\/wp\/v2\/media\/1207422"}],"wp:attachment":[{"href":"https:\/\/dimensionturistica.com\/es\/wp-json\/wp\/v2\/media?parent=1207421"}],"wp:term":[{"taxonomy":"category","embeddable":true,"href":"https:\/\/dimensionturistica.com\/es\/wp-json\/wp\/v2\/categories?post=1207421"},{"taxonomy":"post_tag","embeddable":true,"href":"https:\/\/dimensionturistica.com\/es\/wp-json\/wp\/v2\/tags?post=1207421"}],"curies":[{"name":"wp","href":"https:\/\/api.w.org\/{rel}","templated":true}]}}