{"id":1207416,"date":"2026-09-05T00:16:34","date_gmt":"2026-09-05T00:16:34","guid":{"rendered":"https:\/\/dimensionturistica.com\/es\/?p=1207416"},"modified":"2026-09-05T00:16:34","modified_gmt":"2026-09-05T00:16:34","slug":"puerto-rico-sera-el-pais-invitado-destacado-en-la-anato-2027","status":"publish","type":"post","link":"https:\/\/dimensionturistica.com\/es\/puerto-rico-sera-el-pais-invitado-destacado-en-la-anato-2027\/","title":{"rendered":"Puerto Rico ser\u00e1 el pa\u00eds invitado destacado en la ANATO 2027."},"content":{"rendered":"<p><strong>Puerto Rico: El Para\u00edso Caribe\u00f1o que Brillar\u00e1 en ANATO 2027<\/strong><\/p>\n<p>Puerto Rico, un destino que maravilla con su rica cultura, impresionantes paisajes y vibrante historia, ser\u00e1 el invitado de honor en la pr\u00f3xima Feria de Anato 2027. Este evento, que se celebrar\u00e1 en Colombia, promete ser una plataforma excepcional para que la isla caribe\u00f1a exhiba su inigualable oferta tur\u00edstica ante un p\u00fablico \u00e1vido de descubrir nuevos horizontes.<\/p>\n<p>Imaginemos por un momento la calidez del sol caribe\u00f1o, el suave murmullo de las olas que acarician las playas de arena blanca y el aroma a mofongo reci\u00e9n hecho que invade el aire. Todo esto y m\u00e1s es lo que Puerto Rico tiene para ofrecer. Nombrada como un destino internacional destacado, la isla se preparar\u00e1 para atraer a turistas colombianos y de todo el continente, capaces de sumergirse en una experiencia \u00fanica que trasciende lo meramente tur\u00edstico.<\/p>\n<p>La rica herencia cultural de Puerto Rico, influenciada por sus ra\u00edces ind\u00edgenas ta\u00ednas, la colonizaci\u00f3n espa\u00f1ola y la mezcla de culturas afrocaribe\u00f1as, se refleja en su m\u00fasica, gastronom\u00eda y tradiciones. Desde el contagioso ritmo de la salsa hasta la seductora melod\u00eda del reguet\u00f3n, la m\u00fasica boricua est\u00e1 destinada a cautivar a quienes asistan a la feria, prometiendo un viaje a trav\u00e9s del tiempo y la diversidad cultural.<\/p>\n<p>Uno de los atractivos m\u00e1s destacados que se presentar\u00e1 en ANATO 2027 ser\u00e1 el ecoturismo. Puerto Rico ofrece una multitud de paisajes naturales, desde exuberantes selvas tropicales hasta hermosos r\u00edos y misteriosas cuevas. El Bosque Nacional El Yunque, por ejemplo, es una joya donde los visitantes pueden disfrutar de cascadas escondidas y una variedad de flora y fauna que solo se encuentra en este rinc\u00f3n del mundo. Adem\u00e1s, su extraordinaria bioluminiscencia, presente en lugares como Mosquito Bay, promete dejar boquiabiertos a los visitantes que busquen experiencias \u00fanicas en la naturaleza.<\/p>\n<p>Sin embargo, no todo en Puerto Rico gira en torno a la naturaleza. Las ciudades vibrantes como San Juan, Ponce y Vieques contienen joyas arquitect\u00f3nicas, coloridas calles empedradas y una vida nocturna que nunca se detiene. San Juan, la capital, es famosa por su ic\u00f3nico Viejo San Juan, un sitio hist\u00f3rico lleno de casas de colores vibrantes, plazas animadas y restaurantes que ofrecen delicias locales como el coquito y los tostones. <\/p>\n<p>En ANATO 2027, Puerto Rico no solo presentar\u00e1 su oferta tur\u00edstica, sino que tambi\u00e9n fortalecer\u00e1 lazos con el sector del turismo en Colombia. La colaboraci\u00f3n entre ambos destinos promete crear paquetes atractivos que faciliten el intercambio cultural y el turismo sostenible. Los visitantes colombianos tendr\u00e1n la oportunidad de explorar los encantos de la isla, as\u00ed como participar en actividades que fomenten el respeto por el entorno natural y la preservaci\u00f3n de la cultura local.<\/p>\n<p>Con su designaci\u00f3n como pa\u00eds invitado de honor, Puerto Rico se posiciona para atraer a un nuevo p\u00fablico entusiasta, deseoso de vivir experiencias inolvidables. Los asistentes a la feria no solo estar\u00e1n expuestos a un sinf\u00edn de informaci\u00f3n sobre lo que la isla tiene para ofrecer, sino que tambi\u00e9n podr\u00e1n interactuar con representantes de la industria tur\u00edstica puertorrique\u00f1a, quienes compartir\u00e1n sus conocimientos y recomendaciones sobre los mejores destinos y actividades.<\/p>\n<p>As\u00ed, Puerto Rico se prepara para brillar como nunca antes en ANATO 2027, prometiendo atraer la atenci\u00f3n de viajeros curiosos y amantes de la aventura. Si a\u00fan no has considerado a Puerto Rico como tu pr\u00f3ximo destino de vacaciones, este evento ser\u00e1 el momento perfecto para dejarte seducir por sus encantos y comenzar a planear un viaje hacia el coraz\u00f3n del Caribe. La isla espera recibirte con los brazos abiertos y una sonrisa que refleja la calidez de su gente. \u00a1Prep\u00e1rate para descubrir un pedazo de para\u00edso!<\/p>\n<p><em> &#8221; Sources www.infobae.com &#8221; <\/em><\/p>\n","protected":false},"excerpt":{"rendered":"<p>Puerto Rico: El Para\u00edso Caribe\u00f1o que Brillar\u00e1 en ANATO 2027 Puerto Rico, un destino que maravilla con su rica cultura, impresionantes paisajes y vibrante historia, ser\u00e1 el invitado de honor en la pr\u00f3xima Feria de Anato 2027. Este evento, que se celebrar\u00e1 en Colombia, promete ser una plataforma excepcional para que la isla caribe\u00f1a exhiba [&hellip;]<\/p>\n","protected":false},"author":4,"featured_media":1207226,"comment_status":"open","ping_status":"closed","sticky":false,"template":"","format":"standard","meta":{"om_disable_all_campaigns":false,"jnews-multi-image_gallery":[],"jnews_single_post":[],"jnews_primary_category":[],"jnews_social_meta":[],"footnotes":""},"categories":[40],"tags":[296695,15621,32015,549,92257,3067,6752,544,681],"class_list":["post-1207416","post","type-post","status-publish","format-standard","has-post-thumbnail","hentry","category-industria","tag-anato-2027","tag-destino-internacional","tag-eventos-internacionales","tag-ferias","tag-invitado-de-honor","tag-promocion-turistica","tag-puerto-rico","tag-turismo","tag-viaje"],"_links":{"self":[{"href":"https:\/\/dimensionturistica.com\/es\/wp-json\/wp\/v2\/posts\/1207416","targetHints":{"allow":["GET"]}}],"collection":[{"href":"https:\/\/dimensionturistica.com\/es\/wp-json\/wp\/v2\/posts"}],"about":[{"href":"https:\/\/dimensionturistica.com\/es\/wp-json\/wp\/v2\/types\/post"}],"author":[{"embeddable":true,"href":"https:\/\/dimensionturistica.com\/es\/wp-json\/wp\/v2\/users\/4"}],"replies":[{"embeddable":true,"href":"https:\/\/dimensionturistica.com\/es\/wp-json\/wp\/v2\/comments?post=1207416"}],"version-history":[{"count":1,"href":"https:\/\/dimensionturistica.com\/es\/wp-json\/wp\/v2\/posts\/1207416\/revisions"}],"predecessor-version":[{"id":1207417,"href":"https:\/\/dimensionturistica.com\/es\/wp-json\/wp\/v2\/posts\/1207416\/revisions\/1207417"}],"wp:featuredmedia":[{"embeddable":true,"href":"https:\/\/dimensionturistica.com\/es\/wp-json\/wp\/v2\/media\/1207226"}],"wp:attachment":[{"href":"https:\/\/dimensionturistica.com\/es\/wp-json\/wp\/v2\/media?parent=1207416"}],"wp:term":[{"taxonomy":"category","embeddable":true,"href":"https:\/\/dimensionturistica.com\/es\/wp-json\/wp\/v2\/categories?post=1207416"},{"taxonomy":"post_tag","embeddable":true,"href":"https:\/\/dimensionturistica.com\/es\/wp-json\/wp\/v2\/tags?post=1207416"}],"curies":[{"name":"wp","href":"https:\/\/api.w.org\/{rel}","templated":true}]}}