{"id":1207399,"date":"2026-09-04T23:19:32","date_gmt":"2026-09-04T23:19:32","guid":{"rendered":"https:\/\/dimensionturistica.com\/es\/?p=1207399"},"modified":"2026-09-04T23:19:32","modified_gmt":"2026-09-04T23:19:32","slug":"aumentan-los-peligros-de-viaje-por-operativos-migratorios-durante-el-dia-del-trabajo","status":"publish","type":"post","link":"https:\/\/dimensionturistica.com\/es\/aumentan-los-peligros-de-viaje-por-operativos-migratorios-durante-el-dia-del-trabajo\/","title":{"rendered":"Aumentan los peligros de viaje por operativos migratorios durante el D\u00eda del Trabajo"},"content":{"rendered":"<h3>Consejos para Viajar en Fin de Semana Largo: Inmigraci\u00f3n y M\u00e1s<\/h3>\n<p>El fin de semana del D\u00eda del Trabajo se presenta como una de las oportunidades m\u00e1s esperadas para quienes desean hacer una escapada. Con la llegada de este feriado que marca el final del verano, muchos se preparan para disfrutar de un merecido descanso. Sin embargo, es crucial tener en cuenta algunos aspectos antes de salir de casa, especialmente si eres un viajero internacional o un residente que planea cruzar fronteras.<\/p>\n<p>Uno de los primeros pasos es asegurarte de que tu documentaci\u00f3n est\u00e9 en orden. La inmigraci\u00f3n puede ser un aspecto complicado al momento de viajar, as\u00ed que revisa que tu pasaporte est\u00e9 vigente y que tengas cualquier visa necesaria para tu destino. El hecho de que sea un fin de semana largo puede intensificar los procesos en los aeropuertos, as\u00ed que es recomendable llegar con tiempo suficiente para no perder tu vuelo.<\/p>\n<p>Adem\u00e1s de la documentaci\u00f3n, es fundamental informarse sobre las regulaciones de inmigraci\u00f3n que puedan estar vigentes. Algunos destinos pueden tener requisitos espec\u00edficos en funci\u00f3n del COVID-19, como pruebas de vacunaci\u00f3n o pruebas PCR. Siempre es mejor estar preparado y llevar copias digitales y f\u00edsicas de tu documentaci\u00f3n.<\/p>\n<p>Es recomendable tambi\u00e9n estar atento a las condiciones clim\u00e1ticas en tu lugar de destino. Las variaciones estacionales pueden influir en la experiencia de tu viaje, y estar preparado para el clima puede marcar la diferencia. Equiparse adecuadamente te permitir\u00e1 disfrutar de cada actividad, ya sea un paseo por la playa o una caminata por la monta\u00f1a.<\/p>\n<p>Si planeas trasladarte por carretera, considera que el tr\u00e1fico puede ser un desaf\u00edo durante este fin de semana. Las autopistas y carreteras a menudo se llenan de viajeros, as\u00ed que es aconsejable planificar tu ruta con antelaci\u00f3n, teniendo en cuenta paradas para descansar y reabastecerte. Aprovechar aplicaciones de navegaci\u00f3n y mapas en tiempo real puede ayudarte a esquivar congestionamientos inesperados.<\/p>\n<p>Otro aspecto importante a considerar es la planificaci\u00f3n de tus actividades en el destino. Muchos lugares tur\u00edsticos suelen llenarse durante el D\u00eda del Trabajo. Reservar con antelaci\u00f3n excursiones, entradas a atracciones y restaurantes puede ser la clave para disfrutar sin contratiempos. Asimismo, inf\u00f3rmate sobre las normativas locales para los visitantes, que pueden variar significativamente de un lugar a otro.<\/p>\n<p>Por \u00faltimo, al viajar, no olvides respetar las costumbres locales y ser un viajero responsable. Cada destino tiene su propia cultura y tradiciones; el respeto hacia estas es fundamental para una convivencia armoniosa. Recuerda, tu experiencia no solo se mide por lo que ves, sino tambi\u00e9n por la forma en que interact\u00faas con la comunidad.<\/p>\n<p>As\u00ed que, mientras te preparas para cargar tu maleta y hacer las maletas, lleva en mente estos consejos para que tu escapada del fin de semana del D\u00eda del Trabajo sea memorable. Con la planificaci\u00f3n adecuada, podr\u00e1s disfrutar de una deliciosa mezcla de aventura, relajaci\u00f3n y descubrimiento. \u00a1Buen viaje!<\/p>\n<p><em> &#8221; Fuentes www.telemundoutah.com &#8221; <\/em><\/p>\n","protected":false},"excerpt":{"rendered":"<p>Consejos para Viajar en Fin de Semana Largo: Inmigraci\u00f3n y M\u00e1s El fin de semana del D\u00eda del Trabajo se presenta como una de las oportunidades m\u00e1s esperadas para quienes desean hacer una escapada. Con la llegada de este feriado que marca el final del verano, muchos se preparan para disfrutar de un merecido descanso. [&hellip;]<\/p>\n","protected":false},"author":4,"featured_media":1207400,"comment_status":"open","ping_status":"closed","sticky":false,"template":"","format":"standard","meta":{"om_disable_all_campaigns":false,"jnews-multi-image_gallery":[],"jnews_single_post":[],"jnews_primary_category":[],"jnews_social_meta":[],"footnotes":""},"categories":[39],"tags":[91368,8293,296884,190052,86386,21695],"class_list":["post-1207399","post","type-post","status-publish","format-standard","has-post-thumbnail","hentry","category-viajes","tag-labor-day","tag-migracion","tag-operativos-migratorios","tag-riesgos-de-viaje","tag-telemundo-utah","tag-utah"],"_links":{"self":[{"href":"https:\/\/dimensionturistica.com\/es\/wp-json\/wp\/v2\/posts\/1207399","targetHints":{"allow":["GET"]}}],"collection":[{"href":"https:\/\/dimensionturistica.com\/es\/wp-json\/wp\/v2\/posts"}],"about":[{"href":"https:\/\/dimensionturistica.com\/es\/wp-json\/wp\/v2\/types\/post"}],"author":[{"embeddable":true,"href":"https:\/\/dimensionturistica.com\/es\/wp-json\/wp\/v2\/users\/4"}],"replies":[{"embeddable":true,"href":"https:\/\/dimensionturistica.com\/es\/wp-json\/wp\/v2\/comments?post=1207399"}],"version-history":[{"count":1,"href":"https:\/\/dimensionturistica.com\/es\/wp-json\/wp\/v2\/posts\/1207399\/revisions"}],"predecessor-version":[{"id":1207401,"href":"https:\/\/dimensionturistica.com\/es\/wp-json\/wp\/v2\/posts\/1207399\/revisions\/1207401"}],"wp:featuredmedia":[{"embeddable":true,"href":"https:\/\/dimensionturistica.com\/es\/wp-json\/wp\/v2\/media\/1207400"}],"wp:attachment":[{"href":"https:\/\/dimensionturistica.com\/es\/wp-json\/wp\/v2\/media?parent=1207399"}],"wp:term":[{"taxonomy":"category","embeddable":true,"href":"https:\/\/dimensionturistica.com\/es\/wp-json\/wp\/v2\/categories?post=1207399"},{"taxonomy":"post_tag","embeddable":true,"href":"https:\/\/dimensionturistica.com\/es\/wp-json\/wp\/v2\/tags?post=1207399"}],"curies":[{"name":"wp","href":"https:\/\/api.w.org\/{rel}","templated":true}]}}