{"id":1207357,"date":"2026-09-04T21:16:49","date_gmt":"2026-09-04T21:16:49","guid":{"rendered":"https:\/\/dimensionturistica.com\/es\/?p=1207357"},"modified":"2026-09-04T21:16:49","modified_gmt":"2026-09-04T21:16:49","slug":"se-preve-que-47-vuelos-sean-cancelados-en-las-proximas-cinco-semanas","status":"publish","type":"post","link":"https:\/\/dimensionturistica.com\/es\/se-preve-que-47-vuelos-sean-cancelados-en-las-proximas-cinco-semanas\/","title":{"rendered":"Se prev\u00e9 que 47 vuelos sean cancelados en las pr\u00f3ximas cinco semanas."},"content":{"rendered":"<h3>El Impacto de la Cancelaci\u00f3n de Viajes en la Industria Tur\u00edstica<\/h3>\n<p>La temporada de viajes est\u00e1 marcada por expectativas y planes bien trazados, pero este a\u00f1o la realidad se ha visto afectada por un profundo cambio: se pronostica que un significativo n\u00famero de viajes ser\u00e1n cancelados en las pr\u00f3ximas semanas. Este fen\u00f3meno, estimado en un 47%, representa no solo una alteraci\u00f3n en las agendas de los viajeros, sino tambi\u00e9n un desaf\u00edo considerable para la industria tur\u00edstica global.<\/p>\n<p>A medida que se acercan las festividades, la anticipaci\u00f3n de escapar hacia destinos so\u00f1ados se torna en incertidumbre. Factores como restricciones de viaje, preocupaciones sanitarias y cambios inesperados en la situaci\u00f3n econ\u00f3mica han influido en la decisi\u00f3n de los viajeros. Este panorama que, si bien es temporal, crea un efecto domin\u00f3 que alcanza desde las aerol\u00edneas hasta los servicios de alojamiento y actividades recreativas.<\/p>\n<p>La repercusi\u00f3n de estas cancelaciones se siente en todos los rincones del sector. Las aerol\u00edneas, que hab\u00eda comenzado a recuperarse del impacto inicial de la pandemia, enfrentan nuevamente el reto de reconfigurar sus vuelos y asegurar que sus operaciones se mantengan viables. Por su parte, los hoteles deben adaptarse a una demanda fluctuante, ofreciendo opciones atractivas que logren incentivar a los turistas a no cancelar sus reservas.<\/p>\n<p>Esta situaci\u00f3n tambi\u00e9n abre una puerta a la innovaci\u00f3n y a la resiliencia dentro del sector. Los destinos tur\u00edsticos han empezado a priorizar experiencias al aire libre y viajes en entornos menos concurridos, donde la seguridad y la tranquilidad del turista son la prioridad. Algunos destinos han implementado pol\u00edticas de cancelaci\u00f3n flexibles, buscando fomentar la confianza en los viajeros y animarlos a seguir adelante con sus planes, aunque sea en un formato diferente.<\/p>\n<p>A nivel del consumidor, es crucial prestar atenci\u00f3n a las opciones disponibles, as\u00ed como a los protocolos de salud y seguridad que se han establecido. Los viajeros pueden beneficiarse de hacer uso de las plataformas digitales que permiten gestionar reservas de manera m\u00e1s eficiente y consultar la evoluci\u00f3n de sus destinos so\u00f1ados. La informaci\u00f3n precisa y la capacidad de adaptarse a cambios inesperados se convierten en las mejores herramientas de los turistas en este contexto incierto.<\/p>\n<p>Aunque los pr\u00f3ximos meses pueden parecer sombr\u00edos para el turismo, este sector ha demostrado su capacidad de recuperaci\u00f3n en el pasado. La creatividad, la adaptaci\u00f3n y el deseo innato de explorar han sido las constantes que han permitido a la industria levantarse tras cada desaf\u00edo. Con un poco de paciencia, se espera que la luz al final del t\u00fanel sea un renacer del turismo, donde las experiencias se redefinan para ser m\u00e1s ricas y significativas.<\/p>\n<p>As\u00ed que, si tus planes de viaje se ven afectados, no desanimes. Considera esta pausa como una oportunidad para replantear tus destinos y necesidades. La pasi\u00f3n por viajar siempre encontrar\u00e1 su camino, y quiz\u00e1s en este periodo de reflexi\u00f3n, surjan nuevas aventuras y experiencias que logren convertir tus sue\u00f1os en realidad. El viaje contin\u00faa, aunque el mapa haya cambiado un poco.<\/p>\n<p><em> &#8221; Fuentes portalportuario.cl &#8221; <\/em><\/p>\n","protected":false},"excerpt":{"rendered":"<p>El Impacto de la Cancelaci\u00f3n de Viajes en la Industria Tur\u00edstica La temporada de viajes est\u00e1 marcada por expectativas y planes bien trazados, pero este a\u00f1o la realidad se ha visto afectada por un profundo cambio: se pronostica que un significativo n\u00famero de viajes ser\u00e1n cancelados en las pr\u00f3ximas semanas. Este fen\u00f3meno, estimado en un [&hellip;]<\/p>\n","protected":false},"author":4,"featured_media":1147479,"comment_status":"open","ping_status":"closed","sticky":false,"template":"","format":"standard","meta":{"om_disable_all_campaigns":false,"jnews-multi-image_gallery":[],"jnews_single_post":[],"jnews_primary_category":[],"jnews_social_meta":[],"footnotes":""},"categories":[39],"tags":[116133,110676,42720,113395,653,544,3478],"class_list":["post-1207357","post","type-post","status-publish","format-standard","has-post-thumbnail","hentry","category-viajes","tag-estimaciones","tag-ig","tag-inter","tag-proximas-semanas","tag-transporte","tag-turismo","tag-viajes-cancelados"],"_links":{"self":[{"href":"https:\/\/dimensionturistica.com\/es\/wp-json\/wp\/v2\/posts\/1207357","targetHints":{"allow":["GET"]}}],"collection":[{"href":"https:\/\/dimensionturistica.com\/es\/wp-json\/wp\/v2\/posts"}],"about":[{"href":"https:\/\/dimensionturistica.com\/es\/wp-json\/wp\/v2\/types\/post"}],"author":[{"embeddable":true,"href":"https:\/\/dimensionturistica.com\/es\/wp-json\/wp\/v2\/users\/4"}],"replies":[{"embeddable":true,"href":"https:\/\/dimensionturistica.com\/es\/wp-json\/wp\/v2\/comments?post=1207357"}],"version-history":[{"count":1,"href":"https:\/\/dimensionturistica.com\/es\/wp-json\/wp\/v2\/posts\/1207357\/revisions"}],"predecessor-version":[{"id":1207358,"href":"https:\/\/dimensionturistica.com\/es\/wp-json\/wp\/v2\/posts\/1207357\/revisions\/1207358"}],"wp:attachment":[{"href":"https:\/\/dimensionturistica.com\/es\/wp-json\/wp\/v2\/media?parent=1207357"}],"wp:term":[{"taxonomy":"category","embeddable":true,"href":"https:\/\/dimensionturistica.com\/es\/wp-json\/wp\/v2\/categories?post=1207357"},{"taxonomy":"post_tag","embeddable":true,"href":"https:\/\/dimensionturistica.com\/es\/wp-json\/wp\/v2\/tags?post=1207357"}],"curies":[{"name":"wp","href":"https:\/\/api.w.org\/{rel}","templated":true}]}}