{"id":1207330,"date":"2026-09-04T19:52:28","date_gmt":"2026-09-04T19:52:28","guid":{"rendered":"https:\/\/dimensionturistica.com\/es\/?p=1207330"},"modified":"2026-09-04T19:52:28","modified_gmt":"2026-09-04T19:52:28","slug":"costa-rica-impulsa-su-visibilidad-en-suramerica-con-la-llegada-de-20-agentes-de-viajes-de-seis-mercados-clave","status":"publish","type":"post","link":"https:\/\/dimensionturistica.com\/es\/costa-rica-impulsa-su-visibilidad-en-suramerica-con-la-llegada-de-20-agentes-de-viajes-de-seis-mercados-clave\/","title":{"rendered":"Costa Rica impulsa su visibilidad en Suram\u00e9rica con la llegada de 20 agentes de viajes de seis mercados clave"},"content":{"rendered":"<p><strong>Costa Rica: Un Destino que Brilla en Sudam\u00e9rica<\/strong><\/p>\n<p>Costa Rica, conocido por sus exuberantes paisajes, biodiversidad y rica cultura, se posiciona cada vez m\u00e1s como un destino de elecci\u00f3n en Sudam\u00e9rica. Recientemente, la naci\u00f3n centroamericana ha dado un paso importante hacia la consolidaci\u00f3n de su presencia en el continente al recibir a un grupo selecto de representantes de agencias de viajes provenientes de seis mercados estrat\u00e9gicos. Esta iniciativa, impulsada por Proimagen Costa Rica, refuerza el compromiso del pa\u00eds por atraer turistas y fomentar el turismo de negocios en la regi\u00f3n.<\/p>\n<p>La visita, que incluy\u00f3 a veinte expertos en viajes, fue dise\u00f1ada para mostrar la amplia oferta tur\u00edstica de Costa Rica, desde sus paradis\u00edacas playas en el Pac\u00edfico y el Caribe, hasta sus impresionantes parques nacionales que albergan una biodiversidad inigualable. Este viaje no solo es una ventana abierta a la naturaleza, sino tambi\u00e9n una invitaci\u00f3n a descubrir la calidez y hospitalidad de su gente, reflejados en la rica gastronom\u00eda y las tradiciones locales.<\/p>\n<p>Durante su estancia, los agentes de viajes tuvieron la oportunidad de explorar algunos de los destinos m\u00e1s emblem\u00e1ticos del pa\u00eds. En el Parque Nacional Manuel Antonio, se maravillaron con la vida silvestre en su h\u00e1bitat natural, mientras que en Arenal disfrutaron de las impresionantes vistas del volc\u00e1n y se dejaron seducir por las relajantes aguas termales. Estas experiencias son clave para que los agentes puedan crear itinerarios atractivos que incluyan un sabor aut\u00e9ntico de lo que Costa Rica tiene para ofrecer.<\/p>\n<p>Adem\u00e1s, la promoci\u00f3n del turismo de negocios tambi\u00e9n fue un enfoque central durante la visita. Con un ambiente estable y una infraestructura moderna, Costa Rica se ha convertido en un lugar atractivo para la celebraci\u00f3n de conferencias, reuniones y eventos corporativos. Las instalaciones de primer nivel y la oferta de actividades complementarias permiten a las empresas combinar trabajo y placer de manera efectiva.<\/p>\n<p>La interacci\u00f3n entre los agentes de viajes y los operadores tur\u00edsticos locales facilit\u00f3 el intercambio de ideas y conocimientos, lo cual es fundamental para entender las necesidades y preferencias de los turistas actuales. Este tipo de iniciativas generan conexiones valiosas que benefician no solo a los profesionales del turismo, sino tambi\u00e9n al desarrollo econ\u00f3mico y social de las comunidades costarricenses. <\/p>\n<p>Por otro lado, la estrategia de Proimagen Costa Rica busca posicionar al pa\u00eds como un l\u00edder en sostenibilidad, una caracter\u00edstica que atrae a un n\u00famero creciente de viajeros conscientes del medio ambiente. Desde pr\u00e1cticas de turismo responsable hasta la conservaci\u00f3n de los recursos naturales, Costa Rica se presenta como un modelo a seguir para otros destinos en el \u00e1mbito de la sostenibilidad.<\/p>\n<p>En resumen, la visita de estos agentes de viajes a Costa Rica es testimonio de la creciente relevancia del pa\u00eds en el escenario tur\u00edstico sudamericano. Al combinar una oferta diversificada con un fuerte compromiso hacia la sostenibilidad, Costa Rica no solo espera atraer m\u00e1s visitantes, sino tambi\u00e9n garantizar que su crecimiento tur\u00edstico beneficie a todos los sectores de la sociedad. As\u00ed que, si buscas un destino que combine aventura, relajaci\u00f3n y un compromiso genuino con el medio ambiente, Costa Rica te espera con los brazos abiertos. \u00a1Prep\u00e1rate para descubrir un para\u00edso donde la naturaleza y la cultura coexisten armoniosamente!<\/p>\n<p><em> &#8221; Sources www.periodicomensaje.com &#8221; <\/em><\/p>\n","protected":false},"excerpt":{"rendered":"<p>Costa Rica: Un Destino que Brilla en Sudam\u00e9rica Costa Rica, conocido por sus exuberantes paisajes, biodiversidad y rica cultura, se posiciona cada vez m\u00e1s como un destino de elecci\u00f3n en Sudam\u00e9rica. Recientemente, la naci\u00f3n centroamericana ha dado un paso importante hacia la consolidaci\u00f3n de su presencia en el continente al recibir a un grupo selecto [&hellip;]<\/p>\n","protected":false},"author":4,"featured_media":1207331,"comment_status":"open","ping_status":"closed","sticky":false,"template":"","format":"standard","meta":{"om_disable_all_campaigns":false,"jnews-multi-image_gallery":[],"jnews_single_post":[],"jnews_primary_category":[],"jnews_social_meta":[],"footnotes":""},"categories":[40],"tags":[1895,1081,182725,260897,7581,2153,544],"class_list":["post-1207330","post","type-post","status-publish","format-standard","has-post-thumbnail","hentry","category-industria","tag-agentes-de-viajes","tag-costa-rica","tag-mercados-estrategicos","tag-proimagen","tag-promocion","tag-suramerica","tag-turismo"],"_links":{"self":[{"href":"https:\/\/dimensionturistica.com\/es\/wp-json\/wp\/v2\/posts\/1207330","targetHints":{"allow":["GET"]}}],"collection":[{"href":"https:\/\/dimensionturistica.com\/es\/wp-json\/wp\/v2\/posts"}],"about":[{"href":"https:\/\/dimensionturistica.com\/es\/wp-json\/wp\/v2\/types\/post"}],"author":[{"embeddable":true,"href":"https:\/\/dimensionturistica.com\/es\/wp-json\/wp\/v2\/users\/4"}],"replies":[{"embeddable":true,"href":"https:\/\/dimensionturistica.com\/es\/wp-json\/wp\/v2\/comments?post=1207330"}],"version-history":[{"count":1,"href":"https:\/\/dimensionturistica.com\/es\/wp-json\/wp\/v2\/posts\/1207330\/revisions"}],"predecessor-version":[{"id":1207332,"href":"https:\/\/dimensionturistica.com\/es\/wp-json\/wp\/v2\/posts\/1207330\/revisions\/1207332"}],"wp:featuredmedia":[{"embeddable":true,"href":"https:\/\/dimensionturistica.com\/es\/wp-json\/wp\/v2\/media\/1207331"}],"wp:attachment":[{"href":"https:\/\/dimensionturistica.com\/es\/wp-json\/wp\/v2\/media?parent=1207330"}],"wp:term":[{"taxonomy":"category","embeddable":true,"href":"https:\/\/dimensionturistica.com\/es\/wp-json\/wp\/v2\/categories?post=1207330"},{"taxonomy":"post_tag","embeddable":true,"href":"https:\/\/dimensionturistica.com\/es\/wp-json\/wp\/v2\/tags?post=1207330"}],"curies":[{"name":"wp","href":"https:\/\/api.w.org\/{rel}","templated":true}]}}