{"id":1207329,"date":"2026-09-05T00:48:22","date_gmt":"2026-09-05T00:48:22","guid":{"rendered":"https:\/\/dimensionturistica.com\/es\/?p=1207329"},"modified":"2026-09-05T00:48:22","modified_gmt":"2026-09-05T00:48:22","slug":"alberto-espinosa-desigaud-asume-la-presidencia-de-icc-mexico-con-una-amplia-agenda-para-fortalecer-la-competitividad-internacional","status":"publish","type":"post","link":"https:\/\/dimensionturistica.com\/es\/alberto-espinosa-desigaud-asume-la-presidencia-de-icc-mexico-con-una-amplia-agenda-para-fortalecer-la-competitividad-internacional\/","title":{"rendered":"Alberto Espinosa Desigaud asume la presidencia de ICC M\u00e9xico con una amplia agenda para fortalecer la competitividad internacional"},"content":{"rendered":"\n<p class=\"wp-block-paragraph\">Alberto Espinosa Desigaud asumi\u00f3 la Presidencia de la International Chamber of Commerce M\u00e9xico (ICC M\u00e9xico) para el periodo 2026-2028, con el prop\u00f3sito de proyectar a la organizaci\u00f3n como \u201cla voz internacional de la empresa mexicana\u201d y transformar su conocimiento y red global en propuestas y oportunidades para elevar la competitividad del pa\u00eds.<\/p>\n\n\n\n<figure class=\"wp-block-gallery has-nested-images columns-default is-cropped wp-block-gallery-1 is-layout-flex wp-block-gallery-is-layout-flex\">\n<figure class=\"wp-block-image size-large\"><img decoding=\"async\" width=\"500\" height=\"321\" data-id=\"1207428\" src=\"https:\/\/dimensionturistica.com\/es\/wp-content\/uploads\/2026\/09\/1RENA.jpg\" alt=\"\" class=\"wp-image-1207428\" srcset=\"https:\/\/dimensionturistica.com\/es\/wp-content\/uploads\/2026\/09\/1RENA.jpg 500w, https:\/\/dimensionturistica.com\/es\/wp-content\/uploads\/2026\/09\/1RENA-300x193.jpg 300w\" sizes=\"(max-width: 500px) 100vw, 500px\" \/><\/figure>\n<\/figure>\n\n\n\n<p class=\"wp-block-paragraph\">Al rendir protesta ante la Asamblea General de Asociados, sostuvo que M\u00e9xico necesita \u201ccrecer m\u00e1s, invertir m\u00e1s y competir mejor\u201d, para lo cual consider\u00f3 indispensable recuperar la confianza y fortalecer el Estado de Derecho, la seguridad, infraestructura, energ\u00eda y talento.<\/p>\n\n\n\n<p class=\"wp-block-paragraph\">John W.H. Denton AO, secretario General de ICC, felicit\u00f3 al nuevo presidente y subray\u00f3 la relevancia del cap\u00edtulo mexicano dentro de la organizaci\u00f3n mundial.<\/p>\n\n\n\n<figure class=\"wp-block-gallery has-nested-images columns-default is-cropped wp-block-gallery-2 is-layout-flex wp-block-gallery-is-layout-flex\">\n<figure class=\"wp-block-image size-large\"><img decoding=\"async\" width=\"500\" height=\"711\" data-id=\"1207431\" src=\"https:\/\/dimensionturistica.com\/es\/wp-content\/uploads\/2026\/09\/5RENA.jpg\" alt=\"\" class=\"wp-image-1207431\" srcset=\"https:\/\/dimensionturistica.com\/es\/wp-content\/uploads\/2026\/09\/5RENA.jpg 500w, https:\/\/dimensionturistica.com\/es\/wp-content\/uploads\/2026\/09\/5RENA-211x300.jpg 211w\" sizes=\"(max-width: 500px) 100vw, 500px\" \/><\/figure>\n<\/figure>\n\n\n\n<p class=\"wp-block-paragraph\">\u201cICC M\u00e9xico desempe\u00f1a un papel fundamental para asegurar que la voz del sector empresarial mexicano contribuya a dar forma a los debates internacionales sobre comercio, inversi\u00f3n y crecimiento sostenible. Espero trabajar estrechamente con Alberto para seguir fortaleciendo el impacto de ICC en M\u00e9xico y en las Am\u00e9ricas\u201d, afirm\u00f3.<\/p>\n\n\n\n<p class=\"wp-block-paragraph\">Agenda para los primeros 100 d\u00edas Espinosa Desigaud anunci\u00f3 que una de sus primeras acciones ser\u00e1 impulsar una Agenda para la Competitividad Internacional de M\u00e9xico, convocando a empresarios, especialistas, acad\u00e9micos y las comisiones de ICC M\u00e9xico para identificar obst\u00e1culos a la inversi\u00f3n y formular propuestas concretas.<\/p>\n\n\n\n<figure class=\"wp-block-gallery has-nested-images columns-default is-cropped wp-block-gallery-3 is-layout-flex wp-block-gallery-is-layout-flex\">\n<figure class=\"wp-block-image size-large\"><img decoding=\"async\" width=\"500\" height=\"375\" data-id=\"1207432\" src=\"https:\/\/dimensionturistica.com\/es\/wp-content\/uploads\/2026\/09\/6RENA.jpg\" alt=\"\" class=\"wp-image-1207432\" srcset=\"https:\/\/dimensionturistica.com\/es\/wp-content\/uploads\/2026\/09\/6RENA.jpg 500w, https:\/\/dimensionturistica.com\/es\/wp-content\/uploads\/2026\/09\/6RENA-300x225.jpg 300w\" sizes=\"(max-width: 500px) 100vw, 500px\" \/><\/figure>\n<\/figure>\n\n\n\n<p class=\"wp-block-paragraph\">La agenda abordar\u00e1 Estado de Derecho, seguridad, energ\u00eda, infraestructura, facilitaci\u00f3n del comercio, digitalizaci\u00f3n, sostenibilidad, inteligencia artificial, financiamiento y desarrollo de talento, aprovechando adem\u00e1s la red internacional de ICC para acercar mejores pr\u00e1cticas mundiales a las empresas mexicanas.<\/p>\n\n\n\n<p class=\"wp-block-paragraph\">Frente a la revisi\u00f3n del T-MEC, consider\u00f3 fundamental defender y fortalecer la integraci\u00f3n econ\u00f3mica con Estados Unidos y Canad\u00e1, pero plante\u00f3 tambi\u00e9n ampliar la visi\u00f3n internacional de M\u00e9xico hacia Europa, Asia, Corea, Jap\u00f3n, India, China, Am\u00e9rica Latina y Medio Oriente.<\/p>\n\n\n\n<figure class=\"wp-block-gallery has-nested-images columns-default is-cropped wp-block-gallery-4 is-layout-flex wp-block-gallery-is-layout-flex\">\n<figure class=\"wp-block-image size-large\"><img decoding=\"async\" width=\"500\" height=\"344\" data-id=\"1207435\" src=\"https:\/\/dimensionturistica.com\/es\/wp-content\/uploads\/2026\/09\/9RENA.jpg\" alt=\"\" class=\"wp-image-1207435\" srcset=\"https:\/\/dimensionturistica.com\/es\/wp-content\/uploads\/2026\/09\/9RENA.jpg 500w, https:\/\/dimensionturistica.com\/es\/wp-content\/uploads\/2026\/09\/9RENA-300x206.jpg 300w\" sizes=\"(max-width: 500px) 100vw, 500px\" \/><\/figure>\n<\/figure>\n\n\n\n<p class=\"wp-block-paragraph\">\u201cLos acuerdos comerciales no pueden quedarse en documentos. Debemos convertirlos en<\/p>\n\n\n\n<p class=\"wp-block-paragraph\">exportaciones, inversiones, empresas internacionalizadas, empleos, tecnolog\u00eda y prosperida<\/p>\n\n\n\n<p class=\"wp-block-paragraph\">compartida\u201d, se\u00f1al\u00f3.<\/p>\n\n\n\n<p class=\"wp-block-paragraph\">El cierre de una etapa Espinosa Desigaud sucede a Claus von Wobeser, quien concluye seis a\u00f1os al frente de ICC M\u00e9xico Y entrega una organizaci\u00f3n financieramente s\u00f3lida, on membres\u00eda consolidada, comisiones activas, mayor presencia p\u00fablica y representaci\u00f3n mexicana en los foros internacionales de ICC.<\/p>\n\n\n\n<figure class=\"wp-block-gallery has-nested-images columns-default is-cropped wp-block-gallery-5 is-layout-flex wp-block-gallery-is-layout-flex\">\n<figure class=\"wp-block-image size-large\"><img decoding=\"async\" width=\"500\" height=\"366\" data-id=\"1207434\" src=\"https:\/\/dimensionturistica.com\/es\/wp-content\/uploads\/2026\/09\/2RENA.jpg\" alt=\"\" class=\"wp-image-1207434\" srcset=\"https:\/\/dimensionturistica.com\/es\/wp-content\/uploads\/2026\/09\/2RENA.jpg 500w, https:\/\/dimensionturistica.com\/es\/wp-content\/uploads\/2026\/09\/2RENA-300x220.jpg 300w\" sizes=\"(max-width: 500px) 100vw, 500px\" \/><\/figure>\n<\/figure>\n\n\n\n<p class=\"wp-block-paragraph\">Su gesti\u00f3n coincidi\u00f3 con una de las etapas m\u00e1s complejas para la econom\u00eda y el comercio mundial: inici\u00f3 con la pandemia y la ruptura de cadenas de suministro y atraves\u00f3 conflictos geopol\u00edticos, fen\u00f3menos clim\u00e1ticos extremos, incrementos en costos log\u00edsticos y energ\u00e9ticos, fragmentaci\u00f3n del comercio internacional y un resurgimiento del proteccionismo.<\/p>\n\n\n\n<p class=\"wp-block-paragraph\">En ese entorno, ICC M\u00e9xico fortaleci\u00f3 su presencia p\u00fablica e internacional y mantuvo entre sus ejes la defensa del Estado de Derecho, la certeza jur\u00eddica, la inversi\u00f3n, el comercio y la<\/p>\n\n\n\n<p class=\"wp-block-paragraph\">competitividad.<\/p>\n\n\n\n<p class=\"wp-block-paragraph\">80 a\u00f1os construyendo puentes Durante la Asamblea, Espinosa Desigaud, von Wobeser y Denton presentaron tambi\u00e9n a la Asamblea de Socios \u201cOcho d\u00e9cadas al servicio del comercio internacional\u201d, libro conmemorativo que recupera los 80 a\u00f1os de historia de ICC M\u00e9xico y su contribuci\u00f3n t\u00e9cnica al desarrollo del comercio internacional del pa\u00eds.<\/p>\n\n\n\n<figure class=\"wp-block-gallery has-nested-images columns-default is-cropped wp-block-gallery-6 is-layout-flex wp-block-gallery-is-layout-flex\">\n<figure class=\"wp-block-image size-large\"><img decoding=\"async\" width=\"500\" height=\"375\" data-id=\"1207433\" src=\"https:\/\/dimensionturistica.com\/es\/wp-content\/uploads\/2026\/09\/7RENA.jpg\" alt=\"\" class=\"wp-image-1207433\" srcset=\"https:\/\/dimensionturistica.com\/es\/wp-content\/uploads\/2026\/09\/7RENA.jpg 500w, https:\/\/dimensionturistica.com\/es\/wp-content\/uploads\/2026\/09\/7RENA-300x225.jpg 300w\" sizes=\"(max-width: 500px) 100vw, 500px\" \/><\/figure>\n<\/figure>\n\n\n\n<p class=\"wp-block-paragraph\">El aniversario coincide as\u00ed con un relevo generacional en la conducci\u00f3n de la organizaci\u00f3n: el cierre de una Presidencia marcada por profundas transformaciones globales y el comienzo de una nueva etapa enfocada en competitividad, innovaci\u00f3n e inserci\u00f3n internacional.<\/p>\n\n\n\n<p class=\"wp-block-paragraph\">Espinosa Desigaud, empresario con m\u00e1s de cuatro d\u00e9cadas de trayectoria en los sectores asegurador, financiero, inmobiliario y empresarial, y vinculado a ICC M\u00e9xico desde 2012 como vicepresidente e integrante de su Consejo Directivo y Comisi\u00f3n Ejecutiva, retom\u00f3 al asumir el&nbsp; legado de los fundadores de ICC, los llamados \u201cMercaderes de la Paz\u201d.<\/p>\n\n\n\n<p class=\"wp-block-paragraph\">\u201cHaremos o\u00ed<\/p>\n","protected":false},"excerpt":{"rendered":"<p>Alberto Espinosa Desigaud asumi\u00f3 la Presidencia de la International Chamber of Commerce M\u00e9xico (ICC M\u00e9xico) para el periodo 2026-2028, con el prop\u00f3sito de proyectar a la organizaci\u00f3n como \u201cla voz internacional de la empresa mexicana\u201d y transformar su conocimiento y red global en propuestas y oportunidades para elevar la competitividad del pa\u00eds. Al rendir protesta [&hellip;]<\/p>\n","protected":false},"author":1,"featured_media":1207436,"comment_status":"open","ping_status":"closed","sticky":false,"template":"","format":"standard","meta":{"om_disable_all_campaigns":false,"jnews-multi-image_gallery":[],"jnews_single_post":[],"jnews_primary_category":[],"jnews_social_meta":[],"footnotes":""},"categories":[144872],"tags":[],"class_list":["post-1207329","post","type-post","status-publish","format-standard","has-post-thumbnail","hentry","category-fashion"],"_links":{"self":[{"href":"https:\/\/dimensionturistica.com\/es\/wp-json\/wp\/v2\/posts\/1207329","targetHints":{"allow":["GET"]}}],"collection":[{"href":"https:\/\/dimensionturistica.com\/es\/wp-json\/wp\/v2\/posts"}],"about":[{"href":"https:\/\/dimensionturistica.com\/es\/wp-json\/wp\/v2\/types\/post"}],"author":[{"embeddable":true,"href":"https:\/\/dimensionturistica.com\/es\/wp-json\/wp\/v2\/users\/1"}],"replies":[{"embeddable":true,"href":"https:\/\/dimensionturistica.com\/es\/wp-json\/wp\/v2\/comments?post=1207329"}],"version-history":[{"count":1,"href":"https:\/\/dimensionturistica.com\/es\/wp-json\/wp\/v2\/posts\/1207329\/revisions"}],"predecessor-version":[{"id":1207437,"href":"https:\/\/dimensionturistica.com\/es\/wp-json\/wp\/v2\/posts\/1207329\/revisions\/1207437"}],"wp:featuredmedia":[{"embeddable":true,"href":"https:\/\/dimensionturistica.com\/es\/wp-json\/wp\/v2\/media\/1207436"}],"wp:attachment":[{"href":"https:\/\/dimensionturistica.com\/es\/wp-json\/wp\/v2\/media?parent=1207329"}],"wp:term":[{"taxonomy":"category","embeddable":true,"href":"https:\/\/dimensionturistica.com\/es\/wp-json\/wp\/v2\/categories?post=1207329"},{"taxonomy":"post_tag","embeddable":true,"href":"https:\/\/dimensionturistica.com\/es\/wp-json\/wp\/v2\/tags?post=1207329"}],"curies":[{"name":"wp","href":"https:\/\/api.w.org\/{rel}","templated":true}]}}