{"id":1207286,"date":"2026-09-04T17:45:25","date_gmt":"2026-09-04T17:45:25","guid":{"rendered":"https:\/\/dimensionturistica.com\/es\/?p=1207286"},"modified":"2026-09-04T17:45:25","modified_gmt":"2026-09-04T17:45:25","slug":"la-boda-romantica-de-finneas-y-claudia-sulewski-en-su-jardin-de-montecito","status":"publish","type":"post","link":"https:\/\/dimensionturistica.com\/es\/la-boda-romantica-de-finneas-y-claudia-sulewski-en-su-jardin-de-montecito\/","title":{"rendered":"La Boda Rom\u00e1ntica de Finneas y Claudia Sulewski en su Jard\u00edn de Montecito"},"content":{"rendered":"<p><strong>Un V\u00ednculo de Estilo: La Boda de Finneas y Claudia Sulewski<\/strong><\/p>\n<p>En un resplandeciente d\u00eda que promet\u00eda amor y elegancia, Finneas O\u2019Connell, conocido como Finneas, y la influyente creadora de contenido Claudia Sulewski, dieron un paso monumental en su relaci\u00f3n al celebrar su boda. Este evento no solo marc\u00f3 la uni\u00f3n de dos almas, sino que tambi\u00e9n se convirti\u00f3 en un espect\u00e1culo visual repleto de moda y estilo que no pas\u00f3 desapercibido.<\/p>\n<p>La ceremonia se llev\u00f3 a cabo en un pintoresco entorno que evocaba un cuento de hadas moderno. La elecci\u00f3n del lugar fue un acierto, ya que combinaba escenograf\u00eda natural con una est\u00e9tica sofisticada. Elementos de florister\u00eda cuidadosamente seleccionados complementaron la ambientaci\u00f3n, creando un tel\u00f3n de fondo encantador que hizo brillar a\u00fan m\u00e1s a los protagonistas.<\/p>\n<p>Finneas, conocido por su distintivo estilo, opt\u00f3 por un traje cl\u00e1sico que reflejaba tanto su personalidad como su atenci\u00f3n a los detalles. Con cortes impecables y un toque contempor\u00e1neo, demostr\u00f3 que la moda masculina puede ser sin\u00f3nimo de innovaci\u00f3n y elegancia. Su elecci\u00f3n de accesorios, que inclu\u00eda un sutil sombrero de ala ancha y calzado de dise\u00f1o, elev\u00f3 su look, destacando su estatus como \u00edcono de estilo.<\/p>\n<p>Por su parte, Claudia Sulewski deslumbr\u00f3 con un vestido que trascend\u00eda lo convencional. Con una silueta que abrazaba su figura de manera magistral, la prenda fusionaba elementos de alta costura con un toque rom\u00e1ntico. Decoraciones et\u00e9reas y un sencillo velo completaron un look que captur\u00f3 la esencia de la moda nupcial contempor\u00e1nea. El resultado fue una est\u00e9tica que reflejaba la personalidad din\u00e1mica de Claudia: elegante, audaz y segura.<\/p>\n<p>Las redes sociales se inundaron de im\u00e1genes del evento, que r\u00e1pidamente capturaron la atenci\u00f3n de fan\u00e1ticos y amantes de la moda. Las reacciones no se hicieron esperar, y la relaci\u00f3n entre la m\u00fasica, la moda y el amor se convirti\u00f3 en tendencia. El sentido del estilo de ambas figuras gener\u00f3 un buzz que reson\u00f3 en plataformas digitales, donde innumerables seguidores compartieron sus looks favoritos y comentaron sobre el impacto est\u00e9tico de la celebraci\u00f3n.<\/p>\n<p>Adem\u00e1s del enfoque en la moda, la boda de Finneas y Claudia destac\u00f3 por su autenticidad. La pareja, conocida por su fuerte conexi\u00f3n y sentido del humor, llev\u00f3 a cabo una ceremonia \u00edntima que reflej\u00f3 su historia y sus valores. Este gui\u00f1o a la simplicidad y la sinceridad en un mundo donde a menudo prima la ostentaci\u00f3n reson\u00f3 profundamente, mostrando que la verdadera belleza radica en la autenticidad.<\/p>\n<p>Mientras tanto, la recepci\u00f3n no se qued\u00f3 atr\u00e1s. La decoraci\u00f3n evocaba un ambiente festivo con toques chic, donde amigos y familiares compartieron risas y momentos memorables. Las celebridades, presentes en el evento, tambi\u00e9n aportaron su estilo propio, convirtiendo la velada en un aut\u00e9ntico desfile de moda.<\/p>\n<p>La boda de Finneas y Claudia Sulewski, m\u00e1s que un mero evento, se convirti\u00f3 en un manifiesto de estilo y amor contempor\u00e1neo. Con cada detalle bien pensado y elecci\u00f3n consciente, la pareja no solo celebr\u00f3 su uni\u00f3n, sino que tambi\u00e9n dej\u00f3 una huella permanente en el mundo de la moda y las relaciones. En un universo donde lo ef\u00edmero a menudo triunfa, su boda es una fuerte declaraci\u00f3n de que la moda puede ser una manifestaci\u00f3n de la autenticidad, convirtiendo cada celebraci\u00f3n en algo verdaderamente timeless.<\/p>\n<p><em> &#8221; Fuentes www.vogue.com &#8221; <\/em><\/p>\n","protected":false},"excerpt":{"rendered":"<p>Un V\u00ednculo de Estilo: La Boda de Finneas y Claudia Sulewski En un resplandeciente d\u00eda que promet\u00eda amor y elegancia, Finneas O\u2019Connell, conocido como Finneas, y la influyente creadora de contenido Claudia Sulewski, dieron un paso monumental en su relaci\u00f3n al celebrar su boda. Este evento no solo marc\u00f3 la uni\u00f3n de dos almas, sino [&hellip;]<\/p>\n","protected":false},"author":14,"featured_media":1207287,"comment_status":"open","ping_status":"closed","sticky":false,"template":"","format":"standard","meta":{"om_disable_all_campaigns":false,"jnews-multi-image_gallery":[],"jnews_single_post":[],"jnews_primary_category":[],"jnews_social_meta":[],"footnotes":""},"categories":[144872],"tags":[184626,202892,296091,139268,196092,296092,221224,10159,216698,10160,18838,202894],"class_list":["post-1207286","post","type-post","status-publish","format-standard","has-post-thumbnail","hentry","category-fashion","tag-celebrity-couple","tag-celebrity-weddings","tag-claudia-sulewski","tag-decor","tag-event-planning","tag-finneas","tag-garden-wedding","tag-love","tag-montecito","tag-romance","tag-wedding","tag-wedding-inspiration"],"_links":{"self":[{"href":"https:\/\/dimensionturistica.com\/es\/wp-json\/wp\/v2\/posts\/1207286","targetHints":{"allow":["GET"]}}],"collection":[{"href":"https:\/\/dimensionturistica.com\/es\/wp-json\/wp\/v2\/posts"}],"about":[{"href":"https:\/\/dimensionturistica.com\/es\/wp-json\/wp\/v2\/types\/post"}],"author":[{"embeddable":true,"href":"https:\/\/dimensionturistica.com\/es\/wp-json\/wp\/v2\/users\/14"}],"replies":[{"embeddable":true,"href":"https:\/\/dimensionturistica.com\/es\/wp-json\/wp\/v2\/comments?post=1207286"}],"version-history":[{"count":1,"href":"https:\/\/dimensionturistica.com\/es\/wp-json\/wp\/v2\/posts\/1207286\/revisions"}],"predecessor-version":[{"id":1207288,"href":"https:\/\/dimensionturistica.com\/es\/wp-json\/wp\/v2\/posts\/1207286\/revisions\/1207288"}],"wp:featuredmedia":[{"embeddable":true,"href":"https:\/\/dimensionturistica.com\/es\/wp-json\/wp\/v2\/media\/1207287"}],"wp:attachment":[{"href":"https:\/\/dimensionturistica.com\/es\/wp-json\/wp\/v2\/media?parent=1207286"}],"wp:term":[{"taxonomy":"category","embeddable":true,"href":"https:\/\/dimensionturistica.com\/es\/wp-json\/wp\/v2\/categories?post=1207286"},{"taxonomy":"post_tag","embeddable":true,"href":"https:\/\/dimensionturistica.com\/es\/wp-json\/wp\/v2\/tags?post=1207286"}],"curies":[{"name":"wp","href":"https:\/\/api.w.org\/{rel}","templated":true}]}}