{"id":1207277,"date":"2026-09-04T17:14:12","date_gmt":"2026-09-04T17:14:12","guid":{"rendered":"https:\/\/dimensionturistica.com\/es\/?p=1207277"},"modified":"2026-09-04T17:14:12","modified_gmt":"2026-09-04T17:14:12","slug":"unav-se-une-a-gebta-desafia-el-reciente-concurso-estatal-de-viajes-y-presenta-un-recurso","status":"publish","type":"post","link":"https:\/\/dimensionturistica.com\/es\/unav-se-une-a-gebta-desafia-el-reciente-concurso-estatal-de-viajes-y-presenta-un-recurso\/","title":{"rendered":"UNAV se une a GEBTA: desaf\u00eda el reciente concurso estatal de viajes y presenta un recurso"},"content":{"rendered":"<h3>Nuevos Desaf\u00edos en el Turismo Estatal: Un Viento de Cambio<\/h3>\n<p>El sector tur\u00edstico ha sido uno de los m\u00e1s golpeados por la pandemia, pero tambi\u00e9n uno de los que ha presentado una notable capacidad de resiliencia y adaptaci\u00f3n. En este contexto, surgen nuevas controversias y debates que ponen de relieve la necesidad de un replanteamiento de las estrategias y pol\u00edticas relacionadas con los viajes del Estado. Recientemente, una universidad ha tomado la decisi\u00f3n de unirse a un grupo influyente que cuestiona el nuevo concurso de viajes organizado por las administraciones p\u00fablicas, lo que ha abierto un espacio de discusi\u00f3n sobre la transparencia y la eficiencia en el uso de los recursos p\u00fablicos.<\/p>\n<p>La decisi\u00f3n de la universidad de unirse a este grupo se basa en preocupaciones sobre la gesti\u00f3n de los viajes oficiales, que son financiados con dinero de los contribuyentes. Al respecto, se argumenta que el nuevo concurso no s\u00f3lo carece de claridad en sus condiciones, sino que tambi\u00e9n podr\u00eda poner en riesgo la calidad de los servicios contratados. Esta situaci\u00f3n ha generado una ola de incertidumbre entre los proveedores de servicios tur\u00edsticos, que ven en este movimiento una oportunidad para abogar por pol\u00edticas m\u00e1s justas y equilibradas.<\/p>\n<p>En un mundo donde la sostenibilidad y la responsabilidad social son aspectos cada vez m\u00e1s valorados por los viajeros, el enfoque en la gesti\u00f3n de los viajes del Estado deber\u00eda reflejar estas premisas. El creciente cuestionamiento de las pol\u00edticas actuales puede interpretarse como un llamado a garantizar que el dinero p\u00fablico se utilice de manera eficiente y que las decisiones tomadas est\u00e9n alineadas con las mejores pr\u00e1cticas del sector.<\/p>\n<p>La uni\u00f3n de agentes acad\u00e9micos y profesionales del turismo en este contexto es un claro indicador de que hay un deseo colectivo por mejorar y modernizar el sector. La colaboraci\u00f3n entre universidades y empresas puede no solo enriquecer la discusi\u00f3n, sino tambi\u00e9n contribuir a la formulaci\u00f3n de propuestas concretas que optimicen los procesos de contrataci\u00f3n y gesti\u00f3n de viajes institucionales.<\/p>\n<p>Este desaf\u00edo no es exclusivo de un solo pa\u00eds, dado que muchas naciones enfrentan cr\u00edticas similares en la forma en que manejan sus pol\u00edticas de viajes oficiales. Sin embargo, la capacidad de generar un di\u00e1logo constructivo y de involucrar a diversas partes interesadas es fundamental para encontrar soluciones innovadoras que beneficien tanto a las instituciones p\u00fablicas como al sector tur\u00edstico.<\/p>\n<p>A medida que el turismo sigue evolucionando en respuesta a los cambios globales, es crucial que cada decisi\u00f3n se tome con un enfoque en la sostenibilidad y la \u00e9tica. La presi\u00f3n para que los gobiernos adopten un enfoque m\u00e1s transparente y responsable en la gesti\u00f3n de sus recursos es un paso necesario hacia la reconstrucci\u00f3n de la confianza en el sector. <\/p>\n<p>Los pr\u00f3ximos meses ser\u00e1n fundamentales para observar c\u00f3mo se desarrollan estas discusiones y si se implementan cambios significativos que beneficien la relaci\u00f3n entre el Estado y el turismo. Una reforma que contemple la eficiente utilizaci\u00f3n de los recursos p\u00fablicos no solo es deseable, sino necesaria, en la b\u00fasqueda de un futuro m\u00e1s prometedor y sostenible para el turismo estatal. <\/p>\n<p>El camino por delante es a\u00fan incierto, pero la participaci\u00f3n activa de la comunidad acad\u00e9mica y la industria puede ser la clave para forjar un nuevo modelo que abogue por la transparencia, la calidad y el respeto por el patrimonio p\u00fablico, marcando el inicio de una nueva era en el turismo estatal.<\/p>\n<p><em> &#8221; Sources www.hosteltur.com &#8221; <\/em><\/p>\n","protected":false},"excerpt":{"rendered":"<p>Nuevos Desaf\u00edos en el Turismo Estatal: Un Viento de Cambio El sector tur\u00edstico ha sido uno de los m\u00e1s golpeados por la pandemia, pero tambi\u00e9n uno de los que ha presentado una notable capacidad de resiliencia y adaptaci\u00f3n. En este contexto, surgen nuevas controversias y debates que ponen de relieve la necesidad de un replanteamiento [&hellip;]<\/p>\n","protected":false},"author":4,"featured_media":1207278,"comment_status":"open","ping_status":"closed","sticky":false,"template":"","format":"standard","meta":{"om_disable_all_campaigns":false,"jnews-multi-image_gallery":[],"jnews_single_post":[],"jnews_primary_category":[],"jnews_social_meta":[],"footnotes":""},"categories":[40],"tags":[296823,569,1896,173992,111095,572,1120,5409,2074,70709,257704,544,4029,545],"class_list":["post-1207277","post","type-post","status-publish","format-standard","has-post-thumbnail","hentry","category-industria","tag-administracion-central","tag-agencias-de-viajes","tag-cesar-gutierrez","tag-concurso-de-viajes","tag-cuestionamiento","tag-distribucion","tag-estado","tag-gebta","tag-gebta-espana","tag-politica-de-viajes","tag-recurso-judicial","tag-turismo","tag-unav","tag-viajes"],"_links":{"self":[{"href":"https:\/\/dimensionturistica.com\/es\/wp-json\/wp\/v2\/posts\/1207277","targetHints":{"allow":["GET"]}}],"collection":[{"href":"https:\/\/dimensionturistica.com\/es\/wp-json\/wp\/v2\/posts"}],"about":[{"href":"https:\/\/dimensionturistica.com\/es\/wp-json\/wp\/v2\/types\/post"}],"author":[{"embeddable":true,"href":"https:\/\/dimensionturistica.com\/es\/wp-json\/wp\/v2\/users\/4"}],"replies":[{"embeddable":true,"href":"https:\/\/dimensionturistica.com\/es\/wp-json\/wp\/v2\/comments?post=1207277"}],"version-history":[{"count":1,"href":"https:\/\/dimensionturistica.com\/es\/wp-json\/wp\/v2\/posts\/1207277\/revisions"}],"predecessor-version":[{"id":1207279,"href":"https:\/\/dimensionturistica.com\/es\/wp-json\/wp\/v2\/posts\/1207277\/revisions\/1207279"}],"wp:featuredmedia":[{"embeddable":true,"href":"https:\/\/dimensionturistica.com\/es\/wp-json\/wp\/v2\/media\/1207278"}],"wp:attachment":[{"href":"https:\/\/dimensionturistica.com\/es\/wp-json\/wp\/v2\/media?parent=1207277"}],"wp:term":[{"taxonomy":"category","embeddable":true,"href":"https:\/\/dimensionturistica.com\/es\/wp-json\/wp\/v2\/categories?post=1207277"},{"taxonomy":"post_tag","embeddable":true,"href":"https:\/\/dimensionturistica.com\/es\/wp-json\/wp\/v2\/tags?post=1207277"}],"curies":[{"name":"wp","href":"https:\/\/api.w.org\/{rel}","templated":true}]}}