{"id":1207220,"date":"2026-09-04T14:53:52","date_gmt":"2026-09-04T14:53:52","guid":{"rendered":"https:\/\/dimensionturistica.com\/es\/?p=1207220"},"modified":"2026-09-04T14:53:52","modified_gmt":"2026-09-04T14:53:52","slug":"fundacion-ado-y-fundacion-por-mexico-abren-nuevas-oportunidades-de-formacion-y-empleabilidad-en-coatzacoalcos","status":"publish","type":"post","link":"https:\/\/dimensionturistica.com\/es\/fundacion-ado-y-fundacion-por-mexico-abren-nuevas-oportunidades-de-formacion-y-empleabilidad-en-coatzacoalcos\/","title":{"rendered":"FUNDACI\u00d3N ADO y Fundaci\u00f3n Por M\u00e9xico abren nuevas oportunidades de formaci\u00f3n y empleabilidad en Coatzacoalcos"},"content":{"rendered":"\n<p class=\"wp-block-paragraph\">FUNDACI\u00d3N ADO y Fundaci\u00f3n Por M\u00e9xico pondr\u00e1n en marcha el Aula ADO Por M\u00e9xico\u00ae en Coatzacoalcos, Veracruz, una iniciativa que suma capacidades para acercar oportunidades de educaci\u00f3n, capacitaci\u00f3n y certificaci\u00f3n a la poblaci\u00f3n de la regi\u00f3n. A trav\u00e9s de este espacio, las personas podr\u00e1n acceder de manera gratuita a herramientas para fortalecer sus conocimientos, desarrollar nuevas competencias y ampliar sus posibilidades de incorporaci\u00f3n al mercado laboral formal.<\/p>\n\n\n\n<p class=\"wp-block-paragraph\">Con una poblaci\u00f3n de m\u00e1s de 310 mil habitantes y una actividad econ\u00f3mica estrechamente vinculada con el sector petroqu\u00edmico, Coatzacoalcos representa una regi\u00f3n con importantes oportunidades de desarrollo, pero tambi\u00e9n con retos en materia educativa y laboral. En este contexto, el Aula ADO Por M\u00e9xico\u00ae busca acercar alternativas de formaci\u00f3n alineadas con las necesidades productivas de la zona y facilitar el v\u00ednculo entre las capacidades de las personas y las oportunidades que ofrece el mercado laboral.<\/p>\n\n\n\n<p class=\"wp-block-paragraph\">A trav\u00e9s del Modelo Aula Por M\u00e9xico\u00ae, ni\u00f1as, ni\u00f1os, j\u00f3venes, personas con discapacidad y, particularmente, madres solteras y jefas de familia podr\u00e1n acceder al Cat\u00e1logo de Becas y Programas de Fundaci\u00f3n Por M\u00e9xico, que re\u00fane m\u00e1s de 600 alternativas de formaci\u00f3n con beca del 100%.<\/p>\n\n\n\n<figure class=\"wp-block-gallery has-nested-images columns-default is-cropped wp-block-gallery-1 is-layout-flex wp-block-gallery-is-layout-flex\">\n<figure class=\"wp-block-image size-large\"><img decoding=\"async\" width=\"500\" height=\"239\" data-id=\"1207221\" src=\"https:\/\/dimensionturistica.com\/es\/wp-content\/uploads\/2026\/09\/4ADO.jpg\" alt=\"\" class=\"wp-image-1207221\" srcset=\"https:\/\/dimensionturistica.com\/es\/wp-content\/uploads\/2026\/09\/4ADO.jpg 500w, https:\/\/dimensionturistica.com\/es\/wp-content\/uploads\/2026\/09\/4ADO-300x143.jpg 300w\" sizes=\"(max-width: 500px) 100vw, 500px\" \/><\/figure>\n<\/figure>\n\n\n\n<p class=\"wp-block-paragraph\">La oferta incluye programas de alfabetizaci\u00f3n, certificaci\u00f3n de educaci\u00f3n b\u00e1sica mediante el INEA \u2014primaria y secundaria\u2014 y opciones para continuar con la educaci\u00f3n media superior, como Bachillerato CONALEP, Prepa Abierta SEP, Prepa en L\u00ednea SEP y PREP@NET del Tecnol\u00f3gico de Monterrey.<\/p>\n\n\n\n<p class=\"wp-block-paragraph\">El Aula tambi\u00e9n ofrecer\u00e1 m\u00e1s de 280 programas de habilidades digitales con certificaci\u00f3n, desarrollados con aliados como Cisco, Microsoft, Google, Code, Anton y Accenture. A ello se suman alternativas para el aprendizaje del idioma ingl\u00e9s y la posibilidad de certificar Est\u00e1ndares de Competencia Laboral, de acuerdo con la vocaci\u00f3n econ\u00f3mica de la regi\u00f3n.<\/p>\n\n\n\n<p class=\"wp-block-paragraph\">Como parte de este modelo, la oferta se complementar\u00e1 con una bolsa de trabajo integrada por empresas de la zona, con el prop\u00f3sito de facilitar la vinculaci\u00f3n de las y los beneficiarios con el sector productivo y favorecer su incorporaci\u00f3n a empleos dignos y formales.<\/p>\n\n\n\n<p class=\"wp-block-paragraph\">Para FUNDACI\u00d3N ADO, brazo social de MOBILITY ADO, esta iniciativa representa una oportunidad para contribuir al desarrollo de capacidades y a la generaci\u00f3n de oportunidades que favorezcan el bienestar de las comunidades donde tiene presencia. En alianza con Fundaci\u00f3n Por M\u00e9xico, busca que el acceso a la educaci\u00f3n y a la capacitaci\u00f3n se traduzca en herramientas concretas para fortalecer la autonom\u00eda de las personas y su participaci\u00f3n en el desarrollo econ\u00f3mico y social de su entorno.<\/p>\n\n\n\n<p class=\"wp-block-paragraph\">Uno de los ejes prioritarios ser\u00e1 el impulso a las mujeres, particularmente a madres solteras y jefas de familia, mediante procesos de capacitaci\u00f3n que tomen en cuenta sus contextos familiares, laborales y sociales. El objetivo es fortalecer su autonom\u00eda, participaci\u00f3n y liderazgo, as\u00ed como sus capacidades para contribuir al desarrollo econ\u00f3mico de sus familias y comunidades.<\/p>\n\n\n\n<p class=\"wp-block-paragraph\">La iniciativa contribuye, adem\u00e1s, al cumplimiento de 10 de los 17 Objetivos de Desarrollo Sostenible (ODS) de la Agenda 2030 de las Naciones Unidas.<\/p>\n\n\n\n<figure class=\"wp-block-gallery has-nested-images columns-default is-cropped wp-block-gallery-2 is-layout-flex wp-block-gallery-is-layout-flex\">\n<figure class=\"wp-block-image size-large\"><img decoding=\"async\" width=\"500\" height=\"375\" data-id=\"1207222\" src=\"https:\/\/dimensionturistica.com\/es\/wp-content\/uploads\/2026\/09\/2ADO.jpg\" alt=\"\" class=\"wp-image-1207222\" srcset=\"https:\/\/dimensionturistica.com\/es\/wp-content\/uploads\/2026\/09\/2ADO.jpg 500w, https:\/\/dimensionturistica.com\/es\/wp-content\/uploads\/2026\/09\/2ADO-300x225.jpg 300w\" sizes=\"(max-width: 500px) 100vw, 500px\" \/><\/figure>\n<\/figure>\n\n\n\n<p class=\"wp-block-paragraph\">\u201cEl lanzamiento de Aula ADO Por M\u00e9xico\u00ae en Coatzacoalcos representa un paso importante para la zona sur de M\u00e9xico. Con Fundaci\u00f3n ADO queremos que esta Aula conecte la educaci\u00f3n y la certificaci\u00f3n con la realidad econ\u00f3mica de la regi\u00f3n, para que m\u00e1s personas cuenten con herramientas que les permitan desarrollar sus capacidades y construir mejores oportunidades para ellas, sus familias y su comunidad\u201d, se\u00f1al\u00f3 Karla Mawcinitt, presidenta de Fundaci\u00f3n Por M\u00e9xico.<\/p>\n\n\n\n<p class=\"wp-block-paragraph\">\u201cEn FUNDACI\u00d3N ADO creemos que generar oportunidades tambi\u00e9n significa acercar herramientas para que las personas puedan construir sus propios caminos de desarrollo. A trav\u00e9s de esta alianza con Fundaci\u00f3n Por M\u00e9xico, buscamos contribuir a que m\u00e1s personas en Coatzacoalcos tengan acceso a educaci\u00f3n, capacitaci\u00f3n y certificaciones que respondan a sus intereses y a las necesidades de su entorno. Especialmente, queremos que mujeres, j\u00f3venes y personas que enfrentan mayores barreras para incorporarse al mercado laboral encuentren en este espacio una posibilidad para fortalecer sus capacidades y abrir nuevas oportunidades para ellas, sus familias y sus comunidades\u201d, se\u00f1al\u00f3 Andr\u00e9s P\u00e9rez Pe\u00f1a Campos, Gerente Corporativo de FUNDACI\u00d3N ADO.<\/p>\n\n\n\n<p class=\"wp-block-paragraph\">El Aula ADO Por M\u00e9xico\u00ae representa as\u00ed un esfuerzo de colaboraci\u00f3n en el que la experiencia de Fundaci\u00f3n Por M\u00e9xico en materia de formaci\u00f3n y empleabilidad se suma al compromiso de FUNDACI\u00d3N ADO con el desarrollo social y la generaci\u00f3n de oportunidades. La iniciativa busca que la educaci\u00f3n no sea \u00fanicamente un punto de partida, sino una herramienta para fortalecer capacidades, favorecer la autonom\u00eda y abrir nuevas posibilidades de desarrollo.<\/p>\n","protected":false},"excerpt":{"rendered":"<p>FUNDACI\u00d3N ADO y Fundaci\u00f3n Por M\u00e9xico pondr\u00e1n en marcha el Aula ADO Por M\u00e9xico\u00ae en Coatzacoalcos, Veracruz, una iniciativa que suma capacidades para acercar oportunidades de educaci\u00f3n, capacitaci\u00f3n y certificaci\u00f3n a la poblaci\u00f3n de la regi\u00f3n. A trav\u00e9s de este espacio, las personas podr\u00e1n acceder de manera gratuita a herramientas para fortalecer sus conocimientos, desarrollar [&hellip;]<\/p>\n","protected":false},"author":1,"featured_media":1207223,"comment_status":"open","ping_status":"closed","sticky":false,"template":"","format":"standard","meta":{"om_disable_all_campaigns":false,"jnews-multi-image_gallery":[],"jnews_single_post":[],"jnews_primary_category":[],"jnews_social_meta":[],"footnotes":""},"categories":[39],"tags":[],"class_list":["post-1207220","post","type-post","status-publish","format-standard","has-post-thumbnail","hentry","category-viajes"],"_links":{"self":[{"href":"https:\/\/dimensionturistica.com\/es\/wp-json\/wp\/v2\/posts\/1207220","targetHints":{"allow":["GET"]}}],"collection":[{"href":"https:\/\/dimensionturistica.com\/es\/wp-json\/wp\/v2\/posts"}],"about":[{"href":"https:\/\/dimensionturistica.com\/es\/wp-json\/wp\/v2\/types\/post"}],"author":[{"embeddable":true,"href":"https:\/\/dimensionturistica.com\/es\/wp-json\/wp\/v2\/users\/1"}],"replies":[{"embeddable":true,"href":"https:\/\/dimensionturistica.com\/es\/wp-json\/wp\/v2\/comments?post=1207220"}],"version-history":[{"count":1,"href":"https:\/\/dimensionturistica.com\/es\/wp-json\/wp\/v2\/posts\/1207220\/revisions"}],"predecessor-version":[{"id":1207224,"href":"https:\/\/dimensionturistica.com\/es\/wp-json\/wp\/v2\/posts\/1207220\/revisions\/1207224"}],"wp:featuredmedia":[{"embeddable":true,"href":"https:\/\/dimensionturistica.com\/es\/wp-json\/wp\/v2\/media\/1207223"}],"wp:attachment":[{"href":"https:\/\/dimensionturistica.com\/es\/wp-json\/wp\/v2\/media?parent=1207220"}],"wp:term":[{"taxonomy":"category","embeddable":true,"href":"https:\/\/dimensionturistica.com\/es\/wp-json\/wp\/v2\/categories?post=1207220"},{"taxonomy":"post_tag","embeddable":true,"href":"https:\/\/dimensionturistica.com\/es\/wp-json\/wp\/v2\/tags?post=1207220"}],"curies":[{"name":"wp","href":"https:\/\/api.w.org\/{rel}","templated":true}]}}