{"id":1207217,"date":"2026-09-04T14:43:49","date_gmt":"2026-09-04T14:43:49","guid":{"rendered":"https:\/\/dimensionturistica.com\/es\/?p=1207217"},"modified":"2026-09-04T14:43:49","modified_gmt":"2026-09-04T14:43:49","slug":"auge-en-las-reservas-para-explorar-los-mercadillos-navidenos-europeos-un-incremento-del-34-mientras-que-en-alsacia-los-precios-disminuyen-considerablemente","status":"publish","type":"post","link":"https:\/\/dimensionturistica.com\/es\/auge-en-las-reservas-para-explorar-los-mercadillos-navidenos-europeos-un-incremento-del-34-mientras-que-en-alsacia-los-precios-disminuyen-considerablemente\/","title":{"rendered":"Auge en las reservas para explorar los mercadillos navide\u00f1os europeos: un incremento del 34%, mientras que en Alsacia los precios disminuyen considerablemente."},"content":{"rendered":"<h3>La Magia de los Mercados Navide\u00f1os de Europa: Un Viaje Imperdible<\/h3>\n<p>La llegada de la temporada navide\u00f1a transforma el viejo continente en un aut\u00e9ntico para\u00edso de luces y tradiciones. Los mercados navide\u00f1os, con su encanto inconfundible, atraen a millones de visitantes cada a\u00f1o, quienes buscan sumergirse en la magia de la festividad. Este a\u00f1o, se prev\u00e9 que los turistas apuesten m\u00e1s que nunca por descubrir las delicias y el ambiente especial de estos mercadillos en Europa, con un notable aumento en las reservas que supera el 34%.<\/p>\n<p><strong>Alsacia: El Coraz\u00f3n de la Navidad<\/strong><\/p>\n<p>Uno de los destinos estrella para los amantes de los mercados navide\u00f1os es sin duda Alsacia, en Francia. Con sus pintorescas calles y sus encantadoras casas de madera, esta regi\u00f3n se convierte en un escenario de ensue\u00f1o durante diciembre. Estrasburgo, la capital de Alsacia, alberga el mercado navide\u00f1o m\u00e1s antiguo de Europa, donde las luces titilantes y el aroma a vino caliente y especias envuelven a los visitantes en un ambiente festivo \u00fanico. Aqu\u00ed, los puestos ofrecen desde delicadas artesan\u00edas hasta deliciosos productos locales, lo que lo convierte en un lugar ideal para encontrar regalos \u00fanicos y saborear la gastronom\u00eda regional.<\/p>\n<p><strong>Precios a la Baja: Una Oportunidad para Viajar<\/strong><\/p>\n<p>Este a\u00f1o, se ha notado una ca\u00edda en los precios de las reservas para visitar los mercados navide\u00f1os, lo que ha hecho que m\u00e1s viajeros consideren la posibilidad de disfrutar de esta experiencia m\u00e1gica. A medida que las aerol\u00edneas y los hoteles ajustan sus tarifas para atraer m\u00e1s turistas, explorar Europa en diciembre se ha vuelto m\u00e1s accesible. Esta tendencia permite a los viajeros disfrutar no solo de la oferta cultural y la atm\u00f3sfera festiva, sino tambi\u00e9n de un viaje que se adapte a sus presupuestos.<\/p>\n<p><strong>Destinos Imperdibles en Europa<\/strong><\/p>\n<p>Evidentemente, Alsacia no es el \u00fanico lugar donde se vive la magia de la navidad. Ciudades como N\u00faremberg, en Alemania, se destacan con su renombrado Christkindlesmarkt, donde el aroma de las galletas de jengibre y la m\u00fasica tradicional resuenan en cada rinc\u00f3n. Praga, con su impresionante arquitectura g\u00f3tica, ofrece un mercado navide\u00f1o en la Plaza de la Ciudad Vieja que parece sacado de un cuento de hadas. Y no podemos olvidar a Viena, que deslumbra con su impresionante iluminaci\u00f3n y su oferta gastron\u00f3mica, ideal para aquellos que buscan sumergirse en la cultura austriaca durante las festividades.<\/p>\n<p><strong>Consejos para el Viajero Festivo<\/strong><\/p>\n<p>Planificar un viaje a un mercado navide\u00f1o puede ser emocionante, pero tambi\u00e9n requiere un poco de organizaci\u00f3n. Se recomienda realizar las reservas con anticipaci\u00f3n y optar por alojamientos que est\u00e9n cerca de los mercados para disfrutar plenamente de la atm\u00f3sfera sin preocuparse por el transporte. Adem\u00e1s, es aconsejable llevar calzado c\u00f3modo, ya que las jornadas de exploraci\u00f3n suelen ser largas y hay mucho por descubrir.<\/p>\n<p>No olvides cargar tu c\u00e1mara; los mercados est\u00e1n llenos de oportunidades para capturar momentos m\u00e1gicos que quedar\u00e1n grabados en tu memoria. Adem\u00e1s, no temas probar todos los manjares que se ofrecen: desde salchichas asadas hasta el t\u00edpico pan de jengibre, cada bocado es una muestra de la rica tradici\u00f3n culinaria de la regi\u00f3n.<\/p>\n<p><strong>Conclusi\u00f3n<\/strong><\/p>\n<p>La temporada navide\u00f1a en Europa ofrece una experiencia inigualable que combina cultura, tradici\u00f3n y delicias gastron\u00f3micas en un entorno festivo espectacular. Con un aumento en las reservas y precios m\u00e1s accesibles, este es el momento perfecto para vivir la magia de los mercados navide\u00f1os. As\u00ed que, si est\u00e1s buscando un destino que despierte tus sentidos y te haga sentir el esp\u00edritu navide\u00f1o, no dudes en hacer de Europa tu pr\u00f3ximo destino en esta m\u00e1gica temporada.<\/p>\n<p><em> &#8221; Sources okdiario.com &#8221; <\/em><\/p>\n","protected":false},"excerpt":{"rendered":"<p>La Magia de los Mercados Navide\u00f1os de Europa: Un Viaje Imperdible La llegada de la temporada navide\u00f1a transforma el viejo continente en un aut\u00e9ntico para\u00edso de luces y tradiciones. Los mercados navide\u00f1os, con su encanto inconfundible, atraen a millones de visitantes cada a\u00f1o, quienes buscan sumergirse en la magia de la festividad. Este a\u00f1o, se [&hellip;]<\/p>\n","protected":false},"author":4,"featured_media":1207218,"comment_status":"open","ping_status":"closed","sticky":false,"template":"","format":"standard","meta":{"om_disable_all_campaigns":false,"jnews-multi-image_gallery":[],"jnews_single_post":[],"jnews_primary_category":[],"jnews_social_meta":[],"footnotes":""},"categories":[40],"tags":[22176,174068,7315,1653,119319,1620,1865,57468,544,545],"class_list":["post-1207217","post","type-post","status-publish","format-standard","has-post-thumbnail","hentry","category-industria","tag-alsacia","tag-analisis-de-mercado","tag-crecimiento","tag-europa","tag-mercados-navidenos","tag-precios","tag-reservas","tag-temporada-navidena","tag-turismo","tag-viajes"],"_links":{"self":[{"href":"https:\/\/dimensionturistica.com\/es\/wp-json\/wp\/v2\/posts\/1207217","targetHints":{"allow":["GET"]}}],"collection":[{"href":"https:\/\/dimensionturistica.com\/es\/wp-json\/wp\/v2\/posts"}],"about":[{"href":"https:\/\/dimensionturistica.com\/es\/wp-json\/wp\/v2\/types\/post"}],"author":[{"embeddable":true,"href":"https:\/\/dimensionturistica.com\/es\/wp-json\/wp\/v2\/users\/4"}],"replies":[{"embeddable":true,"href":"https:\/\/dimensionturistica.com\/es\/wp-json\/wp\/v2\/comments?post=1207217"}],"version-history":[{"count":1,"href":"https:\/\/dimensionturistica.com\/es\/wp-json\/wp\/v2\/posts\/1207217\/revisions"}],"predecessor-version":[{"id":1207219,"href":"https:\/\/dimensionturistica.com\/es\/wp-json\/wp\/v2\/posts\/1207217\/revisions\/1207219"}],"wp:featuredmedia":[{"embeddable":true,"href":"https:\/\/dimensionturistica.com\/es\/wp-json\/wp\/v2\/media\/1207218"}],"wp:attachment":[{"href":"https:\/\/dimensionturistica.com\/es\/wp-json\/wp\/v2\/media?parent=1207217"}],"wp:term":[{"taxonomy":"category","embeddable":true,"href":"https:\/\/dimensionturistica.com\/es\/wp-json\/wp\/v2\/categories?post=1207217"},{"taxonomy":"post_tag","embeddable":true,"href":"https:\/\/dimensionturistica.com\/es\/wp-json\/wp\/v2\/tags?post=1207217"}],"curies":[{"name":"wp","href":"https:\/\/api.w.org\/{rel}","templated":true}]}}