{"id":1207202,"date":"2026-09-04T14:27:40","date_gmt":"2026-09-04T14:27:40","guid":{"rendered":"https:\/\/dimensionturistica.com\/es\/?p=1207202"},"modified":"2026-09-04T14:27:40","modified_gmt":"2026-09-04T14:27:40","slug":"bajaj-invita-a-vivir-la-experiencia-pulsar-con-pruebas-de-manejo-en-el-rosario-y-plaza-central","status":"publish","type":"post","link":"https:\/\/dimensionturistica.com\/es\/bajaj-invita-a-vivir-la-experiencia-pulsar-con-pruebas-de-manejo-en-el-rosario-y-plaza-central\/","title":{"rendered":"BAJAJ invita a vivir la experiencia Pulsar con pruebas de manejo en El Rosario y Plaza Central"},"content":{"rendered":"\n<p class=\"wp-block-paragraph\">BAJAJ, l\u00edder mundial en motociclismo de baja y mediana cilindrada, invita a todos los motociclistas y apasionados de la adrenalina a vivir una experiencia de manejo desafiante. La marca llevar\u00e1 a cabo una experiencia Gymkhana enfocadas en su ic\u00f3nica l\u00ednea Pulsar, teniendo como sedes dos puntos estrat\u00e9gicos del pa\u00eds: Town Center El Rosario y Plaza Central, ambas en la Ciudad de M\u00e9xico.<\/p>\n\n\n\n<p class=\"wp-block-paragraph\">Imagina una prueba de manejo diferente, donde desaf\u00edes tus habilidades y l\u00edmites. Una Gymkhana es un reto de pericia donde tendr\u00e1s que superar obst\u00e1culos, poner a prueba tu precisi\u00f3n y demostrar tu control en cada maniobra. Vive la experiencia a bordo de Pulsar y demuestra tu destreza al volante y en dos ruedas.<\/p>\n\n\n\n<figure class=\"wp-block-gallery has-nested-images columns-default is-cropped wp-block-gallery-1 is-layout-flex wp-block-gallery-is-layout-flex\">\n<figure class=\"wp-block-image size-large\"><img decoding=\"async\" width=\"500\" height=\"281\" data-id=\"1207204\" src=\"https:\/\/dimensionturistica.com\/es\/wp-content\/uploads\/2026\/09\/5MOTO.jpg\" alt=\"\" class=\"wp-image-1207204\" srcset=\"https:\/\/dimensionturistica.com\/es\/wp-content\/uploads\/2026\/09\/5MOTO.jpg 500w, https:\/\/dimensionturistica.com\/es\/wp-content\/uploads\/2026\/09\/5MOTO-300x169.jpg 300w\" sizes=\"(max-width: 500px) 100vw, 500px\" \/><\/figure>\n<\/figure>\n\n\n\n<p class=\"wp-block-paragraph\">Estos eventos representan una oportunidad para que motociclistas, usuarios interesados en adquirir su primera moto y entusiastas de las dos ruedas puedan conocer las capacidades de los modelos Pulsar y encontrar la alternativa que mejor se adapte a su estilo de movilidad.<\/p>\n\n\n\n<p class=\"wp-block-paragraph\">Detalles de los eventos:<\/p>\n\n\n\n<p class=\"wp-block-paragraph\">o Town Center El Rosario: 5 de septiembre de 10:00 am a 18:00 pm<\/p>\n\n\n\n<p class=\"wp-block-paragraph\">o Plaza Central: 12 de septiembre de 10:00 am a 18:00 pm<\/p>\n\n\n\n<p class=\"wp-block-paragraph\">Con estas actividades, BAJAJ reafirma su compromiso de generar experiencias cercanas<\/p>\n\n\n\n<p class=\"wp-block-paragraph\">con los motociclistas, impulsando una cultura de conducci\u00f3n responsable y brindando<\/p>\n\n\n\n<p class=\"wp-block-paragraph\">espacios seguros para conocer y disfrutar el mundo del motociclismo. \u00a1No te quedes con<\/p>\n\n\n\n<p class=\"wp-block-paragraph\">las ganas de sentir el poder Pulsar! Sigue las redes oficiales de BAJAJ M\u00e9xico para conocer<\/p>\n\n\n\n<p class=\"wp-block-paragraph\">las fechas exactas, los horarios de registro y las sorpresas que tendremos preparadas en cada sede.<\/p>\n\n\n\n<p class=\"wp-block-paragraph\">Para saber m\u00e1s sobre la marca te invitamos a que entres a https:\/\/www.bajajoficial.mx, y a sus redes sociales Facebook: BajajMexicoOficial, YouTube: Bajaj M\u00e9xico Oficial, Instagram: bajajmexicooficial y Tiktok: bajajmexicooficial.<\/p>\n","protected":false},"excerpt":{"rendered":"<p>BAJAJ, l\u00edder mundial en motociclismo de baja y mediana cilindrada, invita a todos los motociclistas y apasionados de la adrenalina a vivir una experiencia de manejo desafiante. La marca llevar\u00e1 a cabo una experiencia Gymkhana enfocadas en su ic\u00f3nica l\u00ednea Pulsar, teniendo como sedes dos puntos estrat\u00e9gicos del pa\u00eds: Town Center El Rosario y Plaza [&hellip;]<\/p>\n","protected":false},"author":1,"featured_media":1207205,"comment_status":"open","ping_status":"closed","sticky":false,"template":"","format":"standard","meta":{"om_disable_all_campaigns":false,"jnews-multi-image_gallery":[],"jnews_single_post":[],"jnews_primary_category":[],"jnews_social_meta":[],"footnotes":""},"categories":[40],"tags":[],"class_list":["post-1207202","post","type-post","status-publish","format-standard","has-post-thumbnail","hentry","category-industria"],"_links":{"self":[{"href":"https:\/\/dimensionturistica.com\/es\/wp-json\/wp\/v2\/posts\/1207202","targetHints":{"allow":["GET"]}}],"collection":[{"href":"https:\/\/dimensionturistica.com\/es\/wp-json\/wp\/v2\/posts"}],"about":[{"href":"https:\/\/dimensionturistica.com\/es\/wp-json\/wp\/v2\/types\/post"}],"author":[{"embeddable":true,"href":"https:\/\/dimensionturistica.com\/es\/wp-json\/wp\/v2\/users\/1"}],"replies":[{"embeddable":true,"href":"https:\/\/dimensionturistica.com\/es\/wp-json\/wp\/v2\/comments?post=1207202"}],"version-history":[{"count":1,"href":"https:\/\/dimensionturistica.com\/es\/wp-json\/wp\/v2\/posts\/1207202\/revisions"}],"predecessor-version":[{"id":1207206,"href":"https:\/\/dimensionturistica.com\/es\/wp-json\/wp\/v2\/posts\/1207202\/revisions\/1207206"}],"wp:featuredmedia":[{"embeddable":true,"href":"https:\/\/dimensionturistica.com\/es\/wp-json\/wp\/v2\/media\/1207205"}],"wp:attachment":[{"href":"https:\/\/dimensionturistica.com\/es\/wp-json\/wp\/v2\/media?parent=1207202"}],"wp:term":[{"taxonomy":"category","embeddable":true,"href":"https:\/\/dimensionturistica.com\/es\/wp-json\/wp\/v2\/categories?post=1207202"},{"taxonomy":"post_tag","embeddable":true,"href":"https:\/\/dimensionturistica.com\/es\/wp-json\/wp\/v2\/tags?post=1207202"}],"curies":[{"name":"wp","href":"https:\/\/api.w.org\/{rel}","templated":true}]}}