{"id":1207199,"date":"2026-09-04T14:24:41","date_gmt":"2026-09-04T14:24:41","guid":{"rendered":"https:\/\/dimensionturistica.com\/es\/?p=1207199"},"modified":"2026-09-04T14:24:41","modified_gmt":"2026-09-04T14:24:41","slug":"cientos-de-miles-de-viajeros-se-desplazan-por-tierra-y-aire-para-conmemorar-el-dia-del-trabajo","status":"publish","type":"post","link":"https:\/\/dimensionturistica.com\/es\/cientos-de-miles-de-viajeros-se-desplazan-por-tierra-y-aire-para-conmemorar-el-dia-del-trabajo\/","title":{"rendered":"Cientos de miles de viajeros se desplazan por tierra y aire para conmemorar el &#8216;D\u00eda del Trabajo&#8217;"},"content":{"rendered":"<p><strong>Celebrando el Labor Day: El Auge del Turismo en Oto\u00f1o<\/strong><\/p>\n<p>Con la llegada del fin del verano, el Labor Day se convierte en una de las festividades m\u00e1s emblem\u00e1ticas de Estados Unidos, marcando un cierre temporal a la temporada estival. Este d\u00eda, que honra a los trabajadores y sus contribuciones, se ha transformado en una oportunidad perfecta para que millones de personas se lancen a la aventura, ya sea por aire o carretera, buscando disfrutar de un \u00faltimo respiro de vacaciones.<\/p>\n<p>Las cifras no mienten, ya que se estima que una significativa cantidad de viajeros opt\u00f3 por desplazar sus planes hacia destinos variopintos y, a menudo, sorprendentes. Desde las playas soleadas de la costa oeste hasta las monta\u00f1as llenas de colores oto\u00f1ales en el este, el espectro de opciones es vasto y atractivo. Las reservas en aerol\u00edneas y hoteles han mostrado un incremento notable, impulsado por la necesidad de reconectar con la naturaleza o simplemente de relajarse.  <\/p>\n<p>Para aquellos que decidieron optar por la carretera, el paisaje cambia dr\u00e1sticamente a medida que se viaja. La armon\u00eda de la naturaleza se despliega con los tonos ocres y dorados del oto\u00f1o, creando el escenario perfecto para un viaje en familia o con amigos. Las rutas emblem\u00e1ticas, como la famosa Pacific Coast Highway o la Route 66, vieron un aumento en la demanda, convirti\u00e9ndose en pasarelas de recuerdos y momentos compartidos.<\/p>\n<p>Los destinos tur\u00edsticos tambi\u00e9n se preparan para recibir a estos visitants. Muchas ciudades y pueblos aprovechan la ocasi\u00f3n para lanzar festivales, ferias y eventos culturales que resaltan la herencia del Labor Day. Desde barbacoa y m\u00fasica en vivo hasta exposiciones de arte y mercados de productores locales, cada rinc\u00f3n tiene algo especial que ofrecer. Estas actividades no solo fomentan el comercio local, sino que tambi\u00e9n enriquecen la experiencia del viajero, quien se sumerge en la cultura del lugar.<\/p>\n<p>Sin embargo, no todo son alegr\u00edas en el horizonte. Las cifras tambi\u00e9n reflejan un crecimiento en el tr\u00e1fico de carreteras y la sobrepoblaci\u00f3n en algunos destinos, lo que suscita la necesidad de planificar con antelaci\u00f3n. Las recomendaciones son claras: reservar alojamientos y actividades con suficiente anticipaci\u00f3n, considerar horarios no convencionales para viajar y, sobre todo, ser paciente.<\/p>\n<p>Adem\u00e1s, el impacto de la pandemia sigue haciendo eco en el camino del turismo. Las recomendaciones de salud y seguridad contin\u00faan siendo esenciales, y es fundamental que los viajeros se mantengan informados sobre protocolos vigentes en su lugar de destino.<\/p>\n<p>A medida que se van apagando los ecos de las celebraciones por el Labor Day, el turismo se encuentra en una posici\u00f3n privilegiada para adaptarse a las cambiantes din\u00e1micas de la viajera moderna. El deseo de exploraci\u00f3n, la b\u00fasqueda de nuevas experiencias y la necesidad de desconectar de la rutina diaria mantienen un fervor que, sin duda, seguir\u00e1 nutriendo el alma de quienes aventuran a descubrir el mundo.<\/p>\n<p>As\u00ed, el Labor Day se evidencia no solamente como un d\u00eda de descanso, sino como un recordatorio del poder de los viajes para unir a las personas, celebrar la vida y, por supuesto, descubrir todo lo que nuestro maravilloso pa\u00eds tiene para ofrecer.<\/p>\n<p><em> &#8221; Fuentes www.telemundo.com &#8221; <\/em><\/p>\n","protected":false},"excerpt":{"rendered":"<p>Celebrando el Labor Day: El Auge del Turismo en Oto\u00f1o Con la llegada del fin del verano, el Labor Day se convierte en una de las festividades m\u00e1s emblem\u00e1ticas de Estados Unidos, marcando un cierre temporal a la temporada estival. Este d\u00eda, que honra a los trabajadores y sus contribuciones, se ha transformado en una [&hellip;]<\/p>\n","protected":false},"author":4,"featured_media":1207200,"comment_status":"open","ping_status":"closed","sticky":false,"template":"","format":"standard","meta":{"om_disable_all_campaigns":false,"jnews-multi-image_gallery":[],"jnews_single_post":[],"jnews_primary_category":[],"jnews_social_meta":[],"footnotes":""},"categories":[39],"tags":[2448,662,91368,653,544,1861,545],"class_list":["post-1207199","post","type-post","status-publish","format-standard","has-post-thumbnail","hentry","category-viajes","tag-celebracion","tag-cultura","tag-labor-day","tag-transporte","tag-turismo","tag-vacaciones","tag-viajes"],"_links":{"self":[{"href":"https:\/\/dimensionturistica.com\/es\/wp-json\/wp\/v2\/posts\/1207199","targetHints":{"allow":["GET"]}}],"collection":[{"href":"https:\/\/dimensionturistica.com\/es\/wp-json\/wp\/v2\/posts"}],"about":[{"href":"https:\/\/dimensionturistica.com\/es\/wp-json\/wp\/v2\/types\/post"}],"author":[{"embeddable":true,"href":"https:\/\/dimensionturistica.com\/es\/wp-json\/wp\/v2\/users\/4"}],"replies":[{"embeddable":true,"href":"https:\/\/dimensionturistica.com\/es\/wp-json\/wp\/v2\/comments?post=1207199"}],"version-history":[{"count":1,"href":"https:\/\/dimensionturistica.com\/es\/wp-json\/wp\/v2\/posts\/1207199\/revisions"}],"predecessor-version":[{"id":1207201,"href":"https:\/\/dimensionturistica.com\/es\/wp-json\/wp\/v2\/posts\/1207199\/revisions\/1207201"}],"wp:featuredmedia":[{"embeddable":true,"href":"https:\/\/dimensionturistica.com\/es\/wp-json\/wp\/v2\/media\/1207200"}],"wp:attachment":[{"href":"https:\/\/dimensionturistica.com\/es\/wp-json\/wp\/v2\/media?parent=1207199"}],"wp:term":[{"taxonomy":"category","embeddable":true,"href":"https:\/\/dimensionturistica.com\/es\/wp-json\/wp\/v2\/categories?post=1207199"},{"taxonomy":"post_tag","embeddable":true,"href":"https:\/\/dimensionturistica.com\/es\/wp-json\/wp\/v2\/tags?post=1207199"}],"curies":[{"name":"wp","href":"https:\/\/api.w.org\/{rel}","templated":true}]}}