{"id":1207193,"date":"2026-09-04T14:19:48","date_gmt":"2026-09-04T14:19:48","guid":{"rendered":"https:\/\/dimensionturistica.com\/es\/?p=1207193"},"modified":"2026-09-04T14:19:48","modified_gmt":"2026-09-04T14:19:48","slug":"desenredado-la-historia-oral-de-la-moda","status":"publish","type":"post","link":"https:\/\/dimensionturistica.com\/es\/desenredado-la-historia-oral-de-la-moda\/","title":{"rendered":"Desenredado: La Historia Oral de la Moda"},"content":{"rendered":"<p><strong>Isaac Mizrahi: 25 a\u00f1os de un legado en la moda<\/strong><\/p>\n<p>La moda es un espejo de nuestra sociedad, un reflejo de cambios culturales y emocionales. Pocas veces se ha logrado encapsular esta idea de manera tan brillante como lo hizo Isaac Mizrahi hace 25 a\u00f1os con su ic\u00f3nico documental. Este trabajo no solo inmortaliz\u00f3 su enfoque innovador hacia el dise\u00f1o de moda, sino que tambi\u00e9n se convirti\u00f3 en un hito que redefini\u00f3 la relaci\u00f3n entre la moda y el cine.<\/p>\n<p>A lo largo de su carrera, Mizrahi ha sido un provocador creativo, desdibujando las l\u00edneas entre la alta costura y la accesibilidad. Su enfoque audaz ha inspirado a generaciones de dise\u00f1adores y ha dejado una huella indeleble en la industria. En un mundo donde las tendencias cambian a la velocidad de la luz, la capacidad de Mizrahi para entrelazar lo personal y lo profesional ha resonado con un p\u00fablico amplio y diverso.<\/p>\n<p>El proceso detr\u00e1s del documental no solo captura la vida profesional de Mizrahi, sino tambi\u00e9n sus luchas y triunfos personales. La narrativa se convierte en un viaje emocionante, donde los espectadores se sumergen en la psique de un visionario que constantemente est\u00e1 buscando la belleza en lo cotidiano. Esta conexi\u00f3n humana, el trasfondo de su creatividad, es lo que provoca que este material trascienda el tiempo y el espacio.<\/p>\n<p>La celebraci\u00f3n de este aniversario no es solo una mirada hacia atr\u00e1s, sino un reconocimiento del impacto duradero que Mizrahi ha tenido en el dise\u00f1o contempor\u00e1neo. Su destreza para desafiar las normas tradicionales y su capacidad para reinventarse continuamente han sido fundamentales en su \u00e9xito. Desde sus audaces colecciones de la d\u00e9cada de 1990 hasta su influencia en el \u00e1mbito de la moda actual, la obra de Mizrahi sigue siendo un referente imprescindible.<\/p>\n<p>A medida que la moda sigue evolucionando, la relevancia de Mizrahi se mantiene intacta. Su habilidad para fusionar arte y comercialismo ha llevado a la industria a replantearse c\u00f3mo se valoran y presentan las creaciones. Con colaboraciones que han cruzado el umbral del lujo y elementos accesibles, ha logrado democratizar el estilo, permitiendo que m\u00e1s personas se conecten con la moda de una manera significativa.<\/p>\n<p>Este aniversario invita a reflexionar sobre la influencia de Mizrahi en una era en la que la autenticidad y la autoexpresi\u00f3n son m\u00e1s importantes que nunca. La narrativa de su vida y carrera es un recordatorio de que la moda es, en \u00faltima instancia, una forma de comunicaci\u00f3n que trasciende lo superficial.<\/p>\n<p>Como la historia de Mizrahi contin\u00faa evolucionando, su legado inspira a nuevas voces en el dise\u00f1o. En un momento en el que la industria se enfrenta a un cambio radical y a la necesidad de adaptarse, su visi\u00f3n se erige como un faro, record\u00e1ndonos que a veces, la clave del \u00e9xito reside en ser fiel a uno mismo y en el poder de la creatividad desbordante.<\/p>\n<p>Este viaje de 25 a\u00f1os es m\u00e1s que un simple recuerdo; es un llamado a seguir explorando el vasto mundo de la moda con una mente abierta y un coraz\u00f3n audaz. Con cada puntada, cada color y cada silueta, Isaac Mizrahi nos ense\u00f1a que la moda es, en esencia, una narrativa que todos podemos contar.<\/p>\n<p><em> &#8221; Fuentes www.vogue.com &#8221; <\/em><\/p>\n","protected":false},"excerpt":{"rendered":"<p>Isaac Mizrahi: 25 a\u00f1os de un legado en la moda La moda es un espejo de nuestra sociedad, un reflejo de cambios culturales y emocionales. Pocas veces se ha logrado encapsular esta idea de manera tan brillante como lo hizo Isaac Mizrahi hace 25 a\u00f1os con su ic\u00f3nico documental. Este trabajo no solo inmortaliz\u00f3 su [&hellip;]<\/p>\n","protected":false},"author":14,"featured_media":1207194,"comment_status":"open","ping_status":"closed","sticky":false,"template":"","format":"standard","meta":{"om_disable_all_campaigns":false,"jnews-multi-image_gallery":[],"jnews_single_post":[],"jnews_primary_category":[],"jnews_social_meta":[],"footnotes":""},"categories":[144872],"tags":[193,154200,166,92791,284423,84635,286,296792,372,296639,50356],"class_list":["post-1207193","post","type-post","status-publish","format-standard","has-post-thumbnail","hentry","category-fashion","tag-culture","tag-documentary","tag-fashion","tag-interviews","tag-isaac-mizrahi","tag-journalism","tag-media","tag-oral-history","tag-style","tag-unzipped","tag-vogue"],"_links":{"self":[{"href":"https:\/\/dimensionturistica.com\/es\/wp-json\/wp\/v2\/posts\/1207193","targetHints":{"allow":["GET"]}}],"collection":[{"href":"https:\/\/dimensionturistica.com\/es\/wp-json\/wp\/v2\/posts"}],"about":[{"href":"https:\/\/dimensionturistica.com\/es\/wp-json\/wp\/v2\/types\/post"}],"author":[{"embeddable":true,"href":"https:\/\/dimensionturistica.com\/es\/wp-json\/wp\/v2\/users\/14"}],"replies":[{"embeddable":true,"href":"https:\/\/dimensionturistica.com\/es\/wp-json\/wp\/v2\/comments?post=1207193"}],"version-history":[{"count":1,"href":"https:\/\/dimensionturistica.com\/es\/wp-json\/wp\/v2\/posts\/1207193\/revisions"}],"predecessor-version":[{"id":1207195,"href":"https:\/\/dimensionturistica.com\/es\/wp-json\/wp\/v2\/posts\/1207193\/revisions\/1207195"}],"wp:featuredmedia":[{"embeddable":true,"href":"https:\/\/dimensionturistica.com\/es\/wp-json\/wp\/v2\/media\/1207194"}],"wp:attachment":[{"href":"https:\/\/dimensionturistica.com\/es\/wp-json\/wp\/v2\/media?parent=1207193"}],"wp:term":[{"taxonomy":"category","embeddable":true,"href":"https:\/\/dimensionturistica.com\/es\/wp-json\/wp\/v2\/categories?post=1207193"},{"taxonomy":"post_tag","embeddable":true,"href":"https:\/\/dimensionturistica.com\/es\/wp-json\/wp\/v2\/tags?post=1207193"}],"curies":[{"name":"wp","href":"https:\/\/api.w.org\/{rel}","templated":true}]}}