{"id":1207177,"date":"2026-09-04T13:42:51","date_gmt":"2026-09-04T13:42:51","guid":{"rendered":"https:\/\/dimensionturistica.com\/es\/?p=1207177"},"modified":"2026-09-04T13:42:51","modified_gmt":"2026-09-04T13:42:51","slug":"reflexionando-sobre-el-regreso-a-la-normalidad-tras-las-vacaciones-cuando-la-dificultad-persiste-es-un-signo-de-que-quizas-necesitamos-realizar-un-cambio","status":"publish","type":"post","link":"https:\/\/dimensionturistica.com\/es\/reflexionando-sobre-el-regreso-a-la-normalidad-tras-las-vacaciones-cuando-la-dificultad-persiste-es-un-signo-de-que-quizas-necesitamos-realizar-un-cambio\/","title":{"rendered":"Reflexionando sobre el regreso a la normalidad tras las vacaciones: Cuando la dificultad persiste, es un signo de que quiz\u00e1s necesitamos realizar un cambio."},"content":{"rendered":"<p><strong>El Regreso a la Rutina: C\u00f3mo Encontrar el Equilibrio Tras las Vacaciones<\/strong><\/p>\n<p>Las vacaciones representan un respiro, una oportunidad para desconectar y recargar energ\u00edas. Sin embargo, el regreso a la rutina puede ser un momento dif\u00edcil para muchas personas. A menudo, se siente una especie de jarro de agua fr\u00eda al dejar atr\u00e1s paisajes paradis\u00edacos y momentos de felicidad. Pero, \u00bfpor qu\u00e9 este retorno a la normalidad se convierte en un reto tan grande? <\/p>\n<p>La realidad es que la transici\u00f3n del modo vacacional al cotidiano suele cargarse de emociones contradictorias. Se anhela la calma y el bienestar logrados durante esos d\u00edas de descanso, pero tambi\u00e9n pueden surgir sentimientos de ansiedad y tristeza al enfrentarse a la vida diaria. Sin embargo, hacer de esta experiencia algo m\u00e1s positivo y manejable es posible.<\/p>\n<p>Una de las claves para enfrentar esta vuelta a la rutina es configurar nuestras expectativas. En lugar de ver el regreso como un final abrupto de la felicidad, podemos entenderlo como un nuevo comienzo. Este cambio de perspectiva no solo alivia la carga emocional, sino que abre la puerta a nuevas oportunidades de crecimiento personal. En la vida diaria, cada uno de nosotros puede encontrar momentos de alegr\u00eda y satisfacci\u00f3n, incluso en las tareas m\u00e1s simples.<\/p>\n<p>Es esencial tambi\u00e9n establecer una rutina que incorpore peque\u00f1os placeres. Si durante las vacaciones uno disfrutaba del caf\u00e9 con vistas al mar, por ejemplo, \u00bfpor qu\u00e9 no reservar un momento para un caf\u00e9 tranquilo en casa o en una terraza con buena compa\u00f1\u00eda? De este modo, es posible fusionar la esencia de las vacaciones con la cotidianidad.<\/p>\n<p>Adem\u00e1s, es fundamental canalizar la energ\u00eda positiva que se experiment\u00f3 durante esos d\u00edas. Muchas personas regresan con renovadas ganas de aprender y explorar. \u00bfPor qu\u00e9 no aprovechar esa motivaci\u00f3n para inscribirse en una clase, iniciar un hobby o planificar escapadas m\u00e1s cortas? Reinventar la rutina diaria puede implicar incorporar actividades que antes se cre\u00edan imposibles en un horario t\u00edpico.<\/p>\n<p>Para aquellos que sienten que la vuelta a la vida diaria les cuesta m\u00e1s de lo habitual, es importante reconocer y aceptar esos sentimientos. Muchas veces, la frustraci\u00f3n proviene de la resistencia a las emociones que surgen en el proceso. Permitir que esas penurias se manifiesten puede facilitar su manejo y, en \u00faltima instancia, su superaci\u00f3n.<\/p>\n<p>La clave radica en la pr\u00e1ctica de la auto-compasi\u00f3n y la aceptaci\u00f3n. Las vacaciones representan una ruptura en nuestra rutina, por lo que es natural que el retorno conlleve un per\u00edodo de ajuste. Crear un espacio para reflexionar sobre las vivencias de esos d\u00edas y c\u00f3mo se pueden integrar en la rutina diaria puede resultar enriquecedor. Cada viaje aporta una lecci\u00f3n, ya sea sobre uno mismo o sobre el mundo que nos rodea.<\/p>\n<p>En conclusi\u00f3n, la vuelta a la rutina tras las vacaciones puede ser un desaf\u00edo, pero tambi\u00e9n es una oportunidad para reinventarnos y encontrar placeres en lo cotidiano. La clave est\u00e1 en transformar las expectativas, integrar peque\u00f1os momentos de felicidad y ser amables con nosotros mismos en este proceso de adaptaci\u00f3n. As\u00ed, cada regreso puede convertirse no solo en un retorno, sino en un nuevo cap\u00edtulo lleno de posibilidades por descubrir.<\/p>\n<p><em> &#8221; Fuentes viajes.nationalgeographic.com.es &#8221; <\/em><\/p>\n","protected":false},"excerpt":{"rendered":"<p>El Regreso a la Rutina: C\u00f3mo Encontrar el Equilibrio Tras las Vacaciones Las vacaciones representan un respiro, una oportunidad para desconectar y recargar energ\u00edas. Sin embargo, el regreso a la rutina puede ser un momento dif\u00edcil para muchas personas. A menudo, se siente una especie de jarro de agua fr\u00eda al dejar atr\u00e1s paisajes paradis\u00edacos [&hellip;]<\/p>\n","protected":false},"author":4,"featured_media":1207178,"comment_status":"open","ping_status":"closed","sticky":false,"template":"","format":"standard","meta":{"om_disable_all_campaigns":false,"jnews-multi-image_gallery":[],"jnews_single_post":[],"jnews_primary_category":[],"jnews_social_meta":[],"footnotes":""},"categories":[39],"tags":[9898,49401,114808,710,5683,6643,182114,5686,2189,904,13580,3180,1861,545],"class_list":["post-1207177","post","type-post","status-publish","format-standard","has-post-thumbnail","hentry","category-viajes","tag-autoayuda","tag-bienestar-emocional","tag-cambios-de-habitos","tag-ciencia","tag-geographic","tag-historia","tag-manejo-del-estres","tag-national","tag-naturaleza","tag-psicologia","tag-rutina","tag-salud-mental","tag-vacaciones","tag-viajes"],"_links":{"self":[{"href":"https:\/\/dimensionturistica.com\/es\/wp-json\/wp\/v2\/posts\/1207177","targetHints":{"allow":["GET"]}}],"collection":[{"href":"https:\/\/dimensionturistica.com\/es\/wp-json\/wp\/v2\/posts"}],"about":[{"href":"https:\/\/dimensionturistica.com\/es\/wp-json\/wp\/v2\/types\/post"}],"author":[{"embeddable":true,"href":"https:\/\/dimensionturistica.com\/es\/wp-json\/wp\/v2\/users\/4"}],"replies":[{"embeddable":true,"href":"https:\/\/dimensionturistica.com\/es\/wp-json\/wp\/v2\/comments?post=1207177"}],"version-history":[{"count":1,"href":"https:\/\/dimensionturistica.com\/es\/wp-json\/wp\/v2\/posts\/1207177\/revisions"}],"predecessor-version":[{"id":1207179,"href":"https:\/\/dimensionturistica.com\/es\/wp-json\/wp\/v2\/posts\/1207177\/revisions\/1207179"}],"wp:featuredmedia":[{"embeddable":true,"href":"https:\/\/dimensionturistica.com\/es\/wp-json\/wp\/v2\/media\/1207178"}],"wp:attachment":[{"href":"https:\/\/dimensionturistica.com\/es\/wp-json\/wp\/v2\/media?parent=1207177"}],"wp:term":[{"taxonomy":"category","embeddable":true,"href":"https:\/\/dimensionturistica.com\/es\/wp-json\/wp\/v2\/categories?post=1207177"},{"taxonomy":"post_tag","embeddable":true,"href":"https:\/\/dimensionturistica.com\/es\/wp-json\/wp\/v2\/tags?post=1207177"}],"curies":[{"name":"wp","href":"https:\/\/api.w.org\/{rel}","templated":true}]}}