{"id":1207174,"date":"2026-09-04T13:38:47","date_gmt":"2026-09-04T13:38:47","guid":{"rendered":"https:\/\/dimensionturistica.com\/es\/?p=1207174"},"modified":"2026-09-04T13:38:47","modified_gmt":"2026-09-04T13:38:47","slug":"gebta-desafia-el-contrato-millonario-de-los-viajes-oficiales-del-gobierno","status":"publish","type":"post","link":"https:\/\/dimensionturistica.com\/es\/gebta-desafia-el-contrato-millonario-de-los-viajes-oficiales-del-gobierno\/","title":{"rendered":"Gebta desaf\u00eda el contrato millonario de los viajes oficiales del gobierno."},"content":{"rendered":"<p><strong>T\u00edtulo: La Gesta de Viajar: Nuevos Desaf\u00edos en la Gesti\u00f3n de Viajes del Estado<\/strong><\/p>\n<p>En un mundo donde la movilidad se ha convertido en uno de los pilares del desarrollo econ\u00f3mico y social, la gesti\u00f3n de viajes para organizaciones estatales est\u00e1 en el centro del debate. El reciente conflicto sobre un megacontrato para la gesti\u00f3n de viajes del Estado en Espa\u00f1a ha desatado una serie de reacciones en la comunidad de agencias de viajes, subrayando la importancia de una gesti\u00f3n eficiente y transparente en este sector. Este art\u00edculo se adentra en los detalles de la controversia y las implicaciones que podr\u00eda tener para el futuro del turismo y los viajes institucionales.<\/p>\n<p>El megacontrato en cuesti\u00f3n, que se ha proyectado como una soluci\u00f3n integral para la gesti\u00f3n de los viajes oficiales, enfrenta una impugnaci\u00f3n por parte de la Asociaci\u00f3n Espa\u00f1ola de Gestores de Viajes de Negocios (GEBTA). Esta organizaci\u00f3n, que representa a un amplio espectro de agencias de viajes y servicios relacionados, argumenta que la adjudicaci\u00f3n del contrato no ha seguido los principios de competencia justa y transparencia, bastiones que deber\u00edan regir cualquier proceso de contrataci\u00f3n p\u00fablica.<\/p>\n<p>La entidad sostiene que la magnitud y condiciones del contrato no permiten la participaci\u00f3n equitativa de todos los actores del mercado. Esto no solo pone en entredicho la viabilidad de la gesti\u00f3n de viajes estatales, sino que tambi\u00e9n plantea preocupaciones sobre la calidad del servicio que los viajeros oficiales recibir\u00e1n en el futuro. Las agencias de viajes, clave en el sector, juegan un papel crucial en la planificaci\u00f3n y ejecuci\u00f3n de desplazamientos seguros y eficientes, y su exclusi\u00f3n podr\u00eda repercutir negativamente en la experiencia de los viajeros.<\/p>\n<p>M\u00e1s all\u00e1 del \u00e1mbito legal, esta situaci\u00f3n echa luz sobre el fr\u00e1gil equilibrio entre las necesidades del Estado y la sostenibilidad del sector tur\u00edstico. En un periodo donde la recuperaci\u00f3n tras la pandemia sigue siendo una prioridad, cualquier decisi\u00f3n que restrinja la participaci\u00f3n de diferentes agencias podr\u00eda limitar las innovaciones y soluciones creativas que estas pueden ofrecer. La digitalizaci\u00f3n, la flexibilidad en las tarifas y la atenci\u00f3n al cliente son solo algunos de los aspectos donde las agencias independientes se destacan, y que podr\u00edan perderse si se centraliza demasiado el control en un solo proveedor.<\/p>\n<p>El turismo no solo es un motor econ\u00f3mico, tambi\u00e9n es un veh\u00edculo de relaciones humanas y culturales. La capacidad de las instituciones para seleccionar a sus proveedores de servicios de viaje deber\u00eda permitir una oferta diversa que respete las particularidades de cada regi\u00f3n y cada agencia. En este sentido, se hace cada vez m\u00e1s evidente la necesidad de un di\u00e1logo abierto entre las autoridades competentes y las entidades del sector.<\/p>\n<p>El viaje hacia un marco normativo m\u00e1s equilibrado y justo en la gesti\u00f3n de viajes del Estado no ser\u00e1 f\u00e1cil, pero es un reto necesario. Las agencias de viajes, como agentes de cambio, no solo demandan una revalorizaci\u00f3n en su papel, sino una voz activa en la toma de decisiones que afecten su futuro y el de sus clientes. La colaboraci\u00f3n y la innovaci\u00f3n deben ser los faros que gu\u00eden el camino a seguir, asegurando que, independientemente de las dificultades administrativas, la esencia del viaje siga siendo un puente hacia el entendimiento y la cohesi\u00f3n social.<\/p>\n<p>Por lo tanto, queda claro que, mientras se desarrolla este escenario, la comunidad tur\u00edstica debe permanecer alerta y unida. La gesti\u00f3n de viajes del Estado no es solo una cuesti\u00f3n de contratos; es una oportunidad para redefinir la relaci\u00f3n entre el sector p\u00fablico y el privado, garantizando que ambos lados propicien un ambiente propicio para el crecimiento del turismo, pilar fundamental en la econom\u00eda de cualquier naci\u00f3n. La historia de este contrato no es m\u00e1s que un cap\u00edtulo en una gesta m\u00e1s amplia, donde cada uno de nosotros, ya sea como turistas, agentes de viajes o funcionarios, desempe\u00f1amos un papel crucial en el relato del turismo del futuro.<\/p>\n<p><em> &#8221; Sources www.preferente.com &#8221; <\/em><\/p>\n","protected":false},"excerpt":{"rendered":"<p>T\u00edtulo: La Gesta de Viajar: Nuevos Desaf\u00edos en la Gesti\u00f3n de Viajes del Estado En un mundo donde la movilidad se ha convertido en uno de los pilares del desarrollo econ\u00f3mico y social, la gesti\u00f3n de viajes para organizaciones estatales est\u00e1 en el centro del debate. El reciente conflicto sobre un megacontrato para la gesti\u00f3n [&hellip;]<\/p>\n","protected":false},"author":4,"featured_media":1207175,"comment_status":"open","ping_status":"closed","sticky":false,"template":"","format":"standard","meta":{"om_disable_all_campaigns":false,"jnews-multi-image_gallery":[],"jnews_single_post":[],"jnews_primary_category":[],"jnews_social_meta":[],"footnotes":""},"categories":[40],"tags":[12506,296767,5409,179848,186009,60201,296790,296789],"class_list":["post-1207174","post","type-post","status-publish","format-standard","has-post-thumbnail","hentry","category-industria","tag-administracion-publica","tag-contratacion-publica","tag-gebta","tag-impugnacion","tag-megacontrato","tag-servicios-de-viaje","tag-transporte-gubernamental","tag-viajes-del-estado"],"_links":{"self":[{"href":"https:\/\/dimensionturistica.com\/es\/wp-json\/wp\/v2\/posts\/1207174","targetHints":{"allow":["GET"]}}],"collection":[{"href":"https:\/\/dimensionturistica.com\/es\/wp-json\/wp\/v2\/posts"}],"about":[{"href":"https:\/\/dimensionturistica.com\/es\/wp-json\/wp\/v2\/types\/post"}],"author":[{"embeddable":true,"href":"https:\/\/dimensionturistica.com\/es\/wp-json\/wp\/v2\/users\/4"}],"replies":[{"embeddable":true,"href":"https:\/\/dimensionturistica.com\/es\/wp-json\/wp\/v2\/comments?post=1207174"}],"version-history":[{"count":1,"href":"https:\/\/dimensionturistica.com\/es\/wp-json\/wp\/v2\/posts\/1207174\/revisions"}],"predecessor-version":[{"id":1207176,"href":"https:\/\/dimensionturistica.com\/es\/wp-json\/wp\/v2\/posts\/1207174\/revisions\/1207176"}],"wp:featuredmedia":[{"embeddable":true,"href":"https:\/\/dimensionturistica.com\/es\/wp-json\/wp\/v2\/media\/1207175"}],"wp:attachment":[{"href":"https:\/\/dimensionturistica.com\/es\/wp-json\/wp\/v2\/media?parent=1207174"}],"wp:term":[{"taxonomy":"category","embeddable":true,"href":"https:\/\/dimensionturistica.com\/es\/wp-json\/wp\/v2\/categories?post=1207174"},{"taxonomy":"post_tag","embeddable":true,"href":"https:\/\/dimensionturistica.com\/es\/wp-json\/wp\/v2\/tags?post=1207174"}],"curies":[{"name":"wp","href":"https:\/\/api.w.org\/{rel}","templated":true}]}}