{"id":1207169,"date":"2026-09-04T13:28:27","date_gmt":"2026-09-04T13:28:27","guid":{"rendered":"https:\/\/dimensionturistica.com\/es\/?p=1207169"},"modified":"2026-09-04T13:28:27","modified_gmt":"2026-09-04T13:28:27","slug":"carezco-de-los-arrepentimientos-que-frecuentemente-se-suponen-un-fragmento-de-la-nueva-memoria-de-gloria-steinem","status":"publish","type":"post","link":"https:\/\/dimensionturistica.com\/es\/carezco-de-los-arrepentimientos-que-frecuentemente-se-suponen-un-fragmento-de-la-nueva-memoria-de-gloria-steinem\/","title":{"rendered":"&#8220;Carezco de los Arrepentimientos que Frecuentemente se Suponen&#8221;: Un Fragmento de la Nueva Memoria de Gloria Steinem"},"content":{"rendered":"<h3>La Revoluci\u00f3n de la Moda a Trav\u00e9s de la Palabra: Un Legado Imprescindible<\/h3>\n<p>La moda no es solo un reflejo de tendencias; es un lenguaje que apunta a la identidad y la transformaci\u00f3n social. En este sentido, la llegada de un nuevo libro de memorias de una figura ic\u00f3nica no solo promete deslumbrar por su contenido, sino que tambi\u00e9n sienta las bases para una reflexi\u00f3n profunda sobre el papel de la mujer en un mundo que est\u00e1 en constante cambio.<\/p>\n<p>Las memorias de una destacada activista y pensadora contempor\u00e1nea est\u00e1n a punto de ser reveladas al p\u00fablico, y aunque el contenido a\u00fan no ha sido divulgado en su totalidad, se anticipa que aportar\u00e1 una riqueza invaluable sobre el feminismo, la lucha por la igualdad y la influencia que estas ideas han tenido en la moda a lo largo de las d\u00e9cadas. Este nuevo volumen se convierte en un punto de encuentro entre la literatura y el estilo, donde la narrativa personal se entrelaza con el tejido cultural y art\u00edstico del siglo XXI.<\/p>\n<h4>Un Viaje a Trav\u00e9s de la Historia<\/h4>\n<p>El impacto de esta figura en la sociedad va m\u00e1s all\u00e1 de sus logros individuales. Su narrativa ofrece una mirada \u00edntima a los desaf\u00edos que la mujer ha enfrentado, especialmente en el \u00e1mbito de la moda, donde con frecuencia se juzga m\u00e1s la apariencia externa que el valor interno. A medida que sus relatos circulan, se espera que la conversaci\u00f3n sobre la vestimenta como una extensi\u00f3n de la voz y la agencia de la mujer cobre una nueva vida.<\/p>\n<p>El contraste entre las \u00e9pocas tambi\u00e9n ser\u00e1 un tema central. Los a\u00f1os de lucha por una representaci\u00f3n justa contrastan con la saturaci\u00f3n actual de im\u00e1genes perfectas y campa\u00f1as publicitarias que, aunque a menudo parecen inclusivas, a veces carecen de autenticidad y sustancia. Este texto no solo invitar\u00e1 a las mujeres a cuestionar lo que visten, sino tambi\u00e9n a reflexionar sobre lo que representa cada prenda.<\/p>\n<h4>Moda y Activismo: Un D\u00fao Poderoso<\/h4>\n<p>En este contexto, la moda emerge como una forma de activismo. Desde el uso de camisetas con mensajes contundentes hasta colaboraciones entre dise\u00f1adores y causas sociales, la indumentaria puede ser una poderosa herramienta para hacer resonar voces. Las memorias, al destacar la importancia del activismo en el vestuario, pueden inspirar a una nueva generaci\u00f3n a usar la moda como medio de expresi\u00f3n y protesta.<\/p>\n<p>El trayecto de esta influyente figura no ser\u00eda completo sin un reconocimiento a c\u00f3mo su estilo ha evolucionado, reflejando tanto su crecimiento personal como los cambios sociales a su alrededor. Al leer sus experiencias, los aficionados a la moda podr\u00e1n identificar momentos clave que han redefinido lo que significa ser un \u00edcono de estilo en un mundo en constante evoluci\u00f3n.<\/p>\n<h4>La Expectativa Creciente<\/h4>\n<p>A medida que la fecha de publicaci\u00f3n se acerca, la expectativa contin\u00faa creciendo. No solo por las historias que se presentan, sino por la manera en que estas pueden incitar al cambio. Es un llamado a la reflexi\u00f3n sobre la moda, sobre el rol que desempe\u00f1an las mujeres en esta industria y sobre c\u00f3mo el activismo ha dejado una huella indeleble en cada dise\u00f1o y cada colecci\u00f3n.<\/p>\n<p>En resumen, la pr\u00f3xima publicaci\u00f3n de estas memorias promete ser m\u00e1s que un simple libro. Se augura que ser\u00e1 un catalizador para el di\u00e1logo, una celebraci\u00f3n del empoderamiento femenino y un recordatorio de que la moda tiene el poder de transformar realidades. La intersecci\u00f3n de la historia personal y social se presenta como una plataforma para entender y redefinir el futuro, lo que la convierte en una obra obligada y un referente esencial para todos los apasionados de la moda y la igualdad.<\/p>\n<p><em> &#8221; Fuentes www.vogue.com &#8221; <\/em><\/p>\n","protected":false},"excerpt":{"rendered":"<p>La Revoluci\u00f3n de la Moda a Trav\u00e9s de la Palabra: Un Legado Imprescindible La moda no es solo un reflejo de tendencias; es un lenguaje que apunta a la identidad y la transformaci\u00f3n social. En este sentido, la llegada de un nuevo libro de memorias de una figura ic\u00f3nica no solo promete deslumbrar por su [&hellip;]<\/p>\n","protected":false},"author":14,"featured_media":1207170,"comment_status":"open","ping_status":"closed","sticky":false,"template":"","format":"standard","meta":{"om_disable_all_campaigns":false,"jnews-multi-image_gallery":[],"jnews_single_post":[],"jnews_primary_category":[],"jnews_social_meta":[],"footnotes":""},"categories":[144872],"tags":[296788,182,193,296787,210648,277815,70560,122632,175156,150119,111204,373],"class_list":["post-1207169","post","type-post","status-publish","format-standard","has-post-thumbnail","hentry","category-fashion","tag-autobiography","tag-books","tag-culture","tag-excerpt","tag-feminism","tag-gloria-steinem","tag-literature","tag-memoir","tag-personal-reflection","tag-regrets","tag-textaboveleftsmall","tag-web"],"_links":{"self":[{"href":"https:\/\/dimensionturistica.com\/es\/wp-json\/wp\/v2\/posts\/1207169","targetHints":{"allow":["GET"]}}],"collection":[{"href":"https:\/\/dimensionturistica.com\/es\/wp-json\/wp\/v2\/posts"}],"about":[{"href":"https:\/\/dimensionturistica.com\/es\/wp-json\/wp\/v2\/types\/post"}],"author":[{"embeddable":true,"href":"https:\/\/dimensionturistica.com\/es\/wp-json\/wp\/v2\/users\/14"}],"replies":[{"embeddable":true,"href":"https:\/\/dimensionturistica.com\/es\/wp-json\/wp\/v2\/comments?post=1207169"}],"version-history":[{"count":1,"href":"https:\/\/dimensionturistica.com\/es\/wp-json\/wp\/v2\/posts\/1207169\/revisions"}],"predecessor-version":[{"id":1207171,"href":"https:\/\/dimensionturistica.com\/es\/wp-json\/wp\/v2\/posts\/1207169\/revisions\/1207171"}],"wp:featuredmedia":[{"embeddable":true,"href":"https:\/\/dimensionturistica.com\/es\/wp-json\/wp\/v2\/media\/1207170"}],"wp:attachment":[{"href":"https:\/\/dimensionturistica.com\/es\/wp-json\/wp\/v2\/media?parent=1207169"}],"wp:term":[{"taxonomy":"category","embeddable":true,"href":"https:\/\/dimensionturistica.com\/es\/wp-json\/wp\/v2\/categories?post=1207169"},{"taxonomy":"post_tag","embeddable":true,"href":"https:\/\/dimensionturistica.com\/es\/wp-json\/wp\/v2\/tags?post=1207169"}],"curies":[{"name":"wp","href":"https:\/\/api.w.org\/{rel}","templated":true}]}}