{"id":1207145,"date":"2026-09-04T12:19:15","date_gmt":"2026-09-04T12:19:15","guid":{"rendered":"https:\/\/dimensionturistica.com\/es\/?p=1207145"},"modified":"2026-09-04T12:19:15","modified_gmt":"2026-09-04T12:19:15","slug":"casi-46000-trayectos-realizados-en-transporte-para-atender-al-publico-durante-el-feriado-del-2-de-septiembre","status":"publish","type":"post","link":"https:\/\/dimensionturistica.com\/es\/casi-46000-trayectos-realizados-en-transporte-para-atender-al-publico-durante-el-feriado-del-2-de-septiembre\/","title":{"rendered":"Casi 46,000 trayectos realizados en transporte para atender al p\u00fablico durante el feriado del 2 de septiembre."},"content":{"rendered":"<p><strong>Descubriendo Vietnam: Un Viaje en Transporte P\u00fablico durante el D\u00eda Nacional<\/strong><\/p>\n<p>En el coraz\u00f3n de Vietnam, cada septiembre se celebra el D\u00eda Nacional, un evento de gran significancia que marca la proclamaci\u00f3n de la independencia del pa\u00eds. Durante esta festividad, miles de ciudadanos se trasladan para participar en diversas actividades y celebraciones, lo que convierte al transporte p\u00fablico en un actor crucial en el mantenimiento de la conectividad y la movilidad. Este a\u00f1o, uno de los operadores de transporte m\u00e1s destacados, Transerco, ha dado un paso adelante para garantizar que todos los ciudadanos puedan disfrutar de las festividades sin el temor de no encontrar un medio de transporte adecuado.<\/p>\n<p>Los d\u00edas previos al 2 de septiembre, la ciudad se opera a un ritmo fren\u00e9tico, y Transerco ha puesto en marcha una impresionante flota de veh\u00edculos que se acerca a las 46,000 salidas programadas. Este esfuerzo no solo demuestra la capacidad log\u00edstica de la empresa, sino que resalta una importante tendencia en el turismo y el transporte p\u00fablico en Vietnam: la necesidad de hacer el viaje accesible y c\u00f3modo para todos.<\/p>\n<p><strong>Un Sistema en Expansi\u00f3n<\/strong><\/p>\n<p>El sistema de autobuses de Transerco ha experimentado un crecimiento significativo, en parte gracias a la creciente demanda durante \u00e9pocas festivas. La introducci\u00f3n de rutas especiales y la ampliaci\u00f3n de horarios aseguran que las personas no solo puedan desplazarse a sus destinos de celebraci\u00f3n, sino que tambi\u00e9n puedan hacerlo con mayor frecuencia y menos preocupaciones. Este es un aspecto clave para atraer a los turistas, que buscan entrelazar su experiencia cultural con la facilidad de desplazamiento.<\/p>\n<p>Imagina llegar a Hanoi en plena celebraci\u00f3n del D\u00eda Nacional, rodeado de luces, m\u00fasica y un ambiente festivo. La posibilidad de moverse c\u00f3modamente por la ciudad, sin preocupaciones sobre el tr\u00e1nsito o el aparcamiento, se convierte en una ventaja invaluable. Esto no solo ayuda a los locales a disfrutar de las festividades, sino que tambi\u00e9n mejora la experiencia del viajero que desea empaparse de la cultura vietnamita. <\/p>\n<p><strong>El Futuro del Transporte Tur\u00edstico en Vietnam<\/strong><\/p>\n<p>Con el notable crecimiento del turismo en Vietnam, es esencial no solo mantener, sino tambi\u00e9n mejorar la infraestructura de transporte p\u00fablico. El \u00e9xito de iniciativas como la de Transerco podr\u00eda servir como modelo para otras ciudades, donde la implementaci\u00f3n de sistemas de transporte eficientes y accesibles podr\u00eda revolucionar la forma en que tanto los locales como los turistas exploran el pa\u00eds.<\/p>\n<p>La experiencia a bordo de estos autobuses va m\u00e1s all\u00e1 de simplemente moverse de un lugar a otro; se convierte en una oportunidad para interactuar con los ciudadanos, degustar la comida callejera en las paradas o descubrir rincones ocultos de la ciudad que, de otro modo, pasar\u00edan desapercibidos.<\/p>\n<p><strong>Conclusi\u00f3n<\/strong><\/p>\n<p>Vietnam se encuentra en un momento emocionante, donde la tradici\u00f3n y la modernidad se entrelazan. La atenci\u00f3n al transporte p\u00fablico durante la celebraci\u00f3n del D\u00eda Nacional no solo subraya la importancia de la conectividad, sino que tambi\u00e9n abre nuevas puertas para el turismo, brindando experiencias \u00fanicas e inolvidables. Si est\u00e1s planeando un viaje a este fascinante pa\u00eds, aseg\u00farate de incluir en tu itinerario un viaje en autob\u00fas, no solo para desplazarte, sino para ser parte activa de la esencia del pueblo vietnamita. \u00a1Un viaje que prometemos ser\u00e1 tanto accesible como memorable!<\/p>\n<p><em> &#8221; Fuentes www.vietnam.vn &#8221; <\/em><\/p>\n","protected":false},"excerpt":{"rendered":"<p>Descubriendo Vietnam: Un Viaje en Transporte P\u00fablico durante el D\u00eda Nacional En el coraz\u00f3n de Vietnam, cada septiembre se celebra el D\u00eda Nacional, un evento de gran significancia que marca la proclamaci\u00f3n de la independencia del pa\u00eds. Durante esta festividad, miles de ciudadanos se trasladan para participar en diversas actividades y celebraciones, lo que convierte [&hellip;]<\/p>\n","protected":false},"author":4,"featured_media":1207146,"comment_status":"open","ping_status":"closed","sticky":false,"template":"","format":"standard","meta":{"om_disable_all_campaigns":false,"jnews-multi-image_gallery":[],"jnews_single_post":[],"jnews_primary_category":[],"jnews_social_meta":[],"footnotes":""},"categories":[39],"tags":[2924,5945,1347,5606,296778,295056,653,3242,545],"class_list":["post-1207145","post","type-post","status-publish","format-standard","has-post-thumbnail","hentry","category-viajes","tag-estadisticas","tag-feriado","tag-movilidad","tag-septiembre","tag-servicio-al-publico","tag-transerco","tag-transporte","tag-vehiculos","tag-viajes"],"_links":{"self":[{"href":"https:\/\/dimensionturistica.com\/es\/wp-json\/wp\/v2\/posts\/1207145","targetHints":{"allow":["GET"]}}],"collection":[{"href":"https:\/\/dimensionturistica.com\/es\/wp-json\/wp\/v2\/posts"}],"about":[{"href":"https:\/\/dimensionturistica.com\/es\/wp-json\/wp\/v2\/types\/post"}],"author":[{"embeddable":true,"href":"https:\/\/dimensionturistica.com\/es\/wp-json\/wp\/v2\/users\/4"}],"replies":[{"embeddable":true,"href":"https:\/\/dimensionturistica.com\/es\/wp-json\/wp\/v2\/comments?post=1207145"}],"version-history":[{"count":1,"href":"https:\/\/dimensionturistica.com\/es\/wp-json\/wp\/v2\/posts\/1207145\/revisions"}],"predecessor-version":[{"id":1207147,"href":"https:\/\/dimensionturistica.com\/es\/wp-json\/wp\/v2\/posts\/1207145\/revisions\/1207147"}],"wp:featuredmedia":[{"embeddable":true,"href":"https:\/\/dimensionturistica.com\/es\/wp-json\/wp\/v2\/media\/1207146"}],"wp:attachment":[{"href":"https:\/\/dimensionturistica.com\/es\/wp-json\/wp\/v2\/media?parent=1207145"}],"wp:term":[{"taxonomy":"category","embeddable":true,"href":"https:\/\/dimensionturistica.com\/es\/wp-json\/wp\/v2\/categories?post=1207145"},{"taxonomy":"post_tag","embeddable":true,"href":"https:\/\/dimensionturistica.com\/es\/wp-json\/wp\/v2\/tags?post=1207145"}],"curies":[{"name":"wp","href":"https:\/\/api.w.org\/{rel}","templated":true}]}}