{"id":1207126,"date":"2026-09-04T11:29:12","date_gmt":"2026-09-04T11:29:12","guid":{"rendered":"https:\/\/dimensionturistica.com\/es\/?p=1207126"},"modified":"2026-09-04T11:29:12","modified_gmt":"2026-09-04T11:29:12","slug":"jose-manuel-lastra-asume-la-presidencia-de-la-ceav-2","status":"publish","type":"post","link":"https:\/\/dimensionturistica.com\/es\/jose-manuel-lastra-asume-la-presidencia-de-la-ceav-2\/","title":{"rendered":"Jos\u00e9 Manuel Lastra asume la presidencia de la CEAV."},"content":{"rendered":"<p><strong>Un nuevo rumbo para la CEAV: La elecci\u00f3n de Jos\u00e9 Manuel Lastra como presidente<\/strong><\/p>\n<p>La Confederaci\u00f3n Espa\u00f1ola de Agencias de Viajes (CEAV) ha dado un paso significativo en su historia reciente al nombrar a Jos\u00e9 Manuel Lastra como su nuevo presidente. Este cambio de liderazgo llega en un momento crucial para el sector tur\u00edstico, que contin\u00faa enfrentando los desaf\u00edos provocados por la pandemia y busca revitalizarse en un contexto de creciente competencia global. <\/p>\n<p>Lastra, quien cuenta con una amplia trayectoria en la industria de viajes, se ha destacado por su compromiso con la innovaci\u00f3n y la colaboraci\u00f3n entre las agencias. Su elecci\u00f3n es vista como una respuesta a las necesidades actuales del sector, que requiere no solo un liderazgo fuerte, sino tambi\u00e9n una visi\u00f3n que fomente la resiliencia y la adaptaci\u00f3n a los nuevos tiempos.<\/p>\n<p>Uno de los principales retos que enfrentar\u00e1 Lastra es la recuperaci\u00f3n del turismo tras un periodo de incertidumbre. La crisis sanitaria oblig\u00f3 al sector a reinventarse, y ahora m\u00e1s que nunca, se necesita un l\u00edder que pueda guiar a las agencias de viajes hacia nuevas oportunidades. La digitalizaci\u00f3n, la sostenibilidad y la personalizaci\u00f3n de experiencias son solo algunos de los temas que est\u00e1n marcando la pauta en esta nueva era tur\u00edstica.<\/p>\n<p>El nuevo presidente ha manifestado su intenci\u00f3n de priorizar la formaci\u00f3n y el apoyo a las agencias para que est\u00e9n equipadas con las herramientas necesarias para enfrentar cualquier adversidad. En sus declaraciones, Lastra enfatiz\u00f3 la importancia de la unidad en el sector, se\u00f1alando que solo a trav\u00e9s de la colaboraci\u00f3n se podr\u00e1 construir un futuro s\u00f3lido y sostenible. Esta visi\u00f3n de trabajo conjunto no solo es necesaria a nivel nacional; tambi\u00e9n es esencial en un contexto internacional donde las agencias deben competir con grandes plataformas online.<\/p>\n<p>Adem\u00e1s, Lastra se ha comprometido a facilitar el acceso a informaci\u00f3n relevante y estudios de mercado que ayuden a las agencias a adaptarse a las nuevas demandas del viajero contempor\u00e1neo. Viajes m\u00e1s conscientes, experiencias \u00fanicas y atenci\u00f3n personalizada son tendencias que est\u00e1n en auge y que las agencias deber\u00e1n integrar en sus ofertas.<\/p>\n<p>A medida que el sector tur\u00edstico comienza a recuperarse, la CEAV y su nuevo presidente tendr\u00e1n un papel crucial en la promoci\u00f3n de un turismo responsable y seguro. La confianza del consumidor es fundamental, y crear un entorno que garantice la salud y bienestar de los viajeros ser\u00e1 una de sus prioridades.<\/p>\n<p>El nombramiento de Jos\u00e9 Manuel Lastra es un rayo de esperanza para muchas agencias de viajes que ven en \u00e9l un aliado para reimpulsar el turismo en Espa\u00f1a. Ya sea facilitando la captaci\u00f3n de nuevos clientes, innovando en servicios o defendiendo la posici\u00f3n de las agencias en el mercado, su liderazgo promete ser un motor de cambio en un momento en el que la industria necesita m\u00e1s que nunca un renovado impulso.<\/p>\n<p>Con un enfoque proactivo y una visi\u00f3n clara hacia el futuro, la CEAV bajo la presidencia de Lastra est\u00e1 llamada a convertirse en un pilar fundamental en la recuperaci\u00f3n de un sector que ha sido, y seguir\u00e1 siendo, vital para la econom\u00eda espa\u00f1ola y la riqueza cultural del pa\u00eds. A medida que el mundo comienza a abrirse nuevamente al turismo, la mirada est\u00e1 puesta en las agencias de viajes y en los l\u00edderes que las guiar\u00e1n hacia nuevas fronteras.<\/p>\n<p><em> &#8221; Sources www.preferente.com &#8221; <\/em><\/p>\n","protected":false},"excerpt":{"rendered":"<p>Un nuevo rumbo para la CEAV: La elecci\u00f3n de Jos\u00e9 Manuel Lastra como presidente La Confederaci\u00f3n Espa\u00f1ola de Agencias de Viajes (CEAV) ha dado un paso significativo en su historia reciente al nombrar a Jos\u00e9 Manuel Lastra como su nuevo presidente. Este cambio de liderazgo llega en un momento crucial para el sector tur\u00edstico, que [&hellip;]<\/p>\n","protected":false},"author":4,"featured_media":1207127,"comment_status":"open","ping_status":"closed","sticky":false,"template":"","format":"standard","meta":{"om_disable_all_campaigns":false,"jnews-multi-image_gallery":[],"jnews_single_post":[],"jnews_primary_category":[],"jnews_social_meta":[],"footnotes":""},"categories":[40],"tags":[2657,1230,17243,770,10057,2234,544],"class_list":["post-1207126","post","type-post","status-publish","format-standard","has-post-thumbnail","hentry","category-industria","tag-asociacion","tag-ceav","tag-eleccion","tag-espana","tag-jose-manuel-lastra","tag-presidente","tag-turismo"],"_links":{"self":[{"href":"https:\/\/dimensionturistica.com\/es\/wp-json\/wp\/v2\/posts\/1207126","targetHints":{"allow":["GET"]}}],"collection":[{"href":"https:\/\/dimensionturistica.com\/es\/wp-json\/wp\/v2\/posts"}],"about":[{"href":"https:\/\/dimensionturistica.com\/es\/wp-json\/wp\/v2\/types\/post"}],"author":[{"embeddable":true,"href":"https:\/\/dimensionturistica.com\/es\/wp-json\/wp\/v2\/users\/4"}],"replies":[{"embeddable":true,"href":"https:\/\/dimensionturistica.com\/es\/wp-json\/wp\/v2\/comments?post=1207126"}],"version-history":[{"count":1,"href":"https:\/\/dimensionturistica.com\/es\/wp-json\/wp\/v2\/posts\/1207126\/revisions"}],"predecessor-version":[{"id":1207128,"href":"https:\/\/dimensionturistica.com\/es\/wp-json\/wp\/v2\/posts\/1207126\/revisions\/1207128"}],"wp:featuredmedia":[{"embeddable":true,"href":"https:\/\/dimensionturistica.com\/es\/wp-json\/wp\/v2\/media\/1207127"}],"wp:attachment":[{"href":"https:\/\/dimensionturistica.com\/es\/wp-json\/wp\/v2\/media?parent=1207126"}],"wp:term":[{"taxonomy":"category","embeddable":true,"href":"https:\/\/dimensionturistica.com\/es\/wp-json\/wp\/v2\/categories?post=1207126"},{"taxonomy":"post_tag","embeddable":true,"href":"https:\/\/dimensionturistica.com\/es\/wp-json\/wp\/v2\/tags?post=1207126"}],"curies":[{"name":"wp","href":"https:\/\/api.w.org\/{rel}","templated":true}]}}