{"id":1207105,"date":"2026-09-04T10:25:27","date_gmt":"2026-09-04T10:25:27","guid":{"rendered":"https:\/\/dimensionturistica.com\/es\/?p=1207105"},"modified":"2026-09-04T10:25:27","modified_gmt":"2026-09-04T10:25:27","slug":"jose-manuel-lastra-asume-la-presidencia-de-la-ceav-hasta-el-ano-2030","status":"publish","type":"post","link":"https:\/\/dimensionturistica.com\/es\/jose-manuel-lastra-asume-la-presidencia-de-la-ceav-hasta-el-ano-2030\/","title":{"rendered":"Jos\u00e9 Manuel Lastra asume la presidencia de la CEAV hasta el a\u00f1o 2030."},"content":{"rendered":"<p><strong>La Nueva Era de CEAV: Jose Manuel Lastra al Frente de la Asociaci\u00f3n de Agencias de Viajes<\/strong>  <\/p>\n<p>En un momento crucial para el sector tur\u00edstico espa\u00f1ol, la Confederaci\u00f3n Espa\u00f1ola de Agencias de Viajes (CEAV) ha dado un paso significativo hacia el futuro. La elecci\u00f3n de Jose Manuel Lastra como presidente hasta 2030 no solo marca un cambio en el liderazgo, sino que tambi\u00e9n refleja una visi\u00f3n renovada y audaz que busca enfrentar los desaf\u00edos y aprovechar las oportunidades que presenta el panorama actual del turismo.<\/p>\n<p>Lastra, con una trayectoria s\u00f3lida y un profundo conocimiento del sector, ha asumido el mando en un tiempo en el que la recuperaci\u00f3n del turismo es una prioridad. Durante los \u00faltimos a\u00f1os, las agencias de viajes han enfrentado numerosas adversidades, desde crisis econ\u00f3micas hasta la reciente pandemia de COVID-19, que supuso un desaf\u00edo sin precedentes. Sin embargo, esta nueva presidencia apunta a fortalecer la influencia de las agencias de viajes en la toma de decisiones y en la implementaci\u00f3n de pol\u00edticas que beneficien a todo el sector.<\/p>\n<p>Uno de los aspectos m\u00e1s destacados del nuevo mandato ser\u00e1 la promoci\u00f3n de la digitalizaci\u00f3n y la sostenibilidad. En un mundo cada vez m\u00e1s interconectado, Lastra ha enfatizado la necesidad de que las agencias de viajes se adapten a las nuevas tecnolog\u00edas y tendencias de consumo. La digitalizaci\u00f3n no es solo una herramienta de eficiencia, sino tambi\u00e9n una puerta abierta hacia una mayor personalizaci\u00f3n del servicio al cliente, una tendencia que est\u00e1 marcando la pauta en la industria tur\u00edstica.<\/p>\n<p>Adem\u00e1s, la sostenibilidad es una de las grandes preocupaciones de los viajeros contempor\u00e1neos. Bajo el liderazgo de Lastra, CEAV se compromete a fomentar pr\u00e1cticas responsables que minimicen el impacto ambiental y promuevan un turismo m\u00e1s consciente. Esto incluye desde la promoci\u00f3n de destinos que prioricen la conservaci\u00f3n ambiental, hasta la colaboraci\u00f3n con organizaciones que trabajan en la preservaci\u00f3n de ecosistemas y culturas locales.<\/p>\n<p>En su primer discurso como presidente, Lastra destac\u00f3 la importancia de la colaboraci\u00f3n entre agencias, proveedores y destinos. &#8220;Unidos, somos m\u00e1s fuertes&#8221;, afirm\u00f3, subrayando la necesidad de que la comunidad tur\u00edstica trabaje de manera conjunta para afrontar los retos del futuro. Esta visi\u00f3n integradora es crucial, ya que el turismo es un motor econ\u00f3mico que necesita un enfoque hol\u00edstico y colaborativo.<\/p>\n<p>Adem\u00e1s, uno de los objetivos primordiales de su gesti\u00f3n ser\u00e1 la formaci\u00f3n continua de los profesionales del sector. En un entorno en constante evoluci\u00f3n, la capacitaci\u00f3n se convierte en un pilar fundamental. CEAV promover\u00e1 programas de formaci\u00f3n y actualizaci\u00f3n que equipen a las agencias con las herramientas necesarias para enfrentar el futuro y adaptarse a las demandas cambiantes de los viajeros.<\/p>\n<p>La elecci\u00f3n de Jose Manuel Lastra como l\u00edder de CEAV es, sin duda, un paso hacia adelante para el sector tur\u00edstico en Espa\u00f1a. Su compromiso con la innovaci\u00f3n, la sostenibilidad y la colaboraci\u00f3n marca el inicio de una nueva era. Con desaf\u00edos y oportunidades a la vista, la comunidad de agencias de viajes tiene la oportunidad de reinventarse y superar las expectativas de los viajeros, asegurando que el turismo en Espa\u00f1a no solo recupere su nivel anterior, sino que se eleve a nuevas alturas. <\/p>\n<p>Cada viaje, cada experiencia y cada destino cuentan, y con el liderazgo de Lastra, el futuro se pinta prometedor para el turismo espa\u00f1ol.<\/p>\n<p><em> &#8221; Sources nexotur.com &#8221; <\/em><\/p>\n","protected":false},"excerpt":{"rendered":"<p>La Nueva Era de CEAV: Jose Manuel Lastra al Frente de la Asociaci\u00f3n de Agencias de Viajes En un momento crucial para el sector tur\u00edstico espa\u00f1ol, la Confederaci\u00f3n Espa\u00f1ola de Agencias de Viajes (CEAV) ha dado un paso significativo hacia el futuro. La elecci\u00f3n de Jose Manuel Lastra como presidente hasta 2030 no solo marca [&hellip;]<\/p>\n","protected":false},"author":4,"featured_media":1207106,"comment_status":"open","ping_status":"closed","sticky":false,"template":"","format":"standard","meta":{"om_disable_all_campaigns":false,"jnews-multi-image_gallery":[],"jnews_single_post":[],"jnews_primary_category":[],"jnews_social_meta":[],"footnotes":""},"categories":[40],"tags":[12912,1229,1230,61625,17243,10057,24362,16071,2234],"class_list":["post-1207105","post","type-post","status-publish","format-standard","has-post-thumbnail","hentry","category-industria","tag-12912","tag-carlos-garrido","tag-ceav","tag-confederacion-espanola-de-agencias-de-viajes","tag-eleccion","tag-jose-manuel-lastra","tag-lastra","tag-mesa-del-turismo","tag-presidente"],"_links":{"self":[{"href":"https:\/\/dimensionturistica.com\/es\/wp-json\/wp\/v2\/posts\/1207105","targetHints":{"allow":["GET"]}}],"collection":[{"href":"https:\/\/dimensionturistica.com\/es\/wp-json\/wp\/v2\/posts"}],"about":[{"href":"https:\/\/dimensionturistica.com\/es\/wp-json\/wp\/v2\/types\/post"}],"author":[{"embeddable":true,"href":"https:\/\/dimensionturistica.com\/es\/wp-json\/wp\/v2\/users\/4"}],"replies":[{"embeddable":true,"href":"https:\/\/dimensionturistica.com\/es\/wp-json\/wp\/v2\/comments?post=1207105"}],"version-history":[{"count":1,"href":"https:\/\/dimensionturistica.com\/es\/wp-json\/wp\/v2\/posts\/1207105\/revisions"}],"predecessor-version":[{"id":1207107,"href":"https:\/\/dimensionturistica.com\/es\/wp-json\/wp\/v2\/posts\/1207105\/revisions\/1207107"}],"wp:featuredmedia":[{"embeddable":true,"href":"https:\/\/dimensionturistica.com\/es\/wp-json\/wp\/v2\/media\/1207106"}],"wp:attachment":[{"href":"https:\/\/dimensionturistica.com\/es\/wp-json\/wp\/v2\/media?parent=1207105"}],"wp:term":[{"taxonomy":"category","embeddable":true,"href":"https:\/\/dimensionturistica.com\/es\/wp-json\/wp\/v2\/categories?post=1207105"},{"taxonomy":"post_tag","embeddable":true,"href":"https:\/\/dimensionturistica.com\/es\/wp-json\/wp\/v2\/tags?post=1207105"}],"curies":[{"name":"wp","href":"https:\/\/api.w.org\/{rel}","templated":true}]}}