{"id":1207079,"date":"2026-09-04T09:07:33","date_gmt":"2026-09-04T09:07:33","guid":{"rendered":"https:\/\/dimensionturistica.com\/es\/?p=1207079"},"modified":"2026-09-04T09:07:33","modified_gmt":"2026-09-04T09:07:33","slug":"guia-completa-sobre-la-semana-de-la-moda-de-nueva-york-edicion-primavera-2027","status":"publish","type":"post","link":"https:\/\/dimensionturistica.com\/es\/guia-completa-sobre-la-semana-de-la-moda-de-nueva-york-edicion-primavera-2027\/","title":{"rendered":"Gu\u00eda Completa sobre la Semana de la Moda de Nueva York, Edici\u00f3n Primavera 2027"},"content":{"rendered":"<p><strong>Desfile de Innovaci\u00f3n: Avances y Tendencias en la Semana de la Moda de Nueva York Primavera 2027<\/strong><\/p>\n<p>La Semana de la Moda de Nueva York, uno de los eventos m\u00e1s esperados en el calendario fashionista, se prepara para presentar una sinfon\u00eda de creatividad e innovaci\u00f3n en su edici\u00f3n de Primavera 2027. Con el mundo de la moda adapt\u00e1ndose a las nuevas realidades, esta temporada promete ser un despliegue emocionante que redefine no solo la est\u00e9tica, sino tambi\u00e9n la filosof\u00ed\u0430 detr\u00e1s de las prendas.<\/p>\n<h3>La Influencia de la Sostenibilidad<\/h3>\n<p>En un contexto donde la sostenibilidad se ha convertido en una m\u00e1xima, los dise\u00f1adores est\u00e1n integrando materiales reciclados y t\u00e9cnicas ecol\u00f3gicas en sus colecciones. La tendencia hacia la moda responsable se manifiesta en piezas que no solo son visualmente sorprendentes, sino que tambi\u00e9n cuentan con una historia detr\u00e1s de su creaci\u00f3n. La est\u00e9tica se fusiona con una \u00e9tica que responde a la cultura contempor\u00e1nea, capturando as\u00ed la atenci\u00f3n de consumidores conscientes.<\/p>\n<h3>Colores y Texturas para el Futuro<\/h3>\n<p>La paleta de colores de Primavera 2027 es un canto a la diversidad y la experimentaci\u00f3n. Desde tonos vibrantes que evocan el optimismo hasta matices terrosos que rememoran un retorno a lo natural, cada dise\u00f1ador ofrece una visi\u00f3n sobre c\u00f3mo el color puede transformar el estado de \u00e1nimo. Las texturas, igualmente innovadoras, presentan un juego de superposiciones que a\u00f1aden profundidad a las piezas, creando un contraste fascinante entre lo suave y lo estructurado.<\/p>\n<h3>Siluetas que Marcan Tendencia<\/h3>\n<p>Otra de las caracter\u00edsticas m\u00e1s destacadas de esta temporada es la variedad de siluetas que desaf\u00edan las convenciones. Desde cortes asim\u00e9tricos hasta dise\u00f1os voluminosos, la Semana de la Moda est\u00e1 repleta de propuestas que rompen con los estereotipos tradicionales. Los dise\u00f1adores juegan con la forma, creando prendas que se adaptan y transforman seg\u00fan el movimiento, lo que permite a las y los asistentes experimentar la moda de una manera interactiva.<\/p>\n<h3>Innovaci\u00f3n Tecnol\u00f3gica en la Pasarela<\/h3>\n<p>La tecnolog\u00eda tambi\u00e9n tiene su lugar en esta edici\u00f3n, trayendo consigo avances que prometen transformar la relaci\u00f3n entre el vestuario y el espectador. Las prendas inteligentes, que reaccionan a factores externos como la temperatura y la luz, se convierten en protagonistas de desfiles que a\u00fanan moda y funcionalidad. Adem\u00e1s, la realidad aumentada permitir\u00e1 a los asistentes explorar las colecciones de maneras antes inimaginables, llevando la experiencia de la pasarela a un nivel completamente nuevo.<\/p>\n<h3>La Diversidad como Estilo<\/h3>\n<p>Este a\u00f1o, la representaci\u00f3n se erige como un pilar fundamental. Reforzando la idea de que la moda es para todos, los dise\u00f1adores celebran la diversidad en todas sus formas. Modelos de diferentes or\u00edgenes, cuerpos, y estilos desfilan por la pasarela, ofreciendo un reflejo aut\u00e9ntico de la sociedad actual y contribuyendo a la construcci\u00f3n de un mensaje inclusivo y esperanzador.<\/p>\n<h3>Un Vistazo hacia el Ma\u00f1ana<\/h3>\n<p>La Semana de la Moda de Nueva York Primavera 2027 no solo presenta tendencias, sino que se convierte en un escenario de reflexi\u00f3n sobre el futuro de la industria. Los avances en sostenibilidad, tecnolog\u00eda y diversidad son m\u00e1s que simples modas pasajeras; representan un llamado a la acci\u00f3n para un cambio positivo y duradero en el mundo de la moda.<\/p>\n<p>Con cada colecci\u00f3n presentada, se abren nuevas posibilidades y se desaf\u00edan los l\u00edmites de la creatividad. La expectaci\u00f3n crece y el mundo observa con la vista fija en lo que est\u00e1 por venir. Todos los ojos estar\u00e1n puestos en esta celebraci\u00f3n de la moda, donde cada costura es un paso hacia un futuro m\u00e1s brillante e inclusivo. <\/p>\n<p>Esta temporada promete ser una revelaci\u00f3n no solo para quienes viven y respiran moda, sino para todos aquellos que buscan inspiraci\u00f3n y transformaci\u00f3n en sus vidas cotidianas. La Semana de la Moda de Nueva York est\u00e1 lista para dejar una marca indeleble en la cultura contempor\u00e1nea y m\u00e1s all\u00e1.<\/p>\n<p><em> &#8221; Fuentes www.vogue.com &#8221; <\/em><\/p>\n","protected":false},"excerpt":{"rendered":"<p>Desfile de Innovaci\u00f3n: Avances y Tendencias en la Semana de la Moda de Nueva York Primavera 2027 La Semana de la Moda de Nueva York, uno de los eventos m\u00e1s esperados en el calendario fashionista, se prepara para presentar una sinfon\u00eda de creatividad e innovaci\u00f3n en su edici\u00f3n de Primavera 2027. Con el mundo de [&hellip;]<\/p>\n","protected":false},"author":14,"featured_media":1207080,"comment_status":"open","ping_status":"closed","sticky":false,"template":"","format":"standard","meta":{"om_disable_all_campaigns":false,"jnews-multi-image_gallery":[],"jnews_single_post":[],"jnews_primary_category":[],"jnews_social_meta":[],"footnotes":""},"categories":[144872],"tags":[282761,198687,50180,166,198542,160411,190027,202965,94447,275124,372,6194],"class_list":["post-1207079","post","type-post","status-publish","format-standard","has-post-thumbnail","hentry","category-fashion","tag-2027-fashion","tag-designers","tag-events","tag-fashion","tag-fashion-trends","tag-fashion-week","tag-industry-insights","tag-new-york-fashion-week","tag-runway","tag-spring-2027","tag-style","tag-trends"],"_links":{"self":[{"href":"https:\/\/dimensionturistica.com\/es\/wp-json\/wp\/v2\/posts\/1207079","targetHints":{"allow":["GET"]}}],"collection":[{"href":"https:\/\/dimensionturistica.com\/es\/wp-json\/wp\/v2\/posts"}],"about":[{"href":"https:\/\/dimensionturistica.com\/es\/wp-json\/wp\/v2\/types\/post"}],"author":[{"embeddable":true,"href":"https:\/\/dimensionturistica.com\/es\/wp-json\/wp\/v2\/users\/14"}],"replies":[{"embeddable":true,"href":"https:\/\/dimensionturistica.com\/es\/wp-json\/wp\/v2\/comments?post=1207079"}],"version-history":[{"count":1,"href":"https:\/\/dimensionturistica.com\/es\/wp-json\/wp\/v2\/posts\/1207079\/revisions"}],"predecessor-version":[{"id":1207081,"href":"https:\/\/dimensionturistica.com\/es\/wp-json\/wp\/v2\/posts\/1207079\/revisions\/1207081"}],"wp:featuredmedia":[{"embeddable":true,"href":"https:\/\/dimensionturistica.com\/es\/wp-json\/wp\/v2\/media\/1207080"}],"wp:attachment":[{"href":"https:\/\/dimensionturistica.com\/es\/wp-json\/wp\/v2\/media?parent=1207079"}],"wp:term":[{"taxonomy":"category","embeddable":true,"href":"https:\/\/dimensionturistica.com\/es\/wp-json\/wp\/v2\/categories?post=1207079"},{"taxonomy":"post_tag","embeddable":true,"href":"https:\/\/dimensionturistica.com\/es\/wp-json\/wp\/v2\/tags?post=1207079"}],"curies":[{"name":"wp","href":"https:\/\/api.w.org\/{rel}","templated":true}]}}