{"id":1207060,"date":"2026-09-04T08:15:30","date_gmt":"2026-09-04T08:15:30","guid":{"rendered":"https:\/\/dimensionturistica.com\/es\/?p=1207060"},"modified":"2026-09-04T08:15:30","modified_gmt":"2026-09-04T08:15:30","slug":"puerto-rico-sera-el-destino-internacional-destacado-en-la-feria-turistica-anato-2027","status":"publish","type":"post","link":"https:\/\/dimensionturistica.com\/es\/puerto-rico-sera-el-destino-internacional-destacado-en-la-feria-turistica-anato-2027\/","title":{"rendered":"Puerto Rico ser\u00e1 el Destino Internacional Destacado en la Feria Tur\u00edstica Anato 2027"},"content":{"rendered":"<p><strong>Puerto Rico: Un Para\u00edso Tur\u00edstico con Accento en la Feria ANATO 2027<\/strong><\/p>\n<p>En un mundo donde la movilidad y la b\u00fasqueda de experiencias \u00fanicas son cada vez m\u00e1s apreciadas, Puerto Rico se perfila como un destino emblem\u00e1tico que atraer\u00e1 las miradas del sector tur\u00edstico internacional. En 2027, esta joya del Caribe ser\u00e1 el destino invitado de honor en la prestigiosa Feria Anato, un evento que promete ser un escaparate del dinamismo y la cultura vibrante de esta isla rica en tradiciones y belleza natural.<\/p>\n<p>La elecci\u00f3n de Puerto Rico como destino destacado en este importante evento no es una casualidad. La isla es conocida por su diversidad de atracciones que combinan historia, cultura y paisajes excepcionales. Desde las vibrantes calles del Viejo San Juan, con sus coloridas casas coloniales y fuertes hist\u00f3ricos, hasta las majestuosas playas de arena blanca que invitan al descanso y la diversi\u00f3n, Puerto Rico ofrece un sinf\u00edn de posibilidades para los viajeros.<\/p>\n<p>Una de las grandes ventajas que posiciona a Puerto Rico en el mapa tur\u00edstico mundial es su accesibilidad. Como territorio de Estados Unidos, los visitantes de muchas regiones pueden disfrutar de un viaje sin la necesidad de pasaporte, lo que simplifica la experiencia y la hace a\u00fan m\u00e1s atractiva. Adem\u00e1s, la hospitalidad de los puertorrique\u00f1os es reconocida internacionalmente, lo que a\u00f1ade un toque c\u00e1lido y acogedor a cada visita.<\/p>\n<p>En el marco de la Feria Anato, Puerto Rico no solo exhibir\u00e1 sus atractivos tur\u00edsticos, sino que tambi\u00e9n compartir\u00e1 su rica cultura. Con presentaciones en vivo, degustaciones culinarias y talleres de arte, los participantes tendr\u00e1n la oportunidad de sumergirse en las tradiciones de la isla. Desde el famoso mofongo hasta el refrescante coquito, la gastronom\u00eda puertorrique\u00f1a cautivar\u00e1 los paladares de quienes se acerquen a conocer m\u00e1s sobre este fascinante destino.<\/p>\n<p>La Feria Anato se ha consolidado como uno de los encuentros m\u00e1s importantes de la industria tur\u00edstica en Am\u00e9rica Latina, y el papel de Puerto Rico como invitado de honor resalta la importancia de la colaboraci\u00f3n entre destinos. Este evento no solo permitir\u00e1 que el mundo conozca m\u00e1s sobre la isla, sino que tambi\u00e9n abrir\u00e1 puertas para alianzas estrat\u00e9gicas que beneficiar\u00e1n a la industria del turismo en la regi\u00f3n.<\/p>\n<p>A lo largo de los a\u00f1os, Puerto Rico ha enfrentado desaf\u00edos, pero su resiliencia y capacidad de reinvenci\u00f3n son dignas de admiraci\u00f3n. Con un renovado enfoque en la sostenibilidad y el turismo responsable, la isla busca atraer a aquellos viajeros que deseen explorar de manera consciente, promoviendo iniciativas que protegen su biodiversidad y patrimonio cultural.<\/p>\n<p>Para quienes planean su pr\u00f3xima aventura, Puerto Rico est\u00e1 listo para ser m\u00e1s que un simple destino; promete ser una experiencia inolvidable, donde cada rinc\u00f3n cuenta una historia y cada encuentro se convierte en un recuerdo imborrable. La Feria Anato 2027 ser\u00e1 la plataforma perfecta para que el mundo descubra todo lo que este hermoso rinc\u00f3n del Caribe tiene para ofrecer.<\/p>\n<p>No cabe duda de que Puerto Rico, con su oferta diversa y su rica culturalidad, se posiciona no solo como un destino tur\u00edstico, sino como un s\u00edmbolo de esperanza y fortaleza en la industria del turismo internacional. Con la mirada puesta en el futuro, espera recibir a viajeros de todas partes con los brazos abiertos, listos para compartir su esencia \u00fanica.<\/p>\n<p><em> &#8221; Sources zonacero.com &#8221; <\/em><\/p>\n","protected":false},"excerpt":{"rendered":"<p>Puerto Rico: Un Para\u00edso Tur\u00edstico con Accento en la Feria ANATO 2027 En un mundo donde la movilidad y la b\u00fasqueda de experiencias \u00fanicas son cada vez m\u00e1s apreciadas, Puerto Rico se perfila como un destino emblem\u00e1tico que atraer\u00e1 las miradas del sector tur\u00edstico internacional. En 2027, esta joya del Caribe ser\u00e1 el destino invitado [&hellip;]<\/p>\n","protected":false},"author":4,"featured_media":1207061,"comment_status":"open","ping_status":"closed","sticky":false,"template":"","format":"standard","meta":{"om_disable_all_campaigns":false,"jnews-multi-image_gallery":[],"jnews_single_post":[],"jnews_primary_category":[],"jnews_social_meta":[],"footnotes":""},"categories":[40],"tags":[1408,296695,771,15621,724,39411,92257,3067,6752,544],"class_list":["post-1207060","post","type-post","status-publish","format-standard","has-post-thumbnail","hentry","category-industria","tag-anato","tag-anato-2027","tag-colombia","tag-destino-internacional","tag-eventos","tag-feria-turistica","tag-invitado-de-honor","tag-promocion-turistica","tag-puerto-rico","tag-turismo"],"_links":{"self":[{"href":"https:\/\/dimensionturistica.com\/es\/wp-json\/wp\/v2\/posts\/1207060","targetHints":{"allow":["GET"]}}],"collection":[{"href":"https:\/\/dimensionturistica.com\/es\/wp-json\/wp\/v2\/posts"}],"about":[{"href":"https:\/\/dimensionturistica.com\/es\/wp-json\/wp\/v2\/types\/post"}],"author":[{"embeddable":true,"href":"https:\/\/dimensionturistica.com\/es\/wp-json\/wp\/v2\/users\/4"}],"replies":[{"embeddable":true,"href":"https:\/\/dimensionturistica.com\/es\/wp-json\/wp\/v2\/comments?post=1207060"}],"version-history":[{"count":1,"href":"https:\/\/dimensionturistica.com\/es\/wp-json\/wp\/v2\/posts\/1207060\/revisions"}],"predecessor-version":[{"id":1207062,"href":"https:\/\/dimensionturistica.com\/es\/wp-json\/wp\/v2\/posts\/1207060\/revisions\/1207062"}],"wp:featuredmedia":[{"embeddable":true,"href":"https:\/\/dimensionturistica.com\/es\/wp-json\/wp\/v2\/media\/1207061"}],"wp:attachment":[{"href":"https:\/\/dimensionturistica.com\/es\/wp-json\/wp\/v2\/media?parent=1207060"}],"wp:term":[{"taxonomy":"category","embeddable":true,"href":"https:\/\/dimensionturistica.com\/es\/wp-json\/wp\/v2\/categories?post=1207060"},{"taxonomy":"post_tag","embeddable":true,"href":"https:\/\/dimensionturistica.com\/es\/wp-json\/wp\/v2\/tags?post=1207060"}],"curies":[{"name":"wp","href":"https:\/\/api.w.org\/{rel}","templated":true}]}}