{"id":1207036,"date":"2026-09-04T07:10:26","date_gmt":"2026-09-04T07:10:26","guid":{"rendered":"https:\/\/dimensionturistica.com\/es\/?p=1207036"},"modified":"2026-09-04T07:10:26","modified_gmt":"2026-09-04T07:10:26","slug":"actualizaciones-para-profesionales-del-sector-turistico-51","status":"publish","type":"post","link":"https:\/\/dimensionturistica.com\/es\/actualizaciones-para-profesionales-del-sector-turistico-51\/","title":{"rendered":"Actualizaciones para Profesionales del Sector Tur\u00edstico"},"content":{"rendered":"<p><strong>La Revoluci\u00f3n de los Viajes Oficiales en Espa\u00f1a: Un Concurso en el Ojo del Hurac\u00e1n<\/strong><\/p>\n<p>En un mundo donde la eficiencia y la transparencia son m\u00e1s importantes que nunca, el sector del turismo y los viajes oficiales en Espa\u00f1a se encuentra en el centro de un intenso debate. La reciente disputa en torno al concurso de 6,048 millones de euros para gestionar los viajes de los ministerios ha puesto de relieve no solo los retos de la administraci\u00f3n p\u00fablica, sino tambi\u00e9n la manera en que estos procesos pueden afectar a la industria del turismo en el pa\u00eds.<\/p>\n<p>La situaci\u00f3n es compleja. Por un lado, se busca optimizar las gestiones de desplazamiento de los funcionarios p\u00fablicos, un aspecto fundamental para el buen funcionamiento del aparato administrativo. En este sentido, la asignaci\u00f3n de un contrato de tal magnitud promete modernizar la forma en que se realizan los viajes oficiales, incorporando tecnolog\u00edas que faciliten la planificaci\u00f3n y el seguimiento de itinerarios, as\u00ed como medidas que garanticen la responsabilidad en el gasto p\u00fablico.<\/p>\n<p>Sin embargo, el desaf\u00edo no se limita a la b\u00fasqueda de eficiencia. El panorama se complica cuando se introducen actores con intereses diversos. La empresa Gebta ha tomado acciones legales en respuesta a la adjudicaci\u00f3n, argumentando la necesidad de revisar el proceso de selecci\u00f3n y asegurarse de que todos los participantes tengan la oportunidad justa de competir. Este movimiento plantea preguntas acerca de la equidad, la transparencia y la necesidad de que se garantice una competencia sana en el mercado tur\u00edstico.<\/p>\n<p>La importancia de este concurso va m\u00e1s all\u00e1 del monto econ\u00f3mico en juego; tambi\u00e9n tiene un impacto directo en el tejido del turismo en Espa\u00f1a. Los viajes de negocios son un componente vital del sector tur\u00edstico, ya que impulsan la ocupaci\u00f3n hotelera, el transporte y muchas otras \u00e1reas relacionadas. Un sistema de gesti\u00f3n de viajes eficiente puede no solo mejorar la experiencia de los funcionarios, sino tambi\u00e9n enriquecer la oferta para clientes que visitan el pa\u00eds por motivos laborales.<\/p>\n<p>Mientras la disputa legal sigue su curso, las empresas de gesti\u00f3n de viajes est\u00e1n atentas, ya que el fallo podr\u00eda sentar un precedente sobre c\u00f3mo se llevan a cabo futuras licitaciones. Adem\u00e1s, este caso pone en la balanza el papel del sector privado en la gesti\u00f3n de servicios p\u00fablicos, un tema que no solo interesa a las empresas, sino tambi\u00e9n a la ciudadan\u00eda, que busca mayor transparencia en los procesos administrativos.<\/p>\n<p>A medida que avanzan las negociaciones y los debates en los tribunales, la expectativa crece. El sector del turismo est\u00e1 en constante evoluci\u00f3n, y la necesidad de adaptarse a los nuevos tiempos es cada vez m\u00e1s apremiante. La manera en que se resuelva esta situaci\u00f3n podr\u00eda convertirse en un modelo para gestionar otros concursos p\u00fablicos en el futuro.<\/p>\n<p>Por lo tanto, el rumbo de los viajes oficiales en Espa\u00f1a est\u00e1 en juego, y su resoluci\u00f3n podr\u00eda redefinir no solo las pol\u00edticas p\u00fablicas, sino tambi\u00e9n la forma en que el turismo se articula con la administraci\u00f3n estatal. Los meses venideros son cruciales y, sin duda, marcar\u00e1n un hito importante para el sector. La industria tur\u00edstica deber\u00e1 permanecer alerta y proactiva, buscando siempre la mejora continua y el fortalecimiento de un sistema que sirva tanto a los funcionarios como a quienes visitan el pa\u00eds por motivos laborales. Al final del d\u00eda, el objetivo com\u00fan es crear un entorno que promueva un turismo responsable, eficiente y que beneficie a todos los actores involucrados.<\/p>\n<p><em> &#8221; Sources www.agenttravel.es &#8221; <\/em><\/p>\n","protected":false},"excerpt":{"rendered":"<p>La Revoluci\u00f3n de los Viajes Oficiales en Espa\u00f1a: Un Concurso en el Ojo del Hurac\u00e1n En un mundo donde la eficiencia y la transparencia son m\u00e1s importantes que nunca, el sector del turismo y los viajes oficiales en Espa\u00f1a se encuentra en el centro de un intenso debate. La reciente disputa en torno al concurso [&hellip;]<\/p>\n","protected":false},"author":4,"featured_media":1207037,"comment_status":"open","ping_status":"closed","sticky":false,"template":"","format":"standard","meta":{"om_disable_all_campaigns":false,"jnews-multi-image_gallery":[],"jnews_single_post":[],"jnews_primary_category":[],"jnews_social_meta":[],"footnotes":""},"categories":[40],"tags":[1181,569,21191,9288,47338,47339,715,1289,47340,39936,17436,6942,705,21552,47337,773,72133,26265,5794,4020,18737,2182,10844,544,1488],"class_list":["post-1207036","post","type-post","status-publish","format-standard","has-post-thumbnail","hentry","category-industria","tag-agencia-de-viajes","tag-agencias-de-viajes","tag-agente-de-viajes","tag-companias-aereas","tag-diario-de-turismo","tag-diario-turistico","tag-economia","tag-hoteles","tag-informacion-de-turismo","tag-informacion-turistica","tag-marketing-turistico","tag-mayoristas","tag-noticias","tag-noticias-de-turismo","tag-noticias-turisticas","tag-opinion","tag-profesionales-del-turismo","tag-rent-a-car","tag-sector-aereo","tag-sector-turistico","tag-seguros-de-viaje","tag-tendencias","tag-tendencias-de-viaje","tag-turismo","tag-turoperadores"],"_links":{"self":[{"href":"https:\/\/dimensionturistica.com\/es\/wp-json\/wp\/v2\/posts\/1207036","targetHints":{"allow":["GET"]}}],"collection":[{"href":"https:\/\/dimensionturistica.com\/es\/wp-json\/wp\/v2\/posts"}],"about":[{"href":"https:\/\/dimensionturistica.com\/es\/wp-json\/wp\/v2\/types\/post"}],"author":[{"embeddable":true,"href":"https:\/\/dimensionturistica.com\/es\/wp-json\/wp\/v2\/users\/4"}],"replies":[{"embeddable":true,"href":"https:\/\/dimensionturistica.com\/es\/wp-json\/wp\/v2\/comments?post=1207036"}],"version-history":[{"count":1,"href":"https:\/\/dimensionturistica.com\/es\/wp-json\/wp\/v2\/posts\/1207036\/revisions"}],"predecessor-version":[{"id":1207038,"href":"https:\/\/dimensionturistica.com\/es\/wp-json\/wp\/v2\/posts\/1207036\/revisions\/1207038"}],"wp:featuredmedia":[{"embeddable":true,"href":"https:\/\/dimensionturistica.com\/es\/wp-json\/wp\/v2\/media\/1207037"}],"wp:attachment":[{"href":"https:\/\/dimensionturistica.com\/es\/wp-json\/wp\/v2\/media?parent=1207036"}],"wp:term":[{"taxonomy":"category","embeddable":true,"href":"https:\/\/dimensionturistica.com\/es\/wp-json\/wp\/v2\/categories?post=1207036"},{"taxonomy":"post_tag","embeddable":true,"href":"https:\/\/dimensionturistica.com\/es\/wp-json\/wp\/v2\/tags?post=1207036"}],"curies":[{"name":"wp","href":"https:\/\/api.w.org\/{rel}","templated":true}]}}