{"id":1207004,"date":"2026-09-04T05:40:22","date_gmt":"2026-09-04T05:40:22","guid":{"rendered":"https:\/\/dimensionturistica.com\/es\/?p=1207004"},"modified":"2026-09-04T05:40:22","modified_gmt":"2026-09-04T05:40:22","slug":"mi-estilo-de-empaque-lili-chemla-fundadora-de-leset","status":"publish","type":"post","link":"https:\/\/dimensionturistica.com\/es\/mi-estilo-de-empaque-lili-chemla-fundadora-de-leset\/","title":{"rendered":"Mi Estilo de Empaque: Lili Chemla, Fundadora de Leset"},"content":{"rendered":"<p><strong>La Elegancia de Empacar: Descubriendo el Estilo de Una Trendsetter<\/strong><\/p>\n<p>En el mundo de la moda, el acto de empacar va m\u00e1s all\u00e1 de una simple necesidad. Para algunas, se convierte en una declaraci\u00f3n de estilo. Esta es la historia de c\u00f3mo la est\u00e9tica individual puede transformarse en un arte temporal, e Lili Chemla, una aut\u00e9ntica apasionada de la moda, es la mejor embajadora de esta filosof\u00eda.<\/p>\n<p><strong>La Estrategia del Empaque Inteligente<\/strong><\/p>\n<p>Empacar puede parecer un desaf\u00edo, pero con un enfoque reflexivo, se convierte en una oportunidad de exhibir la propia personalidad a trav\u00e9s de la selecci\u00f3n de prendas. Lili, conocida por su trabajo en el \u00e1mbito de la moda y sus apasionados viajes, ha desarrollado un m\u00e9todo ingenioso: elegir piezas que no solo sean vers\u00e1tiles, sino que tambi\u00e9n cuenten una historia. Desde blusas ligeras hasta abrigos elegantes, cada elecci\u00f3n refleja su estilo \u00fanico y su filosof\u00eda de vida.<\/p>\n<p><strong>La Importancia de la Paleta de Colores<\/strong><\/p>\n<p>Un elemento clave en el empacado estiloso es la paleta de colores. Las combinaciones armoniosas no solo facilitan la coordinaci\u00f3n de atuendos, sino que tambi\u00e9n a\u00f1aden un nivel de sofisticaci\u00f3n. En su proceso, Lili elige tonos que pueden mezclarse y combinarse sin esfuerzo, lo que permite crear m\u00faltiples looks a partir de un n\u00famero limitado de piezas. Esta estrategia no solo minimiza el peso de la maleta, sino que tambi\u00e9n asegura una variedad estil\u00edstica que puede adaptarse a cualquier ocasi\u00f3n.<\/p>\n<p><strong>Accesorios: El Toque Definitivo<\/strong><\/p>\n<p>Los accesorios son, sin duda, los protagonistas de cualquier atuendo bien logrado. Lili deja claro que no se trata de cargar la maleta con una cantidad excesiva de complementos, sino de seleccionar aquellos que a\u00f1aden un toque distintivo. Joyas delicadas, bufandas llamativas o un bolso statement pueden elevar a\u00fan m\u00e1s un look b\u00e1sico. Estos detalles hacen que cada conjunto sea memorable y refleje la esencia de quien lo lleva.<\/p>\n<p><strong>Prendas Multifuncionales: Menos es M\u00e1s<\/strong><\/p>\n<p>Al seleccionar ropa para viajes, Lili aboga por la funcionalidad. Prendas que se pueden usar en distintas configuraciones no solo son pr\u00e1cticas, sino que tambi\u00e9n permiten maximizar el espacio en la maleta. Un vestido que se puede transformar de casual a elegante con solo cambiar unos accesorios, o unos pantalones que se adaptan a climas variables, son ejemplos de su enfoque. Este tipo de versatilidad es crucial para cualquier amante de la moda que busca permanecer chic mientras viaja.<\/p>\n<p><strong>Planificaci\u00f3n y Creatividad: Claves del \u00c9xito<\/strong><\/p>\n<p>Finalmente, el proceso de empacar no es \u00fanicamente log\u00edstico, sino tambi\u00e9n una experiencia creativa. Lili enfatiza la importancia de planificar el viaje con anticipaci\u00f3n, visualizando cada d\u00eda y su respectivo atuendo. Este ejercicio no solo ayuda a organitzar mejor, sino que tambi\u00e9n estimula la imaginaci\u00f3n. Al combinar estilo y funcionalidad, el arte de empacar se convierte en una extensi\u00f3n de la identidad personal.<\/p>\n<p><strong>La Moda como un Viaje<\/strong><\/p>\n<p>A trav\u00e9s del arte de empacar, se revela una verdad innegable: la moda es un viaje continuo. La capacidad de Lili Chemla para transformar este proceso en una forma de expresi\u00f3n es un recordatorio de que cada paso que damos, ya sea en la pasarela o en el mundo real, tiene el potencial de ser una declaraci\u00f3n audaz. Empacar se convierte, as\u00ed, en una reflexi\u00f3n de qui\u00e9nes somos y c\u00f3mo elegimos presentarnos al mundo. La pr\u00f3xima vez que se prepare para un viaje, preg\u00fantese: \u00bfqu\u00e9 historia va a contar esta vez?<\/p>\n<p><em> &#8221; Fuentes www.vogue.com &#8221; <\/em><\/p>\n","protected":false},"excerpt":{"rendered":"<p>La Elegancia de Empacar: Descubriendo el Estilo de Una Trendsetter En el mundo de la moda, el acto de empacar va m\u00e1s all\u00e1 de una simple necesidad. Para algunas, se convierte en una declaraci\u00f3n de estilo. Esta es la historia de c\u00f3mo la est\u00e9tica individual puede transformarse en un arte temporal, e Lili Chemla, una [&hellip;]<\/p>\n","protected":false},"author":14,"featured_media":1207005,"comment_status":"open","ping_status":"closed","sticky":false,"template":"","format":"standard","meta":{"om_disable_all_campaigns":false,"jnews-multi-image_gallery":[],"jnews_single_post":[],"jnews_primary_category":[],"jnews_social_meta":[],"footnotes":""},"categories":[144872],"tags":[198537,250506,198536,198535,29821,73695,166,224840,309,296736,198499,74200,71240,202,217122,372,198500,685,236863,373],"class_list":["post-1207004","post","type-post","status-publish","format-standard","has-post-thumbnail","hentry","category-fashion","tag-_commerce","tag-_presets_commerce_vogue","tag-_seo","tag-_syndication_noshow","tag-design","tag-entrepreneurship","tag-fashion","tag-leset","tag-lifestyle","tag-lili-chemla","tag-onecolumn","tag-organization","tag-packing","tag-shopping","tag-storytypecategory-guide-comparison","tag-style","tag-textabovecenterfullbleed","tag-travel","tag-travel_shopping","tag-web"],"_links":{"self":[{"href":"https:\/\/dimensionturistica.com\/es\/wp-json\/wp\/v2\/posts\/1207004","targetHints":{"allow":["GET"]}}],"collection":[{"href":"https:\/\/dimensionturistica.com\/es\/wp-json\/wp\/v2\/posts"}],"about":[{"href":"https:\/\/dimensionturistica.com\/es\/wp-json\/wp\/v2\/types\/post"}],"author":[{"embeddable":true,"href":"https:\/\/dimensionturistica.com\/es\/wp-json\/wp\/v2\/users\/14"}],"replies":[{"embeddable":true,"href":"https:\/\/dimensionturistica.com\/es\/wp-json\/wp\/v2\/comments?post=1207004"}],"version-history":[{"count":1,"href":"https:\/\/dimensionturistica.com\/es\/wp-json\/wp\/v2\/posts\/1207004\/revisions"}],"predecessor-version":[{"id":1207006,"href":"https:\/\/dimensionturistica.com\/es\/wp-json\/wp\/v2\/posts\/1207004\/revisions\/1207006"}],"wp:featuredmedia":[{"embeddable":true,"href":"https:\/\/dimensionturistica.com\/es\/wp-json\/wp\/v2\/media\/1207005"}],"wp:attachment":[{"href":"https:\/\/dimensionturistica.com\/es\/wp-json\/wp\/v2\/media?parent=1207004"}],"wp:term":[{"taxonomy":"category","embeddable":true,"href":"https:\/\/dimensionturistica.com\/es\/wp-json\/wp\/v2\/categories?post=1207004"},{"taxonomy":"post_tag","embeddable":true,"href":"https:\/\/dimensionturistica.com\/es\/wp-json\/wp\/v2\/tags?post=1207004"}],"curies":[{"name":"wp","href":"https:\/\/api.w.org\/{rel}","templated":true}]}}