{"id":1206968,"date":"2026-09-04T03:56:44","date_gmt":"2026-09-04T03:56:44","guid":{"rendered":"https:\/\/dimensionturistica.com\/es\/?p=1206968"},"modified":"2026-09-04T03:56:44","modified_gmt":"2026-09-04T03:56:44","slug":"interrias-intensifica-su-operativa-para-el-ano-santo-2027-ante-la-creciente-demanda","status":"publish","type":"post","link":"https:\/\/dimensionturistica.com\/es\/interrias-intensifica-su-operativa-para-el-ano-santo-2027-ante-la-creciente-demanda\/","title":{"rendered":"InterR\u00edas Intensifica su Operativa para el A\u00f1o Santo 2027 Ante la Creciente Demanda"},"content":{"rendered":"<p><strong>Camino a Santiago: Interra\u00edas acelera su operativa para el Xacobeo 2027<\/strong><\/p>\n<p>El fen\u00f3meno del Xacobeo ha resurgido con fuerza en el imaginario colectivo, atrayendo a viajeros de todas partes del mundo hacia el Camino de Santiago. Este a\u00f1o, se espera un aumento significativo en la demanda, lo que ha llevado a diversas operadoras a preparar sus servicios para satisfacer a los peregrinos que buscan vivir esta experiencia espiritual y cultural \u00fanica.<\/p>\n<p>Interra\u00edas, una de las empresas l\u00edderes en el sector tur\u00edstico, ha decidido acelerar su operativa en previsi\u00f3n del Xacobeo 2027. En los \u00faltimos meses, han dise\u00f1ado y ajustado una serie de ofertas que permiten a los viajeros disfrutar plenamente del recorrido, sin que se sientan abrumados por la log\u00edstica. Desde la organizaci\u00f3n de alojamientos hasta el transporte de equipaje, cada detalle ha sido pensado para que el peregrino pueda centrarse en la experiencia misma del camino.<\/p>\n<p>La demanda de este a\u00f1o ha mostrado un incremento extraordinario. Muchos viajeros no solo buscan atravesar las rutas, sino tambi\u00e9n sumergirse en la historia, tradiciones y gastronom\u00eda de las regiones que se cruzan en su trayecto. Por esta raz\u00f3n, Interra\u00edas ha incorporado gu\u00edas locales que ofrecen relatos aut\u00e9nticos sobre cada etapa del viaje, potenciando el valor cultural de la traves\u00eda.<\/p>\n<p>Uno de los aspectos m\u00e1s destacados de la operativa de Interra\u00edas es su flexibilidad. Comprendiendo que cada peregrino es \u00fanico, disponen de diversas rutas personalizables, adecuadas tanto para quienes buscan un desaf\u00edo f\u00edsico como para aquellos que prefieren un ritmo m\u00e1s tranquilo. Esto permite a cada viajero disfrutar del Camino a su manera, ya sea a pie o en bicicleta.<\/p>\n<p>Las rutas incluyen paradas estrat\u00e9gicas en localidades emblem\u00e1ticas, donde es posible degustar la rica gastronom\u00eda gallega, desde los famosos mariscos hasta el tradicional pulpo a la gallega. Estos encuentros no solo satisfacen el paladar, sino que tambi\u00e9n ofrecen una conexi\u00f3n m\u00e1s profunda con la cultura local, enriqueciendo as\u00ed la experiencia del peregrinaje.<\/p>\n<p>Adem\u00e1s, dado el creciente inter\u00e9s por el bienestar y la sostenibilidad, Interra\u00edas ha implementado pr\u00e1cticas respetuosas con el medio ambiente. Esto incluye el uso de materiales reciclables en sus recursos promocionales y la promoci\u00f3n de un turismo responsable que respete la naturaleza y las comunidades locales. Estas iniciativas no solo alinean a la empresa con los valores actuales de los viajeros, sino que tambi\u00e9n contribuyen a la preservaci\u00f3n del Camino de Santiago para futuras generaciones.<\/p>\n<p>El Xacobeo no es solo un a\u00f1o de celebraci\u00f3n; es una puerta abierta al autodescubrimiento y la reflexi\u00f3n. Con cada paso en el Camino, los peregrinos transforman su experiencia personal mientras construyen un sentido de comunidad, uniendo a personas de diversas culturas y nacionalidades.<\/p>\n<p>Con la llegada del Xacobeo 2027, la expectativa crece y las preparativas se intensifican. Aquellos que deseen emprender esta aventura en los pr\u00f3ximos a\u00f1os encontrar\u00e1n en Interra\u00edas un aliado comprometido, listo para guiarles en cada paso del camino. As\u00ed, el antiguo sendero que conduce a Santiago de Compostela se renueva, ofreciendo a nuevas generaciones la oportunidad de conectar con la tradici\u00f3n y la espiritualidad que han caracterizado a esta ruta a lo largo de los siglos. Las inscripciones ya est\u00e1n abiertas y la invitaci\u00f3n est\u00e1 hecha: el Camino de Santiago aguarda a quienes buscan no solo un destino, sino una vivencia transformadora.<\/p>\n<p><em> &#8221; Sources nexotur.com &#8221; <\/em><\/p>\n","protected":false},"excerpt":{"rendered":"<p>Camino a Santiago: Interra\u00edas acelera su operativa para el Xacobeo 2027 El fen\u00f3meno del Xacobeo ha resurgido con fuerza en el imaginario colectivo, atrayendo a viajeros de todas partes del mundo hacia el Camino de Santiago. Este a\u00f1o, se espera un aumento significativo en la demanda, lo que ha llevado a diversas operadoras a preparar [&hellip;]<\/p>\n","protected":false},"author":4,"featured_media":1206969,"comment_status":"open","ping_status":"closed","sticky":false,"template":"","format":"standard","meta":{"om_disable_all_campaigns":false,"jnews-multi-image_gallery":[],"jnews_single_post":[],"jnews_primary_category":[],"jnews_social_meta":[],"footnotes":""},"categories":[40],"tags":[36021,296726,296727,4852,46779,10557,3418,82950,544,545,22359,8489,36592,296728],"class_list":["post-1206968","post","type-post","status-publish","format-standard","has-post-thumbnail","hentry","category-industria","tag-alta-demanda","tag-ano-santo","tag-fabian-buezas","tag-galicia","tag-interrias","tag-operativa","tag-peregrinacion","tag-santiago-apostol","tag-turismo","tag-viajes","tag-viajes-en-grupo","tag-viajes-interrias","tag-xacobeo","tag-xacobeo-2027"],"_links":{"self":[{"href":"https:\/\/dimensionturistica.com\/es\/wp-json\/wp\/v2\/posts\/1206968","targetHints":{"allow":["GET"]}}],"collection":[{"href":"https:\/\/dimensionturistica.com\/es\/wp-json\/wp\/v2\/posts"}],"about":[{"href":"https:\/\/dimensionturistica.com\/es\/wp-json\/wp\/v2\/types\/post"}],"author":[{"embeddable":true,"href":"https:\/\/dimensionturistica.com\/es\/wp-json\/wp\/v2\/users\/4"}],"replies":[{"embeddable":true,"href":"https:\/\/dimensionturistica.com\/es\/wp-json\/wp\/v2\/comments?post=1206968"}],"version-history":[{"count":1,"href":"https:\/\/dimensionturistica.com\/es\/wp-json\/wp\/v2\/posts\/1206968\/revisions"}],"predecessor-version":[{"id":1206970,"href":"https:\/\/dimensionturistica.com\/es\/wp-json\/wp\/v2\/posts\/1206968\/revisions\/1206970"}],"wp:featuredmedia":[{"embeddable":true,"href":"https:\/\/dimensionturistica.com\/es\/wp-json\/wp\/v2\/media\/1206969"}],"wp:attachment":[{"href":"https:\/\/dimensionturistica.com\/es\/wp-json\/wp\/v2\/media?parent=1206968"}],"wp:term":[{"taxonomy":"category","embeddable":true,"href":"https:\/\/dimensionturistica.com\/es\/wp-json\/wp\/v2\/categories?post=1206968"},{"taxonomy":"post_tag","embeddable":true,"href":"https:\/\/dimensionturistica.com\/es\/wp-json\/wp\/v2\/tags?post=1206968"}],"curies":[{"name":"wp","href":"https:\/\/api.w.org\/{rel}","templated":true}]}}