{"id":1206965,"date":"2026-09-04T03:55:29","date_gmt":"2026-09-04T03:55:29","guid":{"rendered":"https:\/\/dimensionturistica.com\/es\/?p=1206965"},"modified":"2026-09-04T03:55:29","modified_gmt":"2026-09-04T03:55:29","slug":"vuelven-los-jeans-marron-combinados-con-sneakers-calzado-plano-y-sandalias-para-brillar-en-septiembre-de-2026","status":"publish","type":"post","link":"https:\/\/dimensionturistica.com\/es\/vuelven-los-jeans-marron-combinados-con-sneakers-calzado-plano-y-sandalias-para-brillar-en-septiembre-de-2026\/","title":{"rendered":"Vuelven los jeans marr\u00f3n combinados con sneakers, calzado plano y sandalias para brillar en septiembre de 2026."},"content":{"rendered":"<p><strong>El Renacer de los Jeans Caf\u00e9: Comb\u00ednalos con Estilo en Esta Temporada<\/strong><\/p>\n<p>A medida que septiembre avanza, el armario se transforma y los colores c\u00e1lidos comienzan a destacar en las tendencias de moda. Uno de los elementos clave de la temporada es, sin duda, el jeans caf\u00e9. Vers\u00e1til, elegante y f\u00e1cil de adaptar, esta prenda se convierte en el lienzo perfecto para una variedad de estilos que imponen su presencia en las calles.<\/p>\n<p><strong>El Elegante Encuentro con los Tenis<\/strong><\/p>\n<p>La combinaci\u00f3n de jeans caf\u00e9 con tenis es una tendencia que est\u00e1 arrasando. No solo aportan un toque casual, sino que tambi\u00e9n a\u00f1aden un aire moderno a cualquier atuendo. Optar por unas zapatillas blancas o en tonos neutrales crea un contraste atractivo con el marr\u00f3n del denim, logrando un look fresco perfecto para un d\u00eda activo. Los gamas pastel en los tenis ofrecen una alternativa vibrante que puede iluminar el conjunto sin perder sofisticaci\u00f3n.<\/p>\n<p><strong>Simplicidad y Comodidad con Zapatos Planos<\/strong><\/p>\n<p>Para quienes buscan un estilo que combine comodidad y elegancia, los zapatos planos son la opci\u00f3n ideal. Imagina unos mocasines negros o unos loafers en tonos naturales con tus jeans caf\u00e9. Esta fusi\u00f3n no solo es ideal para la oficina, sino que tambi\u00e9n resulta perfecta para una reuni\u00f3n informal. Los acabados en cuero o gamuza pueden elevar el look, brindando un aire m\u00e1s refinado y adapt\u00e1ndose a las exigencias del d\u00eda a d\u00eda.<\/p>\n<p><strong>El Toque Chic de las Sandalias<\/strong><\/p>\n<p>La llegada del oto\u00f1o no significa que debas dejar de lado las sandalias. Este tipo de calzado puede ser una excelente elecci\u00f3n, especialmente aquellas de tiras finas o de plataforma, que complementan a la perfecci\u00f3n la est\u00e9tica relajada de los jeans caf\u00e9. Las sandalias en tonos met\u00e1licos o con estampados sutiles aportan un toque de glamour, ideal para ocasiones m\u00e1s especiales. Mantener el atuendo ligero y fresco es clave para adaptarse a las temperaturas cambiantes de la temporada.<\/p>\n<p><strong>Accesorios que Potencian el Look<\/strong><\/p>\n<p>No hay que subestimar el poder de los accesorios. Un cintur\u00f3n de cuero en un tono m\u00e1s oscuro o una bufanda ligera en colores oto\u00f1ales pueden ser el detalle que complemente la propuesta. Adem\u00e1s, elegir joyas en tonos dorados o plateados puede a\u00f1adir un brillo sutil que eleve incluso los looks m\u00e1s simples. La clave est\u00e1 en encontrar ese equilibrio que haga que el conjunto se sienta aut\u00e9ntico y personalizado.<\/p>\n<p><strong>Paleta de Colores Oto\u00f1ales<\/strong><\/p>\n<p>Aprovechar la gama de colores de la temporada es fundamental. Tonos como el terracota, el verde oliva y los beige suaves son aliados perfectos de los jeans caf\u00e9. Combinar prendas en estos colores con tus jeans no solo refleja el esp\u00edritu de la temporada, sino que tambi\u00e9n ayuda a crear un atuendo cohesivo y armonioso.<\/p>\n<p><strong>Un Armario que Habla de Ti<\/strong><\/p>\n<p>La moda de septiembre no es solo una cuesti\u00f3n de tendencias, sino tambi\u00e9n de expresi\u00f3n personal. Los jeans caf\u00e9 permiten un juego de combinaciones infinito, desde lo casual hasta lo chic. Al seleccionar cada prenda, recuerda que la moda debe ser una extensi\u00f3n de tu personalidad, haciendo que cada look cuente una historia \u00fanica.<\/p>\n<p>Con la llegada de septiembre, los jeans caf\u00e9 se posicionan como un must-have indiscutible. Desde la comodidad de los tenis hasta la elegancia de las sandalias, cada opci\u00f3n disponible brinda una oportunidad para experimentar y destacar en cualquier ocasi\u00f3n. As\u00ed que, \u00a1an\u00edmate a jugar con tu estilo y deja que los jeans caf\u00e9 se conviertan en el protagonista de tu armario!<\/p>\n<p><em> &#8221; Fuentes www.vogue.mx &#8221; <\/em><\/p>\n","protected":false},"excerpt":{"rendered":"<p>El Renacer de los Jeans Caf\u00e9: Comb\u00ednalos con Estilo en Esta Temporada A medida que septiembre avanza, el armario se transforma y los colores c\u00e1lidos comienzan a destacar en las tendencias de moda. Uno de los elementos clave de la temporada es, sin duda, el jeans caf\u00e9. Vers\u00e1til, elegante y f\u00e1cil de adaptar, esta prenda [&hellip;]<\/p>\n","protected":false},"author":14,"featured_media":1206966,"comment_status":"open","ping_status":"closed","sticky":false,"template":"","format":"standard","meta":{"om_disable_all_campaigns":false,"jnews-multi-image_gallery":[],"jnews_single_post":[],"jnews_primary_category":[],"jnews_social_meta":[],"footnotes":""},"categories":[144872],"tags":[2317,16596,659,230504,58181,252640,2193,16753,192847],"class_list":["post-1206965","post","type-post","status-publish","format-standard","has-post-thumbnail","hentry","category-fashion","tag-cafe","tag-jeans","tag-moda","tag-primavera-verano-2026","tag-sandalias","tag-septiembre-2026","tag-tenis","tag-zapatos","tag-zapatos-planos"],"_links":{"self":[{"href":"https:\/\/dimensionturistica.com\/es\/wp-json\/wp\/v2\/posts\/1206965","targetHints":{"allow":["GET"]}}],"collection":[{"href":"https:\/\/dimensionturistica.com\/es\/wp-json\/wp\/v2\/posts"}],"about":[{"href":"https:\/\/dimensionturistica.com\/es\/wp-json\/wp\/v2\/types\/post"}],"author":[{"embeddable":true,"href":"https:\/\/dimensionturistica.com\/es\/wp-json\/wp\/v2\/users\/14"}],"replies":[{"embeddable":true,"href":"https:\/\/dimensionturistica.com\/es\/wp-json\/wp\/v2\/comments?post=1206965"}],"version-history":[{"count":1,"href":"https:\/\/dimensionturistica.com\/es\/wp-json\/wp\/v2\/posts\/1206965\/revisions"}],"predecessor-version":[{"id":1206967,"href":"https:\/\/dimensionturistica.com\/es\/wp-json\/wp\/v2\/posts\/1206965\/revisions\/1206967"}],"wp:featuredmedia":[{"embeddable":true,"href":"https:\/\/dimensionturistica.com\/es\/wp-json\/wp\/v2\/media\/1206966"}],"wp:attachment":[{"href":"https:\/\/dimensionturistica.com\/es\/wp-json\/wp\/v2\/media?parent=1206965"}],"wp:term":[{"taxonomy":"category","embeddable":true,"href":"https:\/\/dimensionturistica.com\/es\/wp-json\/wp\/v2\/categories?post=1206965"},{"taxonomy":"post_tag","embeddable":true,"href":"https:\/\/dimensionturistica.com\/es\/wp-json\/wp\/v2\/tags?post=1206965"}],"curies":[{"name":"wp","href":"https:\/\/api.w.org\/{rel}","templated":true}]}}