{"id":1206938,"date":"2026-09-04T02:18:27","date_gmt":"2026-09-04T02:18:27","guid":{"rendered":"https:\/\/dimensionturistica.com\/es\/?p=1206938"},"modified":"2026-09-04T02:18:27","modified_gmt":"2026-09-04T02:18:27","slug":"jose-manuel-lastra-asume-la-presidencia-de-la-ceav","status":"publish","type":"post","link":"https:\/\/dimensionturistica.com\/es\/jose-manuel-lastra-asume-la-presidencia-de-la-ceav\/","title":{"rendered":"Jos\u00e9 Manuel Lastra asume la presidencia de la CEAV."},"content":{"rendered":"<p><strong>Un Nuevo Liderazgo en el Turismo: Jos\u00e9 Manuel Lastra Asume la Presidencia de CEAV<\/strong><\/p>\n<p>El panorama tur\u00edstico en Espa\u00f1a se enfrenta a un momento crucial. Con la recuperaci\u00f3n del sector tras los estragos causados por la pandemia, la elecci\u00f3n de nuevas voces al frente de las instituciones se vuelve esencial para definir el futuro del turismo en el pa\u00eds. En este contexto, la Confederaci\u00f3n Espa\u00f1ola de Agencias de Viajes (CEAV) da la bienvenida a su nuevo presidente, Jos\u00e9 Manuel Lastra, quien ha sido elegido para liderar esta importante organizaci\u00f3n en un momento lleno de retos y oportunidades.<\/p>\n<p>Lastra, con una vasta experiencia en el \u00e1mbito tur\u00edstico, se dispone a asumir un liderazgo que no solo busca servir de gu\u00eda, sino tambi\u00e9n innovar y transformar el modelo de negocio de las agencias de viajes. Su nombramiento no es solo un acto simb\u00f3lico, sino la manifestaci\u00f3n de un cambio hacia un enfoque m\u00e1s colaborativo y adaptativo en una industria que ha tenido que reinventarse.<\/p>\n<p>Uno de los desaf\u00edos que enfrentar\u00e1 CEAV bajo la direcci\u00f3n de Lastra es la necesidad de fortalecer la relaci\u00f3n entre las agencias de viajes y otros actores clave del sector tur\u00edstico, incluyendo aerol\u00edneas, hoteles y destinos. Un entorno colaborativo permitir\u00e1 a todos los involucrados trabajar hacia una meta com\u00fan: revitalizar el turismo a nivel nacional y adaptarse a las nuevas preferencias de los viajeros, que buscan experiencias personalizadas y sostenibles.<\/p>\n<p>Jos\u00e9 Manuel Lastra tambi\u00e9n ha enfatizado la importancia de la digitalizaci\u00f3n en el turismo moderno. La pandemia aceler\u00f3 la adopci\u00f3n de tecnolog\u00edas digitales, y esto contin\u00faa siendo un factor clave para la competitividad de las agencias de viajes. Desde la mejora de plataformas de reservas hasta la implementaci\u00f3n de herramientas de gesti\u00f3n que optimicen la experiencia del cliente, el nuevo presidente de CEAV tiene una visi\u00f3n clara sobre la necesidad de integrar la tecnolog\u00eda en todos los aspectos del negocio.<\/p>\n<p>Adem\u00e1s, la preocupaci\u00f3n por la sostenibilidad es otro punto central en la agenda de Lastra. A medida que los viajeros se vuelven m\u00e1s conscientes de su impacto ambiental, las agencias de viajes deben desarrollar productos y servicios que promuevan un turismo responsable. Esto no solo beneficiar\u00e1 al medio ambiente, sino que tambi\u00e9n atraer\u00e1 a un n\u00famero creciente de viajeros que valoran las pr\u00e1cticas sostenibles en sus elecciones de viaje.<\/p>\n<p>La elecci\u00f3n de Jos\u00e9 Manuel Lastra es, sin duda, un nuevo cap\u00edtulo en la historia de CEAV y del sector tur\u00edstico en Espa\u00f1a. Su capacidad de liderazgo y su visi\u00f3n modernizadora se alinean con las necesidades actuales del mercado. En un momento en el que la confianza de los consumidores se est\u00e1 recuperando lentamente, su objetivo ser\u00e1 fortalecer esa confianza a trav\u00e9s de la excelencia en el servicio, la adaptabilidad y un compromiso inquebrantable con la calidad y la sostenibilidad.<\/p>\n<p>Mientras el turismo sigue evolucionando en respuesta a las demandas cambiantes de los viajeros, los ojos de la industria estar\u00e1n puestos en Jos\u00e9 Manuel Lastra y su equipo. Su \u00e9xito no solo depender\u00e1 de su capacidad para reparar y optimizar la relaci\u00f3n con los agentes del sector, sino tambi\u00e9n de su habilidad para inspirar un renovado sentido de prop\u00f3sito en todas las agencias de viajes, ayud\u00e1ndolas a navegar por las aguas inciertas de una nueva era tur\u00edstica. Sin duda, este es un momento emocionante para CEAV y, por ende, para el turismo en Espa\u00f1a.<\/p>\n<p><em> &#8221; Sources gacetadelturismo.com &#8221; <\/em><\/p>\n","protected":false},"excerpt":{"rendered":"<p>Un Nuevo Liderazgo en el Turismo: Jos\u00e9 Manuel Lastra Asume la Presidencia de CEAV El panorama tur\u00edstico en Espa\u00f1a se enfrenta a un momento crucial. Con la recuperaci\u00f3n del sector tras los estragos causados por la pandemia, la elecci\u00f3n de nuevas voces al frente de las instituciones se vuelve esencial para definir el futuro del [&hellip;]<\/p>\n","protected":false},"author":4,"featured_media":1206939,"comment_status":"open","ping_status":"closed","sticky":false,"template":"","format":"standard","meta":{"om_disable_all_campaigns":false,"jnews-multi-image_gallery":[],"jnews_single_post":[],"jnews_primary_category":[],"jnews_social_meta":[],"footnotes":""},"categories":[40],"tags":[1230,17243,10057,705,2234,544],"class_list":["post-1206938","post","type-post","status-publish","format-standard","has-post-thumbnail","hentry","category-industria","tag-ceav","tag-eleccion","tag-jose-manuel-lastra","tag-noticias","tag-presidente","tag-turismo"],"_links":{"self":[{"href":"https:\/\/dimensionturistica.com\/es\/wp-json\/wp\/v2\/posts\/1206938","targetHints":{"allow":["GET"]}}],"collection":[{"href":"https:\/\/dimensionturistica.com\/es\/wp-json\/wp\/v2\/posts"}],"about":[{"href":"https:\/\/dimensionturistica.com\/es\/wp-json\/wp\/v2\/types\/post"}],"author":[{"embeddable":true,"href":"https:\/\/dimensionturistica.com\/es\/wp-json\/wp\/v2\/users\/4"}],"replies":[{"embeddable":true,"href":"https:\/\/dimensionturistica.com\/es\/wp-json\/wp\/v2\/comments?post=1206938"}],"version-history":[{"count":1,"href":"https:\/\/dimensionturistica.com\/es\/wp-json\/wp\/v2\/posts\/1206938\/revisions"}],"predecessor-version":[{"id":1206940,"href":"https:\/\/dimensionturistica.com\/es\/wp-json\/wp\/v2\/posts\/1206938\/revisions\/1206940"}],"wp:featuredmedia":[{"embeddable":true,"href":"https:\/\/dimensionturistica.com\/es\/wp-json\/wp\/v2\/media\/1206939"}],"wp:attachment":[{"href":"https:\/\/dimensionturistica.com\/es\/wp-json\/wp\/v2\/media?parent=1206938"}],"wp:term":[{"taxonomy":"category","embeddable":true,"href":"https:\/\/dimensionturistica.com\/es\/wp-json\/wp\/v2\/categories?post=1206938"},{"taxonomy":"post_tag","embeddable":true,"href":"https:\/\/dimensionturistica.com\/es\/wp-json\/wp\/v2\/tags?post=1206938"}],"curies":[{"name":"wp","href":"https:\/\/api.w.org\/{rel}","templated":true}]}}