{"id":1206935,"date":"2026-09-04T02:09:15","date_gmt":"2026-09-04T02:09:15","guid":{"rendered":"https:\/\/dimensionturistica.com\/es\/?p=1206935"},"modified":"2026-09-04T02:09:15","modified_gmt":"2026-09-04T02:09:15","slug":"la-moda-otono-2026-se-inspira-en-la-libertad-segun-desigual-y-vivian-jenna-wilson","status":"publish","type":"post","link":"https:\/\/dimensionturistica.com\/es\/la-moda-otono-2026-se-inspira-en-la-libertad-segun-desigual-y-vivian-jenna-wilson\/","title":{"rendered":"La moda oto\u00f1o 2026 se inspira en la libertad seg\u00fan Desigual y Vivian Jenna Wilson."},"content":{"rendered":"<p><strong>La Libertad como N\u00facleo de la Moda Oto\u00f1o 2026: Un Viaje hacia la Expresi\u00f3n Personal<\/strong><\/p>\n<p>En un mundo donde la moda evoluciona constantemente, el pr\u00f3ximo oto\u00f1o se prepara para un cambio significativo: la libertad como mantra. Este concepto, respaldado por la colaboraci\u00f3n entre la marca Desigual y la emergente dise\u00f1adora Vivian Jenna Wilson, est\u00e1 llamado a convertirse en la tendencia predominante de la temporada. La esencia de esta propuesta radica en la autenticidad y la individualidad, un reflejo de un mundo que anhela prescindir de las normas r\u00edgidas.<\/p>\n<h3>Desigual: Un Aliado de la Originalidad<\/h3>\n<p>Conocida por su est\u00e9tica vibrante y optimista, Desigual ha logrado destacar en la industria por su compromiso con la diversidad y el color. Su asociaci\u00f3n con Wilson, una creativa que ha sabido captar el pulso de la juventud contempor\u00e1nea, surge como una respuesta a la necesidad de frescura en el escenario de la moda. A trav\u00e9s de esta colaboraci\u00f3n, ambas partes buscan celebrar la individualidad y ofrecer a los consumidores la oportunidad de expresarse de manera aut\u00e9ntica.<\/p>\n<h3>Estampados y Cortes que Cuentan Historias<\/h3>\n<p>La colecci\u00f3n se caracteriza por los estampados atrevidos y los cortes que rompen con lo convencional. Cada prenda se ha dise\u00f1ado como un lienzo en el que los usuarios pueden proyectar sus personalidades. Desde chaquetas sobre dimensionadas hasta vestidos fluidos, la diversidad de opciones permite que cada persona adapte estas piezas a su estilo. Este enfoque no solo impulsa la creatividad, sino que tambi\u00e9n fomenta un sentido de comunidad entre quienes eligen estas prendas.<\/p>\n<h3>Colores que Inspiran<\/h3>\n<p>La paleta de colores en esta colecci\u00f3n es un verdadero homenaje a la energ\u00eda libre. Tonos vibrantes y contrastes audaces invitan al optimismo y la posibilidad. Como si fueran brochazos de un artista, cada color en la colecci\u00f3n propone historias de aventura y autodescubrimiento. En un momento donde el bienestar emocional es esencial, vestir colores que resalten la felicidad se convierte en un acto de rebeli\u00f3n y afirmaci\u00f3n personal.<\/p>\n<h3>La Importancia del Slow Fashion<\/h3>\n<p>Otro aspecto fundamental de esta tendencia es la creciente importancia del &#8220;slow fashion&#8221;. En lugar de sucumbir a la inmediatez de las modas pasajeras, la colaboraci\u00f3n entre Desigual y Wilson promueve la idea de invertir en prendas atemporales que resistan el paso del tiempo. Esto no solo favorece un consumo m\u00e1s consciente, sino que tambi\u00e9n permite a los consumidores construir c\u00e1psulas de armario que reflejen su individualidad.<\/p>\n<h3>Una Revoluci\u00f3n que Transciende Fronteras<\/h3>\n<p>La uni\u00f3n de Desigual y Vivian Jenna Wilson no es solo una colaboraci\u00f3n; es un poderoso movimiento que trasciende fronteras culturales y sociales. La moda se convierte en un idioma universal de expresi\u00f3n personal, donde cada dise\u00f1o es un manifiesto de libertad. Oto\u00f1o 2026 promete ser una celebraci\u00f3n de la diversidad y un homenaje a la capacidad de cada individuo para contar su propia historia a trav\u00e9s de la moda.<\/p>\n<h3>Conclusi\u00f3n: Una Temporada de Autenticidad<\/h3>\n<p>A medida que nos acercamos a esta nueva temporada, es evidente que la moda est\u00e1 tomando un rumbo audaz hacia la exploraci\u00f3n personal y la libertad de expresi\u00f3n. La colecci\u00f3n de Desigual y Vivian Jenna Wilson se erige como un faro para aquellos que buscan autenticidad en un mundo marcado por la uniformidad. As\u00ed, el oto\u00f1o de 2026 no solo promete ser un cambio de estaci\u00f3n, sino una invitaci\u00f3n a abrazar la individualidad como la mayor tendencia de todas.<\/p>\n<p><em> &#8221; Fuentes www.vogue.mx &#8221; <\/em><\/p>\n","protected":false},"excerpt":{"rendered":"<p>La Libertad como N\u00facleo de la Moda Oto\u00f1o 2026: Un Viaje hacia la Expresi\u00f3n Personal En un mundo donde la moda evoluciona constantemente, el pr\u00f3ximo oto\u00f1o se prepara para un cambio significativo: la libertad como mantra. Este concepto, respaldado por la colaboraci\u00f3n entre la marca Desigual y la emergente dise\u00f1adora Vivian Jenna Wilson, est\u00e1 llamado [&hellip;]<\/p>\n","protected":false},"author":14,"featured_media":1206936,"comment_status":"open","ping_status":"closed","sticky":false,"template":"","format":"standard","meta":{"om_disable_all_campaigns":false,"jnews-multi-image_gallery":[],"jnews_single_post":[],"jnews_primary_category":[],"jnews_social_meta":[],"footnotes":""},"categories":[144872],"tags":[70035,216239,3743,7758,775,23392,659,264030,214561,1252,200586,296720],"class_list":["post-1206935","post","type-post","status-publish","format-standard","has-post-thumbnail","hentry","category-fashion","tag-colecciones","tag-desigual","tag-diseno","tag-estilo","tag-innovacion","tag-libertad","tag-moda","tag-otono-2026","tag-otono-invierno-2026","tag-tendencia","tag-tendencias-mujer","tag-vivian-jenna-wilson"],"_links":{"self":[{"href":"https:\/\/dimensionturistica.com\/es\/wp-json\/wp\/v2\/posts\/1206935","targetHints":{"allow":["GET"]}}],"collection":[{"href":"https:\/\/dimensionturistica.com\/es\/wp-json\/wp\/v2\/posts"}],"about":[{"href":"https:\/\/dimensionturistica.com\/es\/wp-json\/wp\/v2\/types\/post"}],"author":[{"embeddable":true,"href":"https:\/\/dimensionturistica.com\/es\/wp-json\/wp\/v2\/users\/14"}],"replies":[{"embeddable":true,"href":"https:\/\/dimensionturistica.com\/es\/wp-json\/wp\/v2\/comments?post=1206935"}],"version-history":[{"count":1,"href":"https:\/\/dimensionturistica.com\/es\/wp-json\/wp\/v2\/posts\/1206935\/revisions"}],"predecessor-version":[{"id":1206937,"href":"https:\/\/dimensionturistica.com\/es\/wp-json\/wp\/v2\/posts\/1206935\/revisions\/1206937"}],"wp:featuredmedia":[{"embeddable":true,"href":"https:\/\/dimensionturistica.com\/es\/wp-json\/wp\/v2\/media\/1206936"}],"wp:attachment":[{"href":"https:\/\/dimensionturistica.com\/es\/wp-json\/wp\/v2\/media?parent=1206935"}],"wp:term":[{"taxonomy":"category","embeddable":true,"href":"https:\/\/dimensionturistica.com\/es\/wp-json\/wp\/v2\/categories?post=1206935"},{"taxonomy":"post_tag","embeddable":true,"href":"https:\/\/dimensionturistica.com\/es\/wp-json\/wp\/v2\/tags?post=1206935"}],"curies":[{"name":"wp","href":"https:\/\/api.w.org\/{rel}","templated":true}]}}