{"id":1206915,"date":"2026-09-04T01:16:20","date_gmt":"2026-09-04T01:16:20","guid":{"rendered":"https:\/\/dimensionturistica.com\/es\/?p=1206915"},"modified":"2026-09-04T01:16:20","modified_gmt":"2026-09-04T01:16:20","slug":"tendencias-de-peinados-para-la-temporada-otono-invierno-2026-asi-los-lucen-las-especialistas","status":"publish","type":"post","link":"https:\/\/dimensionturistica.com\/es\/tendencias-de-peinados-para-la-temporada-otono-invierno-2026-asi-los-lucen-las-especialistas\/","title":{"rendered":"Tendencias de peinados para la temporada Oto\u00f1o-Invierno 2026: As\u00ed los lucen las especialistas."},"content":{"rendered":"<p><strong>Tendencias de Peinados para Oto\u00f1o-Invierno 2026: La Nueva Era del Estilo<\/strong><\/p>\n<p>Con la llegada de la nueva temporada, el mundo de la moda se renueva y nos sorprende una vez m\u00e1s. Este oto\u00f1o-invierno 2026, los peinados se convierten en el elemento clave para completar cualquier look. Las pasarelas han dictado tendencias que prometen marcar un nuevo est\u00e1ndar en la belleza y el estilo. Desde las texturas m\u00e1s sofisticadas hasta los cortes audaces, cada elecci\u00f3n capilar tiene el deseo de empoderar a quienes se atreven a lucirlo.<\/p>\n<p><strong>La Vuelta de los Cl\u00e1sicos Modernos<\/strong><\/p>\n<p>Los peinados cl\u00e1sicos no solo permanecen en el tiempo, sino que regresan con una interpretaci\u00f3n fresca. Los recogidos bajos y pulidos se reinventan para convertirse en una opci\u00f3n elegante para cualquier ocasi\u00f3n. Se caracterizan por una ejecuci\u00f3n pulcra, con detalles sutiles que a\u00f1aden un toque de sofisticaci\u00f3n. Las aplicaciones de pinzas o joyer\u00eda para el cabello se han convertido en el detalle esencial, aportando un brillo adicional que complementa la luz de la temporada.<\/p>\n<p><strong>Ondas Deshechas: Lo Natural Como Estilo<\/strong><\/p>\n<p>Las ondas despeinadas se imponen como otra de las principales tendencias. Apostando por la naturalidad y la comodidad, este estilo es perfecto tanto para el d\u00eda a d\u00eda como para ocasiones m\u00e1s especiales. Para lograr ese efecto despreocupado, el uso de productos texturizantes es clave. La idea es que cada onda luzca como si hubiera sido besada por el viento, resaltando un aire bohemio que se adapta a diferentes personalidades y estilos.<\/p>\n<p><strong>Cortes Geom\u00e9tricos: Una Apuesta Audaz<\/strong><\/p>\n<p>Los cortes geom\u00e9tricos se posicionan en el centro de atenci\u00f3n. Con l\u00edneas rectas y \u00e1ngulos definidos, estos estilos aportan una fuerza visual inigualable. Los bobs asim\u00e9tricos, cortos y con un acabado brillante, son ideales para quienes buscan renovar su imagen con un toque de modernidad. La clave radica en la precisi\u00f3n y en la capacidad de cada persona para llevar este corte distintivo con confianza.<\/p>\n<p><strong>Accesorios que Marcan la Diferencia<\/strong><\/p>\n<p>No se puede hablar de tendencias sin mencionar los accesorios para el cabello. La temporada promete una explosi\u00f3n de creatividad con horquillas, cintas y diademas que aportan un toque \u00fanico a cualquier peinado. Desde materiales como el terciopelo hasta pedrer\u00eda brillante, los accesorios son el aliado perfecto para personalizar cada look. La combinaci\u00f3n de colores y texturas se convierte en un juego divertido que permite a cada uno destacar su estilo personal.<\/p>\n<p><strong>Colores que Inspiran<\/strong><\/p>\n<p>El tinte de cabello tambi\u00e9n juega un papel crucial en la tendencia de este oto\u00f1o-invierno. Los tonos c\u00e1lidos y terrosos como el casta\u00f1o y el caramelo se encuentran en el centro del mapa del color, mientras que los rubios fr\u00edos aportan un contraste fresco. La t\u00e9cnica del balayage sigue ganando adeptos, ya que proporciona un efecto natural y luminoso que se adapta a la mayor\u00eda de los tonos de piel.<\/p>\n<p><strong>Conclusi\u00f3n Impressiva<\/strong><\/p>\n<p>Este oto\u00f1o-invierno 2026 no solo se trata de un cambio de estaci\u00f3n, sino de una reinvenci\u00f3n total del estilo capilar. Ya sea que optes por un look cl\u00e1sico o por algo m\u00e1s audaz y moderno, las opciones son infinitas. La clave est\u00e1 en experimentar y dejar que tu cabello hable por ti. En esta temporada, cada peinado cuenta una historia, y t\u00fa eres el protagonista. \u00a1Atr\u00e9vete a brillar!<\/p>\n<p><em> &#8221; Fuentes www.vogue.mx &#8221; <\/em><\/p>\n","protected":false},"excerpt":{"rendered":"<p>Tendencias de Peinados para Oto\u00f1o-Invierno 2026: La Nueva Era del Estilo Con la llegada de la nueva temporada, el mundo de la moda se renueva y nos sorprende una vez m\u00e1s. Este oto\u00f1o-invierno 2026, los peinados se convierten en el elemento clave para completar cualquier look. Las pasarelas han dictado tendencias que prometen marcar un [&hellip;]<\/p>\n","protected":false},"author":14,"featured_media":1206916,"comment_status":"open","ping_status":"closed","sticky":false,"template":"","format":"standard","meta":{"om_disable_all_campaigns":false,"jnews-multi-image_gallery":[],"jnews_single_post":[],"jnews_primary_category":[],"jnews_social_meta":[],"footnotes":""},"categories":[144872],"tags":[55723,3381,39783,7758,164878,5713,659,4330,202184,2182],"class_list":["post-1206915","post","type-post","status-publish","format-standard","has-post-thumbnail","hentry","category-fashion","tag-55723","tag-belleza","tag-cabello","tag-estilo","tag-expertas","tag-invierno","tag-moda","tag-otono","tag-peinados","tag-tendencias"],"_links":{"self":[{"href":"https:\/\/dimensionturistica.com\/es\/wp-json\/wp\/v2\/posts\/1206915","targetHints":{"allow":["GET"]}}],"collection":[{"href":"https:\/\/dimensionturistica.com\/es\/wp-json\/wp\/v2\/posts"}],"about":[{"href":"https:\/\/dimensionturistica.com\/es\/wp-json\/wp\/v2\/types\/post"}],"author":[{"embeddable":true,"href":"https:\/\/dimensionturistica.com\/es\/wp-json\/wp\/v2\/users\/14"}],"replies":[{"embeddable":true,"href":"https:\/\/dimensionturistica.com\/es\/wp-json\/wp\/v2\/comments?post=1206915"}],"version-history":[{"count":1,"href":"https:\/\/dimensionturistica.com\/es\/wp-json\/wp\/v2\/posts\/1206915\/revisions"}],"predecessor-version":[{"id":1206917,"href":"https:\/\/dimensionturistica.com\/es\/wp-json\/wp\/v2\/posts\/1206915\/revisions\/1206917"}],"wp:featuredmedia":[{"embeddable":true,"href":"https:\/\/dimensionturistica.com\/es\/wp-json\/wp\/v2\/media\/1206916"}],"wp:attachment":[{"href":"https:\/\/dimensionturistica.com\/es\/wp-json\/wp\/v2\/media?parent=1206915"}],"wp:term":[{"taxonomy":"category","embeddable":true,"href":"https:\/\/dimensionturistica.com\/es\/wp-json\/wp\/v2\/categories?post=1206915"},{"taxonomy":"post_tag","embeddable":true,"href":"https:\/\/dimensionturistica.com\/es\/wp-json\/wp\/v2\/tags?post=1206915"}],"curies":[{"name":"wp","href":"https:\/\/api.w.org\/{rel}","templated":true}]}}