{"id":1206912,"date":"2026-09-04T01:13:33","date_gmt":"2026-09-04T01:13:33","guid":{"rendered":"https:\/\/dimensionturistica.com\/es\/?p=1206912"},"modified":"2026-09-04T01:13:33","modified_gmt":"2026-09-04T01:13:33","slug":"lubetkin-reporta-en-el-parlamento-sobre-sus-visitas-a-roma-es-crucial-proteger-adecuadamente-los-fondos-publicos","status":"publish","type":"post","link":"https:\/\/dimensionturistica.com\/es\/lubetkin-reporta-en-el-parlamento-sobre-sus-visitas-a-roma-es-crucial-proteger-adecuadamente-los-fondos-publicos\/","title":{"rendered":"Lubetkin reporta en el Parlamento sobre sus visitas a Roma: \u201cEs crucial proteger adecuadamente los fondos p\u00fablicos\u201d"},"content":{"rendered":"<p><strong>Explorando el legado del turismo y la responsabilidad p\u00fablica<\/strong><\/p>\n<p>En el din\u00e1mico universo del turismo, cada viaje representa no solo una oportunidad de descubrimiento, sino tambi\u00e9n una responsabilidad significativa. Recientemente, se abord\u00f3 en el \u00e1mbito parlamentario la importancia de cuidar los recursos p\u00fablicos durante los desplazamientos oficiales. En este contexto, surge la vitalidad de la transparencia y la prudencia en el uso del dinero del Estado, especialmente cuando se trata de destinos tan emblem\u00e1ticos como Roma.<\/p>\n<p>Viajar a la ciudad eterna es una experiencia que muchos anhelan, no solo por su rica historia y cultura, sino tambi\u00e9n por la majestuosidad de su arquitectura y su vibrante vida local. Sin embargo, es crucial que aquellos que representan a la ciudadan\u00eda en viajes oficiales act\u00faen con la m\u00e1xima responsabilidad, asegurando que cada euro gastado se traduzca en un retorno significativo para la sociedad.<\/p>\n<p>Los gastos en viajes oficiales, si bien pueden parecer justificados, deben ser meticulosamente evaluados. La pregunta se torna inevitable: \u00bfc\u00f3mo se traduce la inversi\u00f3n p\u00fablica en beneficios tangibles? En esta era de informaci\u00f3n, los ciudadanos reclaman rendici\u00f3n de cuentas y la necesidad de que sus representantes prioricen la transparencia en cada paso. As\u00ed, el turismo no solamente se convierte en un medio de conexi\u00f3n entre naciones, sino tambi\u00e9n en un campo de acci\u00f3n donde se deben establecer par\u00e1metros \u00e9ticos y responsables.<\/p>\n<p>El caso de un viaje a Roma ilustra este delicado equilibrio. Esta ciudad, con su inigualable patrimonio cultural, es un punto de encuentro ideal para l\u00edderes que buscan establecer v\u00ednculos internacionales. Sin embargo, el valor a\u00f1adido de tales viajes deber\u00eda ser claramente comunicado y justificado. Solo as\u00ed se puede transformar un simple viaje en una inversi\u00f3n que potencie el desarrollo de pol\u00edticas y alianzas que beneficien a la comunidad.<\/p>\n<p>La discusi\u00f3n en el Parlamento sobre la utilizaci\u00f3n de recursos p\u00fablicos en viajes es un recordatorio de que el turismo debe caminar de la mano con una gesti\u00f3n responsable. Los gobiernos deben asegurar que cada destino elegido corresponda a una estrategia clara que respete el dinero del contribuyente y busque el bienestar colectivo. En este sentido, es esencial valorar el impacto que tendr\u00e1 cada viaje, no solo en t\u00e9rminos de gasto, sino tambi\u00e9n en cuanto a sus repercusiones en la pol\u00edtica, la cultura y la econom\u00eda del pa\u00eds.<\/p>\n<p>Como viajeros, tambi\u00e9n debemos cuestionarnos el prop\u00f3sito de nuestros propios desplazamientos. Cada vez que emprendemos un viaje, debemos ser conscientes de nuestra huella y de la forma en que nuestras decisiones impactan en comunidades locales y en el medio ambiente. El turismo sostenible y responsable es una tendencia creciente que favorece no solo a los viajeros, sino tambi\u00e9n a los destinos que los reciben.<\/p>\n<p>As\u00ed, la interacci\u00f3n entre turismo y pol\u00edtica nos invita a reflexionar sobre un enfoque m\u00e1s \u00e9tico y comprometido. Cada viaje, ya sea oficial o personal, tiene el potencial de ser un catalizador para el cambio, siempre que se lleve a cabo con responsabilidad y un firme compromiso hacia la comunidad. En definitiva, el turismo no es solo una cuesti\u00f3n de transporte y destino; es una experiencia compartida que puede generar un impacto positivo si se gestiona con la debida consideraci\u00f3n y respeto hacia los recursos p\u00fablicos.<\/p>\n<p><em> &#8221; Fuentes ladiaria.com.uy &#8221; <\/em><\/p>\n","protected":false},"excerpt":{"rendered":"<p>Explorando el legado del turismo y la responsabilidad p\u00fablica En el din\u00e1mico universo del turismo, cada viaje representa no solo una oportunidad de descubrimiento, sino tambi\u00e9n una responsabilidad significativa. Recientemente, se abord\u00f3 en el \u00e1mbito parlamentario la importancia de cuidar los recursos p\u00fablicos durante los desplazamientos oficiales. En este contexto, surge la vitalidad de la [&hellip;]<\/p>\n","protected":false},"author":4,"featured_media":1206913,"comment_status":"open","ping_status":"closed","sticky":false,"template":"","format":"standard","meta":{"om_disable_all_campaigns":false,"jnews-multi-image_gallery":[],"jnews_single_post":[],"jnews_primary_category":[],"jnews_social_meta":[],"footnotes":""},"categories":[39],"tags":[12506,89515,715,295072,20954,546,200022,11394,545],"class_list":["post-1206912","post","type-post","status-publish","format-standard","has-post-thumbnail","hentry","category-viajes","tag-administracion-publica","tag-dinero-publico","tag-economia","tag-lubetkin","tag-parlamento","tag-politica","tag-responsabilidad-financiera","tag-roma","tag-viajes"],"_links":{"self":[{"href":"https:\/\/dimensionturistica.com\/es\/wp-json\/wp\/v2\/posts\/1206912","targetHints":{"allow":["GET"]}}],"collection":[{"href":"https:\/\/dimensionturistica.com\/es\/wp-json\/wp\/v2\/posts"}],"about":[{"href":"https:\/\/dimensionturistica.com\/es\/wp-json\/wp\/v2\/types\/post"}],"author":[{"embeddable":true,"href":"https:\/\/dimensionturistica.com\/es\/wp-json\/wp\/v2\/users\/4"}],"replies":[{"embeddable":true,"href":"https:\/\/dimensionturistica.com\/es\/wp-json\/wp\/v2\/comments?post=1206912"}],"version-history":[{"count":1,"href":"https:\/\/dimensionturistica.com\/es\/wp-json\/wp\/v2\/posts\/1206912\/revisions"}],"predecessor-version":[{"id":1206914,"href":"https:\/\/dimensionturistica.com\/es\/wp-json\/wp\/v2\/posts\/1206912\/revisions\/1206914"}],"wp:featuredmedia":[{"embeddable":true,"href":"https:\/\/dimensionturistica.com\/es\/wp-json\/wp\/v2\/media\/1206913"}],"wp:attachment":[{"href":"https:\/\/dimensionturistica.com\/es\/wp-json\/wp\/v2\/media?parent=1206912"}],"wp:term":[{"taxonomy":"category","embeddable":true,"href":"https:\/\/dimensionturistica.com\/es\/wp-json\/wp\/v2\/categories?post=1206912"},{"taxonomy":"post_tag","embeddable":true,"href":"https:\/\/dimensionturistica.com\/es\/wp-json\/wp\/v2\/tags?post=1206912"}],"curies":[{"name":"wp","href":"https:\/\/api.w.org\/{rel}","templated":true}]}}