{"id":1206891,"date":"2026-09-04T00:01:49","date_gmt":"2026-09-04T00:01:49","guid":{"rendered":"https:\/\/dimensionturistica.com\/es\/?p=1206891"},"modified":"2026-09-04T00:01:49","modified_gmt":"2026-09-04T00:01:49","slug":"puerto-rico-la-proxima-parada-global-noticias-recientes","status":"publish","type":"post","link":"https:\/\/dimensionturistica.com\/es\/puerto-rico-la-proxima-parada-global-noticias-recientes\/","title":{"rendered":"Puerto Rico: La Pr\u00f3xima Parada Global | Noticias Recientes"},"content":{"rendered":"<p><strong>Puerto Rico: Un Para\u00edso en el Coraz\u00f3n de la Regi\u00f3n<\/strong><\/p>\n<p>En un emocionante giro de los acontecimientos, Puerto Rico ha sido nombrado como el destino internacional invitado de honor en la Feria Anato 2027, una de las ferias de turismo m\u00e1s influyentes en Am\u00e9rica Latina. Este acontecimiento es una gran oportunidad para resaltar la riqueza cultural y las diversas propuestas tur\u00edsticas que la isla tiene para ofrecer, as\u00ed como para fortalecer los lazos con otros pa\u00edses de la regi\u00f3n.<\/p>\n<p>La Feria Anato, que se celebra anualmente en Colombia, reunir\u00e1 a profesionales del turismo, empresas del sector, y un sinf\u00edn de viajeros \u00e1vidos por descubrir nuevos destinos. Ser elegida como invitada de honor es un reconocimiento no solo a las bellezas naturales de la isla, sino tambi\u00e9n a su legado cultural y su innovadora oferta tur\u00edstica.<\/p>\n<p>Puerto Rico, conocido por sus playas de arena blanca, vibrantes festivales y una gastronom\u00eda reconocida a nivel mundial, se presentar\u00e1 ante una audiencia que busca experiencias \u00fanicas y memorables. La isla no solo tiene un patrimonio natural impresionante con su Parque Nacional El Yunque y las bioluminiscentes bah\u00edas, sino que tambi\u00e9n cuenta con la calidez de su gente, quien siempre est\u00e1 dispuesta a compartir su historia y tradiciones.<\/p>\n<p>Con este impulso, el gobierno y diversas organizaciones est\u00e1n trabajando para preparar un stand que refleje la pluralidad y diversidad de lo que es Puerto Rico. Se espera que la presentaci\u00f3n incluya una amplia gama de ofertas que abarquen desde el ecoturismo hasta los resorts de lujo, experiencias culinarias de clase mundial, y un profundo respeto por la cultura taina, afroboricua y espa\u00f1ola que ha modelado la identidad puertorrique\u00f1a.<\/p>\n<p>Adem\u00e1s, este reconocimiento brindar\u00e1 a los emprendedores y operadores tur\u00edsticos locales una plataforma para conectar con agentes de viajes y profesionales del sector en un contexto internacional, favoreciendo la inversi\u00f3n y el desarrollo del turismo sostenible en la isla. La oportunidad de posicionar Puerto Rico en el mapa tur\u00edstico global es inmensa y, con los planes que se est\u00e1n realizando, se espera que el evento atraiga un notable flujo de visitantes en los a\u00f1os venideros.<\/p>\n<p>A medida que se acerca la fecha de la feria, las expectativas crecen. Las estrategias para dar a conocer las maravillas de Puerto Rico comienzan a tomar forma; desde campa\u00f1as visuales que capturan su belleza natural hasta la promoci\u00f3n de eventos culturales que encapsulan su esencia vibrante. Esto permitir\u00e1 a los posibles visitantes imaginar la experiencia de explorar hist\u00f3ricos rincones coloniales, saborear el delicioso mofongo o bailar al ritmo de la salsa.<\/p>\n<p>El anuncio de Puerto Rico como destino internacional destacado en una feria de tal magnitud subraya su vitalidad y atractivo como destino tur\u00edstico. La isla no solo se ofrece como un para\u00edso para los amantes de la playa y la naturaleza; ofrece un viaje a trav\u00e9s del tiempo, un crisol de culturas y una experiencia que nutre el alma.<\/p>\n<p>As\u00ed que prep\u00e1rense, viajeros. Puerto Rico les espera con los brazos abiertos, listos para mostrarles no solo su belleza, sino tambi\u00e9n su coraz\u00f3n. Con la llegada de la Feria Anato 2027, el mundo pondr\u00e1 su mirada en la joya del Caribe, un lugar donde cada rinc\u00f3n cuenta una historia, cada plato es un homenaje a la tradici\u00f3n, y cada encuentro es un paso hacia la calidez de su gente. \u00a1El futuro del turismo en Puerto Rico se ilumina con esta presentaci\u00f3n, y la aventura apenas comienza!<\/p>\n<p><em> &#8221; Sources www.elvocero.com &#8221; <\/em><\/p>\n","protected":false},"excerpt":{"rendered":"<p>Puerto Rico: Un Para\u00edso en el Coraz\u00f3n de la Regi\u00f3n En un emocionante giro de los acontecimientos, Puerto Rico ha sido nombrado como el destino internacional invitado de honor en la Feria Anato 2027, una de las ferias de turismo m\u00e1s influyentes en Am\u00e9rica Latina. Este acontecimiento es una gran oportunidad para resaltar la riqueza [&hellip;]<\/p>\n","protected":false},"author":4,"featured_media":1206892,"comment_status":"open","ping_status":"closed","sticky":false,"template":"","format":"standard","meta":{"om_disable_all_campaigns":false,"jnews-multi-image_gallery":[],"jnews_single_post":[],"jnews_primary_category":[],"jnews_social_meta":[],"footnotes":""},"categories":[40],"tags":[707,771,15621,6752,544,681],"class_list":["post-1206891","post","type-post","status-publish","format-standard","has-post-thumbnail","hentry","category-industria","tag-actualidad","tag-colombia","tag-destino-internacional","tag-puerto-rico","tag-turismo","tag-viaje"],"_links":{"self":[{"href":"https:\/\/dimensionturistica.com\/es\/wp-json\/wp\/v2\/posts\/1206891","targetHints":{"allow":["GET"]}}],"collection":[{"href":"https:\/\/dimensionturistica.com\/es\/wp-json\/wp\/v2\/posts"}],"about":[{"href":"https:\/\/dimensionturistica.com\/es\/wp-json\/wp\/v2\/types\/post"}],"author":[{"embeddable":true,"href":"https:\/\/dimensionturistica.com\/es\/wp-json\/wp\/v2\/users\/4"}],"replies":[{"embeddable":true,"href":"https:\/\/dimensionturistica.com\/es\/wp-json\/wp\/v2\/comments?post=1206891"}],"version-history":[{"count":1,"href":"https:\/\/dimensionturistica.com\/es\/wp-json\/wp\/v2\/posts\/1206891\/revisions"}],"predecessor-version":[{"id":1206893,"href":"https:\/\/dimensionturistica.com\/es\/wp-json\/wp\/v2\/posts\/1206891\/revisions\/1206893"}],"wp:featuredmedia":[{"embeddable":true,"href":"https:\/\/dimensionturistica.com\/es\/wp-json\/wp\/v2\/media\/1206892"}],"wp:attachment":[{"href":"https:\/\/dimensionturistica.com\/es\/wp-json\/wp\/v2\/media?parent=1206891"}],"wp:term":[{"taxonomy":"category","embeddable":true,"href":"https:\/\/dimensionturistica.com\/es\/wp-json\/wp\/v2\/categories?post=1206891"},{"taxonomy":"post_tag","embeddable":true,"href":"https:\/\/dimensionturistica.com\/es\/wp-json\/wp\/v2\/tags?post=1206891"}],"curies":[{"name":"wp","href":"https:\/\/api.w.org\/{rel}","templated":true}]}}