{"id":1206879,"date":"2026-09-03T23:30:23","date_gmt":"2026-09-03T23:30:23","guid":{"rendered":"https:\/\/dimensionturistica.com\/es\/?p=1206879"},"modified":"2026-09-03T23:30:23","modified_gmt":"2026-09-03T23:30:23","slug":"detendra-el-nuevo-impuesto-de-francia-el-auge-de-la-moda-rapida","status":"publish","type":"post","link":"https:\/\/dimensionturistica.com\/es\/detendra-el-nuevo-impuesto-de-francia-el-auge-de-la-moda-rapida\/","title":{"rendered":"\u00bfDetendr\u00e1 el Nuevo Impuesto de Francia el Auge de la Moda R\u00e1pida?"},"content":{"rendered":"<h3>La Nueva Era de la Moda: Impuesto y Sostenibilidad en el Horizonte<\/h3>\n<p>En un mundo donde la moda r\u00e1pida ha dominado los \u00faltimos a\u00f1os, la industria se enfrenta a un cambio significativo que podr\u00eda marcar el rumbo hacia una mayor sostenibilidad. Recientemente, Francia ha propuesto un impuesto destinado a la moda r\u00e1pida, un movimiento que podr\u00eda sentar un precedente a nivel global. Este enfoque busca no solo transformar la forma en que consumimos prendas, sino tambi\u00e9n estimular un debate urgente sobre el impacto ambiental de nuestras elecciones de compra.<\/p>\n<h4>Un Impuesto que Habla Claro<\/h4>\n<p>La propuesta francesa se centra en gravar a las marcas de moda r\u00e1pida, aquellas que producen vestimenta a un ritmo fren\u00e9tico para satisfacer la demanda del consumidor. Este impuesto no solo tiene como objetivo incrementar los ingresos del gobierno, sino tambi\u00e9n responsabilizar a las empresas por el ciclo de vida corto de sus productos, que a menudo termina en vertederos. Al aplicar este gravamen, se podr\u00eda incentivar a las marcas a modificar sus pr\u00e1cticas, promoviendo as\u00ed una producci\u00f3n que priorice la calidad sobre la cantidad.<\/p>\n<h4>La Rebeli\u00f3n de los Consumidores<\/h4>\n<p>A medida que la conciencia sobre la moda sostenible crece, cada vez son m\u00e1s los consumidores que optan por marcas que abrazan pr\u00e1cticas \u00e9ticas y responsables. La nueva generaci\u00f3n de consumidores busca encontrar un equilibrio entre estilo y sostenibilidad, lo que ha llevado a un cambio en la forma en que las marcas se comunican con su audiencia. La necesidad de transparencia y responsabilidad ha impulsado a muchas a adoptar pr\u00e1cticas m\u00e1s sostenibles, desde el uso de materiales reciclados hasta el fomento de un comercio justo.<\/p>\n<h4>\u00bfUna Oportunidad para la Innovaci\u00f3n?<\/h4>\n<p>La implementaci\u00f3n de este impuesto podr\u00eda no solo reducir el impacto ambiental, sino tambi\u00e9n abrir la puerta a una era de innovaci\u00f3n en la industria de la moda. Las marcas pueden responder al desaf\u00edo creando productos que utilicen procesos m\u00e1s eficientes y materiales sostenibles. La creatividad se convierte en la respuesta a las restricciones del impuesto, alentando a los dise\u00f1adores a explorar nuevas formas de expresi\u00f3n que se alineen con un enfoque m\u00e1s consciente del consumo.<\/p>\n<h4>Un Llamado a la Reflexi\u00f3n Colectiva<\/h4>\n<p>Este cambio en el panorama de la moda abre un espacio para la reflexi\u00f3n sobre c\u00f3mo nuestro consumo impacta al planeta. La propuesta francesa no solo es un indicativo de un movimiento mayor dentro de la industria, sino tambi\u00e9n un recordatorio de que nuestras decisiones de compra pueden influir en el futuro del medio ambiente. A medida que los temas de sostenibilidad ganan protagonismo, se requiere una colaboraci\u00f3n entre consumidores y marcas para avanzar hacia un sistema que valore tanto el estilo como la responsabilidad.<\/p>\n<h3>Conclusi\u00f3n Abierta<\/h3>\n<p>El impuesto planteado en Francia act\u00faa como un catalizador para un di\u00e1logo m\u00e1s amplio sobre el futuro de la moda. Aunque no se trata solo de un cambio econ\u00f3mico, sino de una transformaci\u00f3n cultural, los pr\u00f3ximos a\u00f1os ser\u00e1n cruciales para observar c\u00f3mo la industria se adapta a estas nuevas din\u00e1micas. La moda r\u00e1pida podr\u00eda estar en su \u00faltimo cap\u00edtulo, dando paso a un enfoque m\u00e1s consciente y sostenible que no solo beneficie a las marcas, sino tambi\u00e9n a todo el planeta. Invita a los lectores a imaginar un futuro donde cada prenda cuenta una historia de durabilidad y responsabilidad.<\/p>\n<p><em> &#8221; Fuentes www.vogue.com &#8221; <\/em><\/p>\n","protected":false},"excerpt":{"rendered":"<p>La Nueva Era de la Moda: Impuesto y Sostenibilidad en el Horizonte En un mundo donde la moda r\u00e1pida ha dominado los \u00faltimos a\u00f1os, la industria se enfrenta a un cambio significativo que podr\u00eda marcar el rumbo hacia una mayor sostenibilidad. Recientemente, Francia ha propuesto un impuesto destinado a la moda r\u00e1pida, un movimiento que [&hellip;]<\/p>\n","protected":false},"author":14,"featured_media":1206880,"comment_status":"open","ping_status":"closed","sticky":false,"template":"","format":"standard","meta":{"om_disable_all_campaigns":false,"jnews-multi-image_gallery":[],"jnews_single_post":[],"jnews_primary_category":[],"jnews_social_meta":[],"footnotes":""},"categories":[144872],"tags":[125035,178037,71877,127523,255118,9770,69354,74890,765,70299,96535],"class_list":["post-1206879","post","type-post","status-publish","format-standard","has-post-thumbnail","hentry","category-fashion","tag-consumer-behavior","tag-economic-policy","tag-environmental-impact","tag-fashion-industry","tag-fast-fashion","tag-france","tag-latest","tag-legislation","tag-retail","tag-sustainability","tag-tax"],"_links":{"self":[{"href":"https:\/\/dimensionturistica.com\/es\/wp-json\/wp\/v2\/posts\/1206879","targetHints":{"allow":["GET"]}}],"collection":[{"href":"https:\/\/dimensionturistica.com\/es\/wp-json\/wp\/v2\/posts"}],"about":[{"href":"https:\/\/dimensionturistica.com\/es\/wp-json\/wp\/v2\/types\/post"}],"author":[{"embeddable":true,"href":"https:\/\/dimensionturistica.com\/es\/wp-json\/wp\/v2\/users\/14"}],"replies":[{"embeddable":true,"href":"https:\/\/dimensionturistica.com\/es\/wp-json\/wp\/v2\/comments?post=1206879"}],"version-history":[{"count":1,"href":"https:\/\/dimensionturistica.com\/es\/wp-json\/wp\/v2\/posts\/1206879\/revisions"}],"predecessor-version":[{"id":1206881,"href":"https:\/\/dimensionturistica.com\/es\/wp-json\/wp\/v2\/posts\/1206879\/revisions\/1206881"}],"wp:featuredmedia":[{"embeddable":true,"href":"https:\/\/dimensionturistica.com\/es\/wp-json\/wp\/v2\/media\/1206880"}],"wp:attachment":[{"href":"https:\/\/dimensionturistica.com\/es\/wp-json\/wp\/v2\/media?parent=1206879"}],"wp:term":[{"taxonomy":"category","embeddable":true,"href":"https:\/\/dimensionturistica.com\/es\/wp-json\/wp\/v2\/categories?post=1206879"},{"taxonomy":"post_tag","embeddable":true,"href":"https:\/\/dimensionturistica.com\/es\/wp-json\/wp\/v2\/tags?post=1206879"}],"curies":[{"name":"wp","href":"https:\/\/api.w.org\/{rel}","templated":true}]}}