{"id":1206869,"date":"2026-09-03T23:19:35","date_gmt":"2026-09-03T23:19:35","guid":{"rendered":"https:\/\/dimensionturistica.com\/es\/?p=1206869"},"modified":"2026-09-03T23:19:35","modified_gmt":"2026-09-03T23:19:35","slug":"el-dorado-royale-sede-del-encuentro-internacional-future-leaders-in-travel-2026-que-reune-a-la-proxima-generacion-de-lideres-del-sector-turistico","status":"publish","type":"post","link":"https:\/\/dimensionturistica.com\/es\/el-dorado-royale-sede-del-encuentro-internacional-future-leaders-in-travel-2026-que-reune-a-la-proxima-generacion-de-lideres-del-sector-turistico\/","title":{"rendered":"*El Dorado Royale sede del encuentro internacional Future Leaders in Travel 2026 que re\u00fane a la pr\u00f3xima generaci\u00f3n de l\u00edderes del sector tur\u00edstico"},"content":{"rendered":"\n<p class=\"wp-block-paragraph\">\u00a0La Riviera Maya reafirma su posici\u00f3n como uno de los principales destinos internacionales para el encuentro y desarrollo de l\u00edderes de la industria tur\u00edstica con la celebraci\u00f3n de Future Leaders in Travel 2026, que se celebra en El Dorado Royale. El complejo hotelero, propiedad de Lomas Hospitality, re\u00fane a destacados profesionales de la industria de viajes de entre 22 y 40 a\u00f1os, en un evento impulsado por TravelAge West y Northstar Travel Group, con el objetivo de fortalecer sus capacidades profesionales, generar nuevas oportunidades de negocio y construir relaciones que contribuyan a definir el futuro de la industria tur\u00edstica. <\/p>\n\n\n\n<figure class=\"wp-block-gallery has-nested-images columns-default is-cropped wp-block-gallery-1 is-layout-flex wp-block-gallery-is-layout-flex\">\n<figure class=\"wp-block-image size-large\"><img decoding=\"async\" width=\"500\" height=\"329\" data-id=\"1206870\" src=\"https:\/\/dimensionturistica.com\/es\/wp-content\/uploads\/2026\/09\/99LOMAS.jpg\" alt=\"\" class=\"wp-image-1206870\" srcset=\"https:\/\/dimensionturistica.com\/es\/wp-content\/uploads\/2026\/09\/99LOMAS.jpg 500w, https:\/\/dimensionturistica.com\/es\/wp-content\/uploads\/2026\/09\/99LOMAS-300x197.jpg 300w\" sizes=\"(max-width: 500px) 100vw, 500px\" \/><\/figure>\n<\/figure>\n\n\n\n<p class=\"wp-block-paragraph\">\u201cPara Grupo Lomas, ser anfitri\u00f3n de este encuentro representa una oportunidad para continuar fortaleciendo el posicionamiento de la Riviera Maya y del Caribe Mexicano como destinos ideales no solamente para vacacionar, sino tambi\u00e9n para conectar, aprender, hacer negocios y abrir espacios para las nuevas generaciones de profesionales que est\u00e1n transformando la manera de hacer turismo\u201d, coment\u00f3 Dolores L\u00f3pez Lira, Presidenta del Consejo del corporativo tur\u00edstico.<\/p>\n\n\n\n<figure class=\"wp-block-gallery has-nested-images columns-default is-cropped wp-block-gallery-2 is-layout-flex wp-block-gallery-is-layout-flex\">\n<figure class=\"wp-block-image size-large\"><img decoding=\"async\" width=\"500\" height=\"327\" data-id=\"1206871\" src=\"https:\/\/dimensionturistica.com\/es\/wp-content\/uploads\/2026\/09\/2LOMAS.jpg\" alt=\"\" class=\"wp-image-1206871\" srcset=\"https:\/\/dimensionturistica.com\/es\/wp-content\/uploads\/2026\/09\/2LOMAS.jpg 500w, https:\/\/dimensionturistica.com\/es\/wp-content\/uploads\/2026\/09\/2LOMAS-300x196.jpg 300w\" sizes=\"(max-width: 500px) 100vw, 500px\" \/><\/figure>\n<\/figure>\n\n\n\n<p class=\"wp-block-paragraph\"> Durante cuatro d\u00edas, los participantes tuvieron acceso a un programa que combina sesiones colaborativas de contenido, reuniones individuales entre compradores y proveedores, actividades al aire libre y experiencias sociales que buscan generar conexiones aut\u00e9nticas entre los participantes.<\/p>\n\n\n\n<p class=\"wp-block-paragraph\">\u00a0\u201cNos sentimos orgullosos de recibir a esta nueva generaci\u00f3n de l\u00edderes y mostrarles no solamente la hospitalidad que distingue a Grupo Lomas, sino tambi\u00e9n la riqueza, diversidad y capacidad de innovaci\u00f3n de nuestro destino\u201d, destac\u00f3 Dolores L\u00f3pez Lira. La celebraci\u00f3n de Future Leaders in Travel se suma a una agenda de encuentros internacionales que han elegido a Grupo Lomas y a la Riviera Maya como escenario para promover el intercambio de conocimiento y el liderazgo dentro de la industria. Recientemente,<\/p>\n\n\n\n<figure class=\"wp-block-gallery has-nested-images columns-default is-cropped wp-block-gallery-3 is-layout-flex wp-block-gallery-is-layout-flex\">\n<figure class=\"wp-block-image size-large\"><img decoding=\"async\" width=\"500\" height=\"315\" data-id=\"1206873\" src=\"https:\/\/dimensionturistica.com\/es\/wp-content\/uploads\/2026\/09\/611LOMAS.jpg\" alt=\"\" class=\"wp-image-1206873\" srcset=\"https:\/\/dimensionturistica.com\/es\/wp-content\/uploads\/2026\/09\/611LOMAS.jpg 500w, https:\/\/dimensionturistica.com\/es\/wp-content\/uploads\/2026\/09\/611LOMAS-300x189.jpg 300w\" sizes=\"(max-width: 500px) 100vw, 500px\" \/><\/figure>\n<\/figure>\n\n\n\n<p class=\"wp-block-paragraph\"> El Dorado Royale fue sede del 8th Annual Female Leaders in Travel Conclave, que reuni\u00f3 a 55 propietarias de agencias de viajes, ejecutivas y empresarias de Estados Unidos y Canad\u00e1, quienes participaron en sesiones de liderazgo, paneles, actividades de networking y experiencias enfocadas en el desarrollo profesional y personal.<\/p>\n\n\n\n<figure class=\"wp-block-gallery has-nested-images columns-default is-cropped wp-block-gallery-4 is-layout-flex wp-block-gallery-is-layout-flex\">\n<figure class=\"wp-block-image size-large\"><img decoding=\"async\" width=\"500\" height=\"329\" data-id=\"1206872\" src=\"https:\/\/dimensionturistica.com\/es\/wp-content\/uploads\/2026\/09\/4LOMAS.jpg\" alt=\"\" class=\"wp-image-1206872\" srcset=\"https:\/\/dimensionturistica.com\/es\/wp-content\/uploads\/2026\/09\/4LOMAS.jpg 500w, https:\/\/dimensionturistica.com\/es\/wp-content\/uploads\/2026\/09\/4LOMAS-300x197.jpg 300w\" sizes=\"(max-width: 500px) 100vw, 500px\" \/><\/figure>\n<\/figure>\n\n\n\n<p class=\"wp-block-paragraph\">La realizaci\u00f3n consecutiva de ambos encuentros refuerza el compromiso de Grupo Lomas con la generaci\u00f3n de espacios que permitan conectar a los protagonistas actuales de la industria con quienes est\u00e1n construyendo su siguiente etapa y fortalece la proyecci\u00f3n internacional de la Riviera Maya como destino para encuentros especializados de alto nivel dentro de la industria tur\u00edstica. A trav\u00e9s de Lomas Hospitality, Grupo Lomas contin\u00faa impulsando experiencias que combinan hospitalidad, gastronom\u00eda, entretenimiento, naturaleza y cultura mexicana, creando escenarios para el desarrollo del talento, la innovaci\u00f3n y la construcci\u00f3n de relaciones que contribuyan a fortalecer el futuro de la industria tur\u00edstica.<\/p>\n","protected":false},"excerpt":{"rendered":"<p>\u00a0La Riviera Maya reafirma su posici\u00f3n como uno de los principales destinos internacionales para el encuentro y desarrollo de l\u00edderes de la industria tur\u00edstica con la celebraci\u00f3n de Future Leaders in Travel 2026, que se celebra en El Dorado Royale. El complejo hotelero, propiedad de Lomas Hospitality, re\u00fane a destacados profesionales de la industria de [&hellip;]<\/p>\n","protected":false},"author":1,"featured_media":1206877,"comment_status":"open","ping_status":"closed","sticky":false,"template":"","format":"standard","meta":{"om_disable_all_campaigns":false,"jnews-multi-image_gallery":[],"jnews_single_post":[],"jnews_primary_category":[],"jnews_social_meta":[],"footnotes":""},"categories":[39],"tags":[],"class_list":["post-1206869","post","type-post","status-publish","format-standard","has-post-thumbnail","hentry","category-viajes"],"_links":{"self":[{"href":"https:\/\/dimensionturistica.com\/es\/wp-json\/wp\/v2\/posts\/1206869","targetHints":{"allow":["GET"]}}],"collection":[{"href":"https:\/\/dimensionturistica.com\/es\/wp-json\/wp\/v2\/posts"}],"about":[{"href":"https:\/\/dimensionturistica.com\/es\/wp-json\/wp\/v2\/types\/post"}],"author":[{"embeddable":true,"href":"https:\/\/dimensionturistica.com\/es\/wp-json\/wp\/v2\/users\/1"}],"replies":[{"embeddable":true,"href":"https:\/\/dimensionturistica.com\/es\/wp-json\/wp\/v2\/comments?post=1206869"}],"version-history":[{"count":1,"href":"https:\/\/dimensionturistica.com\/es\/wp-json\/wp\/v2\/posts\/1206869\/revisions"}],"predecessor-version":[{"id":1206878,"href":"https:\/\/dimensionturistica.com\/es\/wp-json\/wp\/v2\/posts\/1206869\/revisions\/1206878"}],"wp:featuredmedia":[{"embeddable":true,"href":"https:\/\/dimensionturistica.com\/es\/wp-json\/wp\/v2\/media\/1206877"}],"wp:attachment":[{"href":"https:\/\/dimensionturistica.com\/es\/wp-json\/wp\/v2\/media?parent=1206869"}],"wp:term":[{"taxonomy":"category","embeddable":true,"href":"https:\/\/dimensionturistica.com\/es\/wp-json\/wp\/v2\/categories?post=1206869"},{"taxonomy":"post_tag","embeddable":true,"href":"https:\/\/dimensionturistica.com\/es\/wp-json\/wp\/v2\/tags?post=1206869"}],"curies":[{"name":"wp","href":"https:\/\/api.w.org\/{rel}","templated":true}]}}