{"id":1206856,"date":"2026-09-03T22:38:33","date_gmt":"2026-09-03T22:38:33","guid":{"rendered":"https:\/\/dimensionturistica.com\/es\/?p=1206856"},"modified":"2026-09-03T22:38:33","modified_gmt":"2026-09-03T22:38:33","slug":"finalmente-victoria-beckham-tiene-una-tienda-en-nueva-york-que-puede-considerar-su-hogar","status":"publish","type":"post","link":"https:\/\/dimensionturistica.com\/es\/finalmente-victoria-beckham-tiene-una-tienda-en-nueva-york-que-puede-considerar-su-hogar\/","title":{"rendered":"Finalmente, Victoria Beckham tiene una tienda en Nueva York que puede considerar su hogar."},"content":{"rendered":"<p><strong>Victoria Beckham Abre Su Tienda en Nueva York: Un Nuevo Hito en el Mundo de la Moda<\/strong><\/p>\n<p>El 2023 ha marcado un momento trascendental en la carrera de Victoria Beckham, ya que la emblem\u00e1tica dise\u00f1adora ha inaugurado su tienda insignia en la vibrante ciudad de Nueva York. Este nuevo espacio no solo representa un sue\u00f1o cumplido, sino que tambi\u00e9n establece un hito significativo en su trayectoria profesional, consolidando su marca en uno de los epicentros de la moda mundial.<\/p>\n<p>Ubicada en el exclusivo barrio de SoHo, la tienda se convierte en un refugio para los amantes de la moda que buscan piezas \u00fanicas y de alta calidad. La selecci\u00f3n de prendas destaca por su elegancia y sofisticaci\u00f3n, con una paleta de colores que refleja la est\u00e9tica minimalista y atemporal que caracteriza a Beckham. Desde vestidos de oficina hasta ropa de noche, cada art\u00edculo est\u00e1 dise\u00f1ado con precisi\u00f3n, enfoc\u00e1ndose en detalles que elevan la experiencia de vestir.<\/p>\n<p>Uno de los aspectos m\u00e1s interesantes de la tienda es su cuidada decoraci\u00f3n, que crea un ambiente acogedor y chic. Con una mezcla de elementos modernos y toques de nostalgia, cada rinc\u00f3n invoca la esencia personal de Victoria, haciendo que los visitantes se sientan conectados con su historia y visi\u00f3n art\u00edstica. La combinaci\u00f3n de muebles de dise\u00f1o y exposiciones de arte cuidadosamente elegidas ofrece un encanto adicional que invita a los clientes a explorar sin prisas.<\/p>\n<p>El lanzamiento de la tienda coincide con el crecimiento continuo de la marca Beckham, que ha sabido adaptarse a las cambiantes tendencias del mercado. La decisi\u00f3n de abrir un espacio f\u00edsico en Nueva York resalta la confianza en la marca y la fuerte conexi\u00f3n que Victoria mantiene con sus seguidores. Se ha convertido en un referente no solo por su est\u00e9tica, sino tambi\u00e9n por su enfoque en la sostenibilidad, ofreciendo opciones que respetan el medio ambiente.<\/p>\n<p>La inauguraci\u00f3n atrajo a numerosas celebridades y figuras influyentes del mundo de la moda, quienes se sumaron a la celebraci\u00f3n de este nuevo cap\u00edtulo. La presencia de personalidades del jet set destaca la relevancia de la marca en la industria y la aceptaci\u00f3n que ha logrado en un competitivo panorama.<\/p>\n<p>La tienda de Victoria Beckham en Nueva York no solo es un punto de venta; es una experiencia sensorial que invita a los visitantes a sumergirse en su visi\u00f3n de la moda. Con su estilo distintivo y su compromiso con la calidad, este nuevo espacio promete convertirse en un destino imperdible para los fashionistas en la Gran Manzana.<\/p>\n<p>Sin duda, el nuevo local es m\u00e1s que una tienda; es un testimonio del crecimiento y la evoluci\u00f3n constante de una dise\u00f1adora que ha sabido reinventarse y cuya influencia sigue resonando en el mundo de la moda. Desde su ic\u00f3nica trayectoria en las Spice Girls hasta su exitosa carrera como dise\u00f1adora, Victoria Beckham ha demostrado que su pasi\u00f3n y dedicaci\u00f3n son ingredientes clave para su continuo \u00e9xito. La moda en Nueva York acaba de recibir una propuesta que, sin lugar a dudas, deja huella.<\/p>\n<p><em> &#8221; Fuentes www.vogue.com &#8221; <\/em><\/p>\n","protected":false},"excerpt":{"rendered":"<p>Victoria Beckham Abre Su Tienda en Nueva York: Un Nuevo Hito en el Mundo de la Moda El 2023 ha marcado un momento trascendental en la carrera de Victoria Beckham, ya que la emblem\u00e1tica dise\u00f1adora ha inaugurado su tienda insignia en la vibrante ciudad de Nueva York. Este nuevo espacio no solo representa un sue\u00f1o [&hellip;]<\/p>\n","protected":false},"author":14,"featured_media":1206857,"comment_status":"open","ping_status":"closed","sticky":false,"template":"","format":"standard","meta":{"om_disable_all_campaigns":false,"jnews-multi-image_gallery":[],"jnews_single_post":[],"jnews_primary_category":[],"jnews_social_meta":[],"footnotes":""},"categories":[144872],"tags":[230,237,89166,73695,166,6514,765,202,105457,29834],"class_list":["post-1206856","post","type-post","status-publish","format-standard","has-post-thumbnail","hentry","category-fashion","tag-business","tag-celebrity","tag-designer","tag-entrepreneurship","tag-fashion","tag-new-york","tag-retail","tag-shopping","tag-store-opening","tag-victoria-beckham"],"_links":{"self":[{"href":"https:\/\/dimensionturistica.com\/es\/wp-json\/wp\/v2\/posts\/1206856","targetHints":{"allow":["GET"]}}],"collection":[{"href":"https:\/\/dimensionturistica.com\/es\/wp-json\/wp\/v2\/posts"}],"about":[{"href":"https:\/\/dimensionturistica.com\/es\/wp-json\/wp\/v2\/types\/post"}],"author":[{"embeddable":true,"href":"https:\/\/dimensionturistica.com\/es\/wp-json\/wp\/v2\/users\/14"}],"replies":[{"embeddable":true,"href":"https:\/\/dimensionturistica.com\/es\/wp-json\/wp\/v2\/comments?post=1206856"}],"version-history":[{"count":1,"href":"https:\/\/dimensionturistica.com\/es\/wp-json\/wp\/v2\/posts\/1206856\/revisions"}],"predecessor-version":[{"id":1206858,"href":"https:\/\/dimensionturistica.com\/es\/wp-json\/wp\/v2\/posts\/1206856\/revisions\/1206858"}],"wp:featuredmedia":[{"embeddable":true,"href":"https:\/\/dimensionturistica.com\/es\/wp-json\/wp\/v2\/media\/1206857"}],"wp:attachment":[{"href":"https:\/\/dimensionturistica.com\/es\/wp-json\/wp\/v2\/media?parent=1206856"}],"wp:term":[{"taxonomy":"category","embeddable":true,"href":"https:\/\/dimensionturistica.com\/es\/wp-json\/wp\/v2\/categories?post=1206856"},{"taxonomy":"post_tag","embeddable":true,"href":"https:\/\/dimensionturistica.com\/es\/wp-json\/wp\/v2\/tags?post=1206856"}],"curies":[{"name":"wp","href":"https:\/\/api.w.org\/{rel}","templated":true}]}}