{"id":1206842,"date":"2026-09-03T22:22:15","date_gmt":"2026-09-03T22:22:15","guid":{"rendered":"https:\/\/dimensionturistica.com\/es\/?p=1206842"},"modified":"2026-09-03T22:22:15","modified_gmt":"2026-09-03T22:22:15","slug":"pasar-de-los-compromisos-a-la-implementacion-postulan-en-la-semana-mundial-de-accion-sobre-enfermedades-no-trasmisibles","status":"publish","type":"post","link":"https:\/\/dimensionturistica.com\/es\/pasar-de-los-compromisos-a-la-implementacion-postulan-en-la-semana-mundial-de-accion-sobre-enfermedades-no-trasmisibles\/","title":{"rendered":"Pasar de los compromisos a la implementaci\u00f3n, postulan en la Semana Mundial de Acci\u00f3n sobre Enfermedades No Trasmisibles"},"content":{"rendered":"\n<p class=\"wp-block-paragraph\">En el marco de la Semana Mundial de Acci\u00f3n sobre las Enfermedades No Transmisibles (ENT) 2026, la alianza global de organizaciones de la salud llama con urgencia a los gobiernos y a la sociedad civil a conformar un liderazgo real y medible para bajar la prevalencia de las ENT, causantes de siete de cada diez decesos en el mundo y en M\u00e9xico, bajo la consigna &#8220;De los compromisos a la acci\u00f3n&#8221;.<\/p>\n\n\n\n<figure class=\"wp-block-gallery has-nested-images columns-default is-cropped wp-block-gallery-1 is-layout-flex wp-block-gallery-is-layout-flex\">\n<figure class=\"wp-block-image size-large\"><img decoding=\"async\" width=\"186\" height=\"304\" data-id=\"1206843\" src=\"https:\/\/dimensionturistica.com\/es\/wp-content\/uploads\/2026\/09\/7JUAM.jpg\" alt=\"\" class=\"wp-image-1206843\" srcset=\"https:\/\/dimensionturistica.com\/es\/wp-content\/uploads\/2026\/09\/7JUAM.jpg 186w, https:\/\/dimensionturistica.com\/es\/wp-content\/uploads\/2026\/09\/7JUAM-184x300.jpg 184w\" sizes=\"(max-width: 186px) 100vw, 186px\" \/><\/figure>\n<\/figure>\n\n\n\n<p class=\"wp-block-paragraph\">A cuatro a\u00f1os de vencer la fecha l\u00edmite para cumplir los Objetivos de Desarrollo Sostenible (ODS) de la ONU para 2030, la inacci\u00f3n frente a las ENT \u2014como las enfermedades cardiovasculares, cerebrovasculares, el c\u00e1ncer, la diabetes, las afecciones respiratorias, cr\u00f3nicas, renales y la salud mental\u2014 contin\u00faa cobrando millones de vidas evitables cada a\u00f1o.<\/p>\n\n\n\n<p class=\"wp-block-paragraph\">&#8220;El tiempo de las promesas firmadas en cumbres internacionales ha terminado. En 2026, la salud p\u00fablica, la protecci\u00f3n de nuestra poblaci\u00f3n exige decisiones pol\u00edticas valientes, inversi\u00f3n sostenible en atenci\u00f3n primaria y garant\u00edas para lograr el un acceso universal a tratamientos preventivos y curativos, ahora que la Presidenta del pa\u00eds anunci\u00f3 en abril pasado la creaci\u00f3n del Servicio Universal de Salud&#8221;, Juan N\u00fa\u00f1ez, Coordinador de la Coalici\u00f3n M\u00e9xico Salud-Hable.<\/p>\n\n\n\n<p class=\"wp-block-paragraph\">Ejes clave de la movilizaci\u00f3n 2026:<\/p>\n\n\n\n<figure class=\"wp-block-gallery has-nested-images columns-default is-cropped wp-block-gallery-2 is-layout-flex wp-block-gallery-is-layout-flex\">\n<figure class=\"wp-block-image size-large\"><img decoding=\"async\" width=\"500\" height=\"178\" data-id=\"1206844\" src=\"https:\/\/dimensionturistica.com\/es\/wp-content\/uploads\/2026\/09\/6JUAN.jpg\" alt=\"\" class=\"wp-image-1206844\" srcset=\"https:\/\/dimensionturistica.com\/es\/wp-content\/uploads\/2026\/09\/6JUAN.jpg 500w, https:\/\/dimensionturistica.com\/es\/wp-content\/uploads\/2026\/09\/6JUAN-300x107.jpg 300w\" sizes=\"(max-width: 500px) 100vw, 500px\" \/><\/figure>\n<\/figure>\n\n\n\n<p class=\"wp-block-paragraph\">Financiamiento Sostenible: Incrementar la inversi\u00f3n en sistemas de salud comunitarios y atenci\u00f3n primaria para la detecci\u00f3n temprana de patolog\u00edas cr\u00f3nicas.<\/p>\n\n\n\n<p class=\"wp-block-paragraph\">Rendici\u00f3n de Cuentas: Monitorear el cumplimiento efectivo de los acuerdos asumidos por los Estados miembros de la Organizaci\u00f3n Mundial de la Salud (OMS).<\/p>\n\n\n\n<p class=\"wp-block-paragraph\">Participaci\u00f3n Ciudadana: Integrar la experiencia directa de las personas que viven con ENT en la formulaci\u00f3n y ejecuci\u00f3n de pol\u00edticas p\u00fablicas sanitarias.<\/p>\n\n\n\n<p class=\"wp-block-paragraph\">La Semana de Acci\u00f3n movilizar\u00e1 a m\u00e1s de 2,000 organizaciones a nivel global mediante foros, campa\u00f1as p\u00fablicas de concientizaci\u00f3n y di\u00e1logos pol\u00edticos de alto nivel, con el prop\u00f3sito de acelerar las reformas legales en materia de etiquetado de alimentos, regulaci\u00f3n de tabaco, alcohol e inactividad f\u00edsica.<\/p>\n","protected":false},"excerpt":{"rendered":"<p>En el marco de la Semana Mundial de Acci\u00f3n sobre las Enfermedades No Transmisibles (ENT) 2026, la alianza global de organizaciones de la salud llama con urgencia a los gobiernos y a la sociedad civil a conformar un liderazgo real y medible para bajar la prevalencia de las ENT, causantes de siete de cada diez [&hellip;]<\/p>\n","protected":false},"author":1,"featured_media":1206845,"comment_status":"open","ping_status":"closed","sticky":false,"template":"","format":"standard","meta":{"om_disable_all_campaigns":false,"jnews-multi-image_gallery":[],"jnews_single_post":[],"jnews_primary_category":[],"jnews_social_meta":[],"footnotes":""},"categories":[40],"tags":[],"class_list":["post-1206842","post","type-post","status-publish","format-standard","has-post-thumbnail","hentry","category-industria"],"_links":{"self":[{"href":"https:\/\/dimensionturistica.com\/es\/wp-json\/wp\/v2\/posts\/1206842","targetHints":{"allow":["GET"]}}],"collection":[{"href":"https:\/\/dimensionturistica.com\/es\/wp-json\/wp\/v2\/posts"}],"about":[{"href":"https:\/\/dimensionturistica.com\/es\/wp-json\/wp\/v2\/types\/post"}],"author":[{"embeddable":true,"href":"https:\/\/dimensionturistica.com\/es\/wp-json\/wp\/v2\/users\/1"}],"replies":[{"embeddable":true,"href":"https:\/\/dimensionturistica.com\/es\/wp-json\/wp\/v2\/comments?post=1206842"}],"version-history":[{"count":1,"href":"https:\/\/dimensionturistica.com\/es\/wp-json\/wp\/v2\/posts\/1206842\/revisions"}],"predecessor-version":[{"id":1206846,"href":"https:\/\/dimensionturistica.com\/es\/wp-json\/wp\/v2\/posts\/1206842\/revisions\/1206846"}],"wp:featuredmedia":[{"embeddable":true,"href":"https:\/\/dimensionturistica.com\/es\/wp-json\/wp\/v2\/media\/1206845"}],"wp:attachment":[{"href":"https:\/\/dimensionturistica.com\/es\/wp-json\/wp\/v2\/media?parent=1206842"}],"wp:term":[{"taxonomy":"category","embeddable":true,"href":"https:\/\/dimensionturistica.com\/es\/wp-json\/wp\/v2\/categories?post=1206842"},{"taxonomy":"post_tag","embeddable":true,"href":"https:\/\/dimensionturistica.com\/es\/wp-json\/wp\/v2\/tags?post=1206842"}],"curies":[{"name":"wp","href":"https:\/\/api.w.org\/{rel}","templated":true}]}}