{"id":1206812,"date":"2026-09-03T22:00:53","date_gmt":"2026-09-03T22:00:53","guid":{"rendered":"https:\/\/dimensionturistica.com\/es\/?p=1206812"},"modified":"2026-09-03T22:00:53","modified_gmt":"2026-09-03T22:00:53","slug":"en-su-primer-dia-de-la-presentacion-del-10a-edicion-del-sustainable-social-tourism-summit-grandes-sorpresas-para-los-asistentes","status":"publish","type":"post","link":"https:\/\/dimensionturistica.com\/es\/en-su-primer-dia-de-la-presentacion-del-10a-edicion-del-sustainable-social-tourism-summit-grandes-sorpresas-para-los-asistentes\/","title":{"rendered":"En su primer d\u00eda de la presentaci\u00f3n del 10\u00aa edici\u00f3n del Sustainable &#038; Social Tourism Summit, grandes sorpresas para los asistentes"},"content":{"rendered":"\n<p class=\"wp-block-paragraph\">La tecnolog\u00eda y la inteligencia artificial pueden transformar profundamente la manera en que se gestiona y se vive el turismo, pero su verdadero valor depender\u00e1 de que estas herramientas contribuyan a construir destinos m\u00e1s sostenibles, incluyentes y capaces de generar bienestar para las comunidades que los habitan.<\/p>\n\n\n\n<figure class=\"wp-block-gallery has-nested-images columns-default is-cropped wp-block-gallery-1 is-layout-flex wp-block-gallery-is-layout-flex\">\n<figure class=\"wp-block-image size-large\"><img decoding=\"async\" width=\"500\" height=\"333\" data-id=\"1206813\" src=\"https:\/\/dimensionturistica.com\/es\/wp-content\/uploads\/2026\/09\/1SUMIT.jpg\" alt=\"\" class=\"wp-image-1206813\" srcset=\"https:\/\/dimensionturistica.com\/es\/wp-content\/uploads\/2026\/09\/1SUMIT.jpg 500w, https:\/\/dimensionturistica.com\/es\/wp-content\/uploads\/2026\/09\/1SUMIT-300x200.jpg 300w\" sizes=\"(max-width: 500px) 100vw, 500px\" \/><\/figure>\n<\/figure>\n\n\n\n<p class=\"wp-block-paragraph\">Esta fue una de las principales reflexiones de la primera jornada de conferencias de la <a>10\u00aa edici\u00f3n del Sustainable &amp; Social Tourism Summit,<\/a> que se lleva a cabo en el Hotel Camino Real Polanco, Ciudad de M\u00e9xico, bajo el eje \u201cTecnolog\u00eda, Innovaci\u00f3n, AI y sostenibilidad\u201d.<\/p>\n\n\n\n<p class=\"wp-block-paragraph\">Especialistas nacionales e internacionales analizaron los cambios que ha experimentado la industria tur\u00edstica durante la \u00faltima d\u00e9cada y los desaf\u00edos que deber\u00e1 enfrentar en los pr\u00f3ximos a\u00f1os, con una agenda que abord\u00f3 desde nuevas narrativas y modelos de financiamiento hasta turismo comunitario, pol\u00edtica p\u00fablica, gesti\u00f3n de destinos e inteligencia artificial.<\/p>\n\n\n\n<p class=\"wp-block-paragraph\">10 a\u00f1os de conversaci\u00f3n sobre el turismo sostenible<\/p>\n\n\n\n<figure class=\"wp-block-gallery has-nested-images columns-default is-cropped wp-block-gallery-2 is-layout-flex wp-block-gallery-is-layout-flex\">\n<figure class=\"wp-block-image size-large\"><img decoding=\"async\" width=\"500\" height=\"332\" data-id=\"1206814\" src=\"https:\/\/dimensionturistica.com\/es\/wp-content\/uploads\/2026\/09\/11SUMIT.jpg\" alt=\"\" class=\"wp-image-1206814\" srcset=\"https:\/\/dimensionturistica.com\/es\/wp-content\/uploads\/2026\/09\/11SUMIT.jpg 500w, https:\/\/dimensionturistica.com\/es\/wp-content\/uploads\/2026\/09\/11SUMIT-300x199.jpg 300w\" sizes=\"(max-width: 500px) 100vw, 500px\" \/><\/figure>\n<\/figure>\n\n\n\n<p class=\"wp-block-paragraph\">La jornada comenz\u00f3 con la conferencia \u201cNuevas narrativas para un turismo diferente\u201d, a cargo de Rob Holmes, fundador y Chief Strategist de GLP Films, agencia especializada en storytelling de turismo sostenible.<\/p>\n\n\n\n<p class=\"wp-block-paragraph\">Holmes plante\u00f3 la importancia de transformar la manera en que se cuenta el turismo y de desarrollar narrativas capaces de mostrar no solamente los atractivos de un destino, sino tambi\u00e9n las historias, personas, comunidades y valores que existen detr\u00e1s de ellos.<\/p>\n\n\n\n<figure class=\"wp-block-gallery has-nested-images columns-default is-cropped wp-block-gallery-3 is-layout-flex wp-block-gallery-is-layout-flex\">\n<figure class=\"wp-block-image size-large\"><img decoding=\"async\" width=\"500\" height=\"333\" data-id=\"1206815\" src=\"https:\/\/dimensionturistica.com\/es\/wp-content\/uploads\/2026\/09\/9SUMIT.jpg\" alt=\"\" class=\"wp-image-1206815\" srcset=\"https:\/\/dimensionturistica.com\/es\/wp-content\/uploads\/2026\/09\/9SUMIT.jpg 500w, https:\/\/dimensionturistica.com\/es\/wp-content\/uploads\/2026\/09\/9SUMIT-300x200.jpg 300w\" sizes=\"(max-width: 500px) 100vw, 500px\" \/><\/figure>\n<\/figure>\n\n\n\n<p class=\"wp-block-paragraph\">La conversaci\u00f3n continu\u00f3 con el panel \u201c10 a\u00f1os del Summit. \u00bfQu\u00e9 ha cambiado y qu\u00e9 nos espera?\u201d, en el que participaron Alberto L\u00f3pez, de ISTO Am\u00e9ricas; Lourdes Berho, de Alchemia M\u00e9xico; Marisol Venegas, consultora independiente; y Juan Jos\u00e9 \u00c1lvarez Brunel, consultor independiente, quienes han formado parte de este evento a lo largo de su historia.<\/p>\n\n\n\n<p class=\"wp-block-paragraph\">A diez a\u00f1os de la primera edici\u00f3n del encuentro, los especialistas revisaron la evoluci\u00f3n que<\/p>\n\n\n\n<p class=\"wp-block-paragraph\">ha tenido la conversaci\u00f3n sobre sostenibilidad en el sector tur\u00edstico y los retos que deber\u00e1n<\/p>\n\n\n\n<p class=\"wp-block-paragraph\">atender destinos, empresas, gobiernos y comunidades durante la pr\u00f3xima d\u00e9cada.<\/p>\n\n\n\n<figure class=\"wp-block-gallery has-nested-images columns-default is-cropped wp-block-gallery-4 is-layout-flex wp-block-gallery-is-layout-flex\">\n<figure class=\"wp-block-image size-large\"><img decoding=\"async\" width=\"500\" height=\"333\" data-id=\"1206816\" src=\"https:\/\/dimensionturistica.com\/es\/wp-content\/uploads\/2026\/09\/8SUMIT.jpg\" alt=\"\" class=\"wp-image-1206816\" srcset=\"https:\/\/dimensionturistica.com\/es\/wp-content\/uploads\/2026\/09\/8SUMIT.jpg 500w, https:\/\/dimensionturistica.com\/es\/wp-content\/uploads\/2026\/09\/8SUMIT-300x200.jpg 300w\" sizes=\"(max-width: 500px) 100vw, 500px\" \/><\/figure>\n<\/figure>\n\n\n\n<p class=\"wp-block-paragraph\">El panel puso en perspectiva c\u00f3mo el concepto de sostenibilidad ha dejado de ser un tema complementario para convertirse en un elemento estrat\u00e9gico para la competitividad y permanencia de los destinos y las empresas tur\u00edsticas.<\/p>\n\n\n\n<p class=\"wp-block-paragraph\">\u00bfPreguntas inc\u00f3modas? Este SUMMIT pretende sembran preguntas que nos hagan avanzar y evolucionar como industria.<\/p>\n\n\n\n<p class=\"wp-block-paragraph\">Uno de los temas centrales de la jornada fue el acceso al financiamiento como una condici\u00f3n necesaria para avanzar hacia modelos tur\u00edsticos sostenibles y regenerativos.<\/p>\n\n\n\n<figure class=\"wp-block-gallery has-nested-images columns-default is-cropped wp-block-gallery-5 is-layout-flex wp-block-gallery-is-layout-flex\">\n<figure class=\"wp-block-image size-large\"><img decoding=\"async\" width=\"500\" height=\"333\" data-id=\"1206817\" src=\"https:\/\/dimensionturistica.com\/es\/wp-content\/uploads\/2026\/09\/7SUMIT.jpg\" alt=\"\" class=\"wp-image-1206817\" srcset=\"https:\/\/dimensionturistica.com\/es\/wp-content\/uploads\/2026\/09\/7SUMIT.jpg 500w, https:\/\/dimensionturistica.com\/es\/wp-content\/uploads\/2026\/09\/7SUMIT-300x200.jpg 300w\" sizes=\"(max-width: 500px) 100vw, 500px\" \/><\/figure>\n<\/figure>\n\n\n\n<p class=\"wp-block-paragraph\">En la conferencia \u201cFinanciamiento al turismo sostenible y regenerativo\u201d, Oscar Rueda, del Banco de Desarrollo de Am\u00e9rica Latina y el Caribe (CAF), abord\u00f3 los desaf\u00edos y oportunidades para movilizar recursos hacia proyectos capaces de generar beneficios ambientales, sociales y econ\u00f3micos.<\/p>\n\n\n\n<p class=\"wp-block-paragraph\">Turismo comunitario 3.0: innovaci\u00f3n sin perder de vista a las comunidades<\/p>\n\n\n\n<p class=\"wp-block-paragraph\">La dimensi\u00f3n social de la sostenibilidad estuvo presente en la conferencia \u201cTurismo comunitario 3.0: desaf\u00edos y realidades de la innovaci\u00f3n digital en Iberoam\u00e9rica\u201d, impartida por Jordi Tresserras, de UNESCO.<\/p>\n\n\n\n<figure class=\"wp-block-gallery has-nested-images columns-default is-cropped wp-block-gallery-6 is-layout-flex wp-block-gallery-is-layout-flex\">\n<figure class=\"wp-block-image size-large\"><img decoding=\"async\" width=\"500\" height=\"333\" data-id=\"1206830\" src=\"https:\/\/dimensionturistica.com\/es\/wp-content\/uploads\/2026\/09\/6SUMIT.jpg\" alt=\"\" class=\"wp-image-1206830\" srcset=\"https:\/\/dimensionturistica.com\/es\/wp-content\/uploads\/2026\/09\/6SUMIT.jpg 500w, https:\/\/dimensionturistica.com\/es\/wp-content\/uploads\/2026\/09\/6SUMIT-300x200.jpg 300w\" sizes=\"(max-width: 500px) 100vw, 500px\" \/><\/figure>\n<\/figure>\n\n\n\n<p class=\"wp-block-paragraph\">La conversaci\u00f3n retom\u00f3 uno de los principios centrales de esta edici\u00f3n del Summit: la tecnolog\u00eda debe estar al servicio de las personas y de los territorios, y no convertirse en un fin en s\u00ed misma.<\/p>\n\n\n\n<p class=\"wp-block-paragraph\">El desaf\u00edo consiste en aprovechar la innovaci\u00f3n digital para ampliar oportunidades, fortalecer capacidades y mejorar la visibilidad de las iniciativas comunitarias, manteniendo al mismo tiempo la identidad cultural y el control de las comunidades sobre su propio desarrollo tur\u00edstico.<\/p>\n\n\n\n<p class=\"wp-block-paragraph\">Innovaci\u00f3n para cerrar brechas<\/p>\n\n\n\n<p class=\"wp-block-paragraph\">La relaci\u00f3n entre tecnolog\u00eda y sostenibilidad fue abordada tambi\u00e9n durante el panel \u201cInnovaci\u00f3n en acci\u00f3n: C\u00f3mo la tecnolog\u00eda cierra las brechas para la sustentabilidad\u201d, en el que participaron Malula Prieto, presidenta ejecutiva del CNET; Teresa Sol\u00eds, experta de Industria, Hospitalidad y Desarrollo Tur\u00edstico; y Gema Sacrist\u00e1n, socia l\u00edder de Sostenibilidad y Sector P\u00fablico de Deloitte S-LATAM, con la moderaci\u00f3n de Fernando Mandri Bellot, presidente del Sustainable &amp; Social Tourism Summit.<\/p>\n\n\n\n<figure class=\"wp-block-gallery has-nested-images columns-default is-cropped wp-block-gallery-7 is-layout-flex wp-block-gallery-is-layout-flex\">\n<figure class=\"wp-block-image size-large\"><img decoding=\"async\" width=\"500\" height=\"333\" data-id=\"1206831\" src=\"https:\/\/dimensionturistica.com\/es\/wp-content\/uploads\/2026\/09\/5SUMIT.jpg\" alt=\"\" class=\"wp-image-1206831\" srcset=\"https:\/\/dimensionturistica.com\/es\/wp-content\/uploads\/2026\/09\/5SUMIT.jpg 500w, https:\/\/dimensionturistica.com\/es\/wp-content\/uploads\/2026\/09\/5SUMIT-300x200.jpg 300w\" sizes=\"(max-width: 500px) 100vw, 500px\" \/><\/figure>\n<\/figure>\n\n\n\n<p class=\"wp-block-paragraph\">La conversaci\u00f3n puso sobre la mesa la necesidad de que la transformaci\u00f3n tecnol\u00f3gica del sector tenga una aplicaci\u00f3n pr\u00e1ctica y contribuya a resolver problemas concretos de las empresas y los destinos.<\/p>\n\n\n\n<p class=\"wp-block-paragraph\">M\u00e1s all\u00e1 de incorporar nuevas herramientas digitales, el reto es determinar c\u00f3mo estas pueden ayudar a mejorar procesos, optimizar recursos, reducir impactos y generar mejores<\/p>\n\n\n\n<p class=\"wp-block-paragraph\">condiciones para quienes participan en la cadena de valor tur\u00edstica.<\/p>\n\n\n\n<p class=\"wp-block-paragraph\">M\u00e9xico presenta una visi\u00f3n compartida para el turismo sostenible<\/p>\n\n\n\n<p class=\"wp-block-paragraph\">Otro de los momentos relevantes de la jornada fue la presentaci\u00f3n de la Pol\u00edtica de Turismo<\/p>\n\n\n\n<figure class=\"wp-block-gallery has-nested-images columns-default is-cropped wp-block-gallery-8 is-layout-flex wp-block-gallery-is-layout-flex\">\n<figure class=\"wp-block-image size-large\"><img decoding=\"async\" width=\"500\" height=\"333\" data-id=\"1206832\" src=\"https:\/\/dimensionturistica.com\/es\/wp-content\/uploads\/2026\/09\/4SUMIT.jpg\" alt=\"\" class=\"wp-image-1206832\" srcset=\"https:\/\/dimensionturistica.com\/es\/wp-content\/uploads\/2026\/09\/4SUMIT.jpg 500w, https:\/\/dimensionturistica.com\/es\/wp-content\/uploads\/2026\/09\/4SUMIT-300x200.jpg 300w\" sizes=\"(max-width: 500px) 100vw, 500px\" \/><\/figure>\n<\/figure>\n\n\n\n<p class=\"wp-block-paragraph\">Sostenible de M\u00e9xico, con la participaci\u00f3n de representantes de la Uni\u00f3n de Secretarios y Secretarias de Turismo de M\u00e9xico (ASETUR), la Asociaci\u00f3n Nacional de Autoridades Ambientales Estatales (ANAAE), la Asociaci\u00f3n Mexicana de Secretarios de Desarrollo Econ\u00f3mico (AMSDE) y la Alianza Mexicana Alemana de Cambio Clim\u00e1tico GIZ.<\/p>\n\n\n\n<p class=\"wp-block-paragraph\">La participaci\u00f3n de estos organismos reflej\u00f3 la necesidad de construir una visi\u00f3n transversal de la sostenibilidad tur\u00edstica, que involucre no s\u00f3lo a las autoridades de turismo, sino tambi\u00e9n a las \u00e1reas responsables del medio ambiente, desarrollo econ\u00f3mico y cambio clim\u00e1tico.<\/p>\n\n\n\n<p class=\"wp-block-paragraph\">El encuentro plantea as\u00ed la importancia de articular pol\u00edticas p\u00fablicas y esfuerzos del sector privado y social para avanzar hacia destinos m\u00e1s resilientes y capaces de responder a los desaf\u00edos ambientales, econ\u00f3micos y sociales.<\/p>\n\n\n\n<p class=\"wp-block-paragraph\">La agenda tambi\u00e9n puso la mirada en la capital del pa\u00eds con la presentaci\u00f3n \u201cCiudad de M\u00e9xico; destino sustentable y socialmente incluyente\u201d, a cargo del Fondo Mixto de Promoci\u00f3n Tur\u00edstica de la Ciudad de M\u00e9xico, que permiti\u00f3 compartir la visi\u00f3n y las estrategias que se est\u00e1n impulsando para fortalecer a la capital como un destino tur\u00edstico m\u00e1s sustentable, incluyente y conectado con las necesidades de quienes la habitan y visitan.<\/p>\n\n\n\n<p class=\"wp-block-paragraph\">Su participaci\u00f3n reafirm\u00f3 la importancia de que las grandes ciudades incorporen la sostenibilidad y la inclusi\u00f3n como elementos centrales de su desarrollo tur\u00edstico.<\/p>\n\n\n\n<p class=\"wp-block-paragraph\">La inteligencia artificial abre nuevas preguntas para el turismo<\/p>\n\n\n\n<figure class=\"wp-block-gallery has-nested-images columns-default is-cropped wp-block-gallery-9 is-layout-flex wp-block-gallery-is-layout-flex\">\n<figure class=\"wp-block-image size-large\"><img decoding=\"async\" width=\"500\" height=\"333\" data-id=\"1206834\" src=\"https:\/\/dimensionturistica.com\/es\/wp-content\/uploads\/2026\/09\/3SUMIT.jpg\" alt=\"\" class=\"wp-image-1206834\" srcset=\"https:\/\/dimensionturistica.com\/es\/wp-content\/uploads\/2026\/09\/3SUMIT.jpg 500w, https:\/\/dimensionturistica.com\/es\/wp-content\/uploads\/2026\/09\/3SUMIT-300x200.jpg 300w\" sizes=\"(max-width: 500px) 100vw, 500px\" \/><\/figure>\n<\/figure>\n\n\n\n<p class=\"wp-block-paragraph\">La jornada concluy\u00f3 con la conferencia \u201cEl pr\u00f3ximo destino es humano: La paradoja de la inteligencia artificial en el turismo\u201d, impartida por Diego Halffter, de Nyvia, M\u00e9xico.<\/p>\n\n\n\n<p class=\"wp-block-paragraph\">La sesi\u00f3n abord\u00f3 uno de los grandes temas: La incorporaci\u00f3n de IA puede transformar procesos como la personalizaci\u00f3n de viajes, la gesti\u00f3n de destinos, la atenci\u00f3n al visitante y la toma de decisiones, pero tambi\u00e9n plantea preguntas sobre el papel de las personas, la privacidad, la relaci\u00f3n con las comunidades y la manera en que se dise\u00f1ar\u00e1 el turismo del futuro.<\/p>\n\n\n\n<p class=\"wp-block-paragraph\">Chiapas: turismo, conservaci\u00f3n y futuro<\/p>\n\n\n\n<p class=\"wp-block-paragraph\">La jornada tambi\u00e9n permiti\u00f3 conocer la visi\u00f3n de Chiapas a trav\u00e9s de la presentaci\u00f3n \u201cChiapas: Turismo, Conservaci\u00f3n y Futuro\u201d, a cargo de Segundo Guill\u00e9n Gordillo, de la Secretar\u00eda de Turismo de Chiapas. El espacio puso en perspectiva la relaci\u00f3n entre actividad tur\u00edstica, conservaci\u00f3n y desarrollo del territorio, destacando la importancia de construir un futuro tur\u00edstico que genere oportunidades y, al mismo tiempo, contribuya a preservar los recursos naturales y el patrimonio que hacen de Chiapas un destino \u00fanico.<\/p>\n\n\n\n<p class=\"wp-block-paragraph\">Del crecimiento tur\u00edstico al desarrollo de los territorios<\/p>\n\n\n\n<figure class=\"wp-block-gallery has-nested-images columns-default is-cropped wp-block-gallery-10 is-layout-flex wp-block-gallery-is-layout-flex\">\n<figure class=\"wp-block-image size-large\"><img decoding=\"async\" width=\"500\" height=\"333\" data-id=\"1206833\" src=\"https:\/\/dimensionturistica.com\/es\/wp-content\/uploads\/2026\/09\/2SUMIT.jpg\" alt=\"\" class=\"wp-image-1206833\" srcset=\"https:\/\/dimensionturistica.com\/es\/wp-content\/uploads\/2026\/09\/2SUMIT.jpg 500w, https:\/\/dimensionturistica.com\/es\/wp-content\/uploads\/2026\/09\/2SUMIT-300x200.jpg 300w\" sizes=\"(max-width: 500px) 100vw, 500px\" \/><\/figure>\n<\/figure>\n\n\n\n<p class=\"wp-block-paragraph\">Las conversaciones de esta primera jornada retomaron uno de los planteamientos centrales expresados por Fernando Mandri Bellot durante la inauguraci\u00f3n del Summit: la necesidad de dejar de confundir crecimiento tur\u00edstico con desarrollo tur\u00edstico.<\/p>\n\n\n\n<p class=\"wp-block-paragraph\">El desaf\u00edo para los pr\u00f3ximos a\u00f1os ser\u00e1 no s\u00f3lo atraer m\u00e1s visitantes, incrementar la ocupaci\u00f3n o generar mayor derrama econ\u00f3mica, sino asegurar que la actividad tur\u00edstica produzca oportunidades, empleos de calidad, conservaci\u00f3n de los ecosistemas, fortalecimiento de las empresas locales y mejores condiciones de vida para las comunidades.<\/p>\n\n\n\n<p class=\"wp-block-paragraph\">En este sentido, la d\u00e9cima edici\u00f3n del Summit plantea una pregunta que atraviesa toda su agenda: \u00bfqu\u00e9 turismo queremos dejarle al mundo?<\/p>\n\n\n\n<p class=\"wp-block-paragraph\">Para mayor informaci\u00f3n:<\/p>\n\n\n\n<p class=\"wp-block-paragraph\">www.sustainablesocialtourism.org<\/p>\n","protected":false},"excerpt":{"rendered":"<p>La tecnolog\u00eda y la inteligencia artificial pueden transformar profundamente la manera en que se gestiona y se vive el turismo, pero su verdadero valor depender\u00e1 de que estas herramientas contribuyan a construir destinos m\u00e1s sostenibles, incluyentes y capaces de generar bienestar para las comunidades que los habitan. Esta fue una de las principales reflexiones de [&hellip;]<\/p>\n","protected":false},"author":1,"featured_media":1206835,"comment_status":"open","ping_status":"closed","sticky":false,"template":"","format":"standard","meta":{"om_disable_all_campaigns":false,"jnews-multi-image_gallery":[],"jnews_single_post":[],"jnews_primary_category":[],"jnews_social_meta":[],"footnotes":""},"categories":[39],"tags":[],"class_list":["post-1206812","post","type-post","status-publish","format-standard","has-post-thumbnail","hentry","category-viajes"],"_links":{"self":[{"href":"https:\/\/dimensionturistica.com\/es\/wp-json\/wp\/v2\/posts\/1206812","targetHints":{"allow":["GET"]}}],"collection":[{"href":"https:\/\/dimensionturistica.com\/es\/wp-json\/wp\/v2\/posts"}],"about":[{"href":"https:\/\/dimensionturistica.com\/es\/wp-json\/wp\/v2\/types\/post"}],"author":[{"embeddable":true,"href":"https:\/\/dimensionturistica.com\/es\/wp-json\/wp\/v2\/users\/1"}],"replies":[{"embeddable":true,"href":"https:\/\/dimensionturistica.com\/es\/wp-json\/wp\/v2\/comments?post=1206812"}],"version-history":[{"count":1,"href":"https:\/\/dimensionturistica.com\/es\/wp-json\/wp\/v2\/posts\/1206812\/revisions"}],"predecessor-version":[{"id":1206836,"href":"https:\/\/dimensionturistica.com\/es\/wp-json\/wp\/v2\/posts\/1206812\/revisions\/1206836"}],"wp:featuredmedia":[{"embeddable":true,"href":"https:\/\/dimensionturistica.com\/es\/wp-json\/wp\/v2\/media\/1206835"}],"wp:attachment":[{"href":"https:\/\/dimensionturistica.com\/es\/wp-json\/wp\/v2\/media?parent=1206812"}],"wp:term":[{"taxonomy":"category","embeddable":true,"href":"https:\/\/dimensionturistica.com\/es\/wp-json\/wp\/v2\/categories?post=1206812"},{"taxonomy":"post_tag","embeddable":true,"href":"https:\/\/dimensionturistica.com\/es\/wp-json\/wp\/v2\/tags?post=1206812"}],"curies":[{"name":"wp","href":"https:\/\/api.w.org\/{rel}","templated":true}]}}