{"id":1206793,"date":"2026-09-03T20:48:41","date_gmt":"2026-09-03T20:48:41","guid":{"rendered":"https:\/\/dimensionturistica.com\/es\/?p=1206793"},"modified":"2026-09-03T20:48:41","modified_gmt":"2026-09-03T20:48:41","slug":"con-el-respaldo-de-fontur-destinos-destacados-en-la-vitrina-turistica-de-anato-2021","status":"publish","type":"post","link":"https:\/\/dimensionturistica.com\/es\/con-el-respaldo-de-fontur-destinos-destacados-en-la-vitrina-turistica-de-anato-2021\/","title":{"rendered":"Con el respaldo de FONTUR, destinos destacados en la Vitrina Tur\u00edstica de Anato 2021"},"content":{"rendered":"<p><strong>Descubriendo el Turismo Regional en Colombia: Un Viaje a la Vitrina Tur\u00edstica de ANATO 2021<\/strong><\/p>\n<p>Colombia es un pa\u00eds lleno de una diversidad cultural y natural sin igual, y en este panorama, la Vitrina Tur\u00edstica de ANATO 2021 se erige como uno de los eventos m\u00e1s importantes para el sector, un punto de encuentro donde se visibilizan las riquezas de cada rinc\u00f3n del pa\u00eds. Este a\u00f1o, el apoyo de FONTUR ha sido crucial para que las regiones colombianas se presenten con fuerza, mostrando sus encantos y ofertas \u00fanicas a un p\u00fablico cada vez m\u00e1s seducido por las maravillas que ofrece esta naci\u00f3n.<\/p>\n<p>El evento, que re\u00fane a operadores, agencias de viajes, emprendedores y autoridades, no solo sirve como una plataforma de exhibici\u00f3n, sino que tambi\u00e9n fomenta el intercambio de ideas y la creaci\u00f3n de redes que benefician el desarrollo tur\u00edstico local. Regiones como la Amazon\u00eda, el Pac\u00edfico y la zona Andina se dieron cita para compartir sus propuestas y experiencias, todas con un mismo objetivo: incentivar a los viajeros a explorar las joyas escondidas de Colombia.<\/p>\n<p>Lo que hace de la Vitrina Tur\u00edstica un evento excepcional es su capacidad de mostrar la aut\u00e9ntica esencia de cada regi\u00f3n. Desde la exuberante vegetaci\u00f3n del Amazonas, con su rica biodiversidad, hasta la m\u00fasica y la gastronom\u00eda vibrantes del Pac\u00edfico, cada stand revela un pedazo del alma colombiana. Los visitantes pueden aprender sobre la cultura local, degustar platos t\u00edpicos y conocer de primera mano las historias que dan vida a cada destino.<\/p>\n<p>Uno de los aspectos destacados del evento ha sido el enfoque en la sostenibilidad y la preservaci\u00f3n de los recursos naturales. Con un creciente inter\u00e9s en el turismo responsable, las regiones han mostrado c\u00f3mo est\u00e1n trabajando para mantener sus ecosistemas y culturas mientras atraen a visitantes. Esta visi\u00f3n no solo impulsa la econom\u00eda local, sino que tambi\u00e9n asegura que futuras generaciones puedan disfrutar de la riqueza que Colombia tiene para ofrecer.<\/p>\n<p>A lo largo de la Vitrina, se ha palpado una energ\u00eda renovada entre los actores del turismo, alimentada por el deseo de volver a conectar con el mundo. El impacto de la pandemia ha hecho que el turismo replantee sus caminos, y este evento ha sido un faro de esperanza, mostrando que la resiliencia y la innovaci\u00f3n son clave para adaptarse a los nuevos desaf\u00edos.<\/p>\n<p>Las propuestas tur\u00edsticas tambi\u00e9n han evolucionado, adapt\u00e1ndose a las nuevas preferencias de los viajeros. Experiencias inmersivas, turismo comunitario, y rutas alternativas han ganado fuerza. Los asistentes han podido explorar ofertas que van desde safaris fotogr\u00e1ficos en la regi\u00f3n de los Llanos hasta retiros de bienestar en los Andes, cada una dise\u00f1ada para conectar al turista con la naturaleza y la cultura local de manera m\u00e1s profunda.<\/p>\n<p>La Vitrina Tur\u00edstica de ANATO 2021 se ha consolidado, as\u00ed, no solo como un espacio para hacer negocios, sino como un escenario donde la pasi\u00f3n por el turismo y el amor por Colombia se fusionan. Los destinos y las historias que emergen de este evento prometen inspirar a viajeros de todo el mundo a embarcarse en su propia aventura, descubriendo no solo un pa\u00eds, sino un verdadero crisol de experiencias.<\/p>\n<p>Colombia es un lugar que invita a ser explorado, y la Vitrina Tur\u00edstica es el pasaporte a esta extraordinaria traves\u00eda. Si buscas un destino que te ofrezca paisajes inolvidables, rica gastronom\u00eda, y una cultura vibrante, no cabe duda de que este es el momento de descubrir lo que Colombia tiene para ti. \u00a1Prep\u00e1rate para dejarte llevar por sus maravillas y sumergirte en el viaje de tu vida!<\/p>\n<p><em> &#8221; Sources viajaporcolombia.com &#8221; <\/em><\/p>\n","protected":false},"excerpt":{"rendered":"<p>Descubriendo el Turismo Regional en Colombia: Un Viaje a la Vitrina Tur\u00edstica de ANATO 2021 Colombia es un pa\u00eds lleno de una diversidad cultural y natural sin igual, y en este panorama, la Vitrina Tur\u00edstica de ANATO 2021 se erige como uno de los eventos m\u00e1s importantes para el sector, un punto de encuentro donde [&hellip;]<\/p>\n","protected":false},"author":4,"featured_media":1206794,"comment_status":"open","ping_status":"closed","sticky":false,"template":"","format":"standard","meta":{"om_disable_all_campaigns":false,"jnews-multi-image_gallery":[],"jnews_single_post":[],"jnews_primary_category":[],"jnews_social_meta":[],"footnotes":""},"categories":[40],"tags":[296684,185978,724,21812,3999,330,3067,5685,544,38974],"class_list":["post-1206793","post","type-post","status-publish","format-standard","has-post-thumbnail","hentry","category-industria","tag-anato-2021","tag-desarrollo-regional","tag-eventos","tag-ferias-de-turismo","tag-fontur","tag-marketing","tag-promocion-turistica","tag-regiones","tag-turismo","tag-vitrina-turistica"],"_links":{"self":[{"href":"https:\/\/dimensionturistica.com\/es\/wp-json\/wp\/v2\/posts\/1206793","targetHints":{"allow":["GET"]}}],"collection":[{"href":"https:\/\/dimensionturistica.com\/es\/wp-json\/wp\/v2\/posts"}],"about":[{"href":"https:\/\/dimensionturistica.com\/es\/wp-json\/wp\/v2\/types\/post"}],"author":[{"embeddable":true,"href":"https:\/\/dimensionturistica.com\/es\/wp-json\/wp\/v2\/users\/4"}],"replies":[{"embeddable":true,"href":"https:\/\/dimensionturistica.com\/es\/wp-json\/wp\/v2\/comments?post=1206793"}],"version-history":[{"count":1,"href":"https:\/\/dimensionturistica.com\/es\/wp-json\/wp\/v2\/posts\/1206793\/revisions"}],"predecessor-version":[{"id":1206795,"href":"https:\/\/dimensionturistica.com\/es\/wp-json\/wp\/v2\/posts\/1206793\/revisions\/1206795"}],"wp:featuredmedia":[{"embeddable":true,"href":"https:\/\/dimensionturistica.com\/es\/wp-json\/wp\/v2\/media\/1206794"}],"wp:attachment":[{"href":"https:\/\/dimensionturistica.com\/es\/wp-json\/wp\/v2\/media?parent=1206793"}],"wp:term":[{"taxonomy":"category","embeddable":true,"href":"https:\/\/dimensionturistica.com\/es\/wp-json\/wp\/v2\/categories?post=1206793"},{"taxonomy":"post_tag","embeddable":true,"href":"https:\/\/dimensionturistica.com\/es\/wp-json\/wp\/v2\/tags?post=1206793"}],"curies":[{"name":"wp","href":"https:\/\/api.w.org\/{rel}","templated":true}]}}