{"id":1206785,"date":"2026-09-03T20:46:51","date_gmt":"2026-09-03T20:46:51","guid":{"rendered":"https:\/\/dimensionturistica.com\/es\/?p=1206785"},"modified":"2026-09-03T20:46:51","modified_gmt":"2026-09-03T20:46:51","slug":"posadas-apuesta-por-el-turismo-de-experiencias-con-el-relanzamiento-de-the-explorean","status":"publish","type":"post","link":"https:\/\/dimensionturistica.com\/es\/posadas-apuesta-por-el-turismo-de-experiencias-con-el-relanzamiento-de-the-explorean\/","title":{"rendered":"Posadas apuesta por el turismo de experiencias con el \u00a0relanzamiento de The Explorean"},"content":{"rendered":"\n<p class=\"wp-block-paragraph\">Posadas, cadena hotelera l\u00edder en M\u00e9xico, con presencia en Rep\u00fablica Dominicana mantiene una constante evoluci\u00f3n en sus marcas con el objetivo de adaptarse a las tendencias y requerimientos de los viajeros actuales. Con base en su objetivo de \u201cconvertir el mundo en un mejor lugar para viajar\u201d, anuncia el relanzamiento de la marca The Explorean, misma que inicia una nueva etapa bajo la premisa \u201cLo tienes que vivir\u201d, con la que busca dejar atr\u00e1s la idea de que la estancia en un hotel se limita al hospedaje, alimentos, bebidas y actividades.<\/p>\n\n\n\n<figure class=\"wp-block-gallery has-nested-images columns-default is-cropped wp-block-gallery-1 is-layout-flex wp-block-gallery-is-layout-flex\">\n<figure class=\"wp-block-image size-large\"><img decoding=\"async\" width=\"500\" height=\"333\" data-id=\"1206786\" src=\"https:\/\/dimensionturistica.com\/es\/wp-content\/uploads\/2026\/09\/2POSA.jpg\" alt=\"\" class=\"wp-image-1206786\" srcset=\"https:\/\/dimensionturistica.com\/es\/wp-content\/uploads\/2026\/09\/2POSA.jpg 500w, https:\/\/dimensionturistica.com\/es\/wp-content\/uploads\/2026\/09\/2POSA-300x200.jpg 300w\" sizes=\"(max-width: 500px) 100vw, 500px\" \/><\/figure>\n<\/figure>\n\n\n\n<p class=\"wp-block-paragraph\">La estrategia cobra relevancia en un estado como Quintana Roo, uno de los principales destinos tur\u00edsticos del pa\u00eds, donde la actividad busca ampliar su oferta a partir de experiencias vinculadas con la naturaleza, la cultura y las comunidades locales y en donde se ubican las dos propiedades bajo esta marca, donde se ubican las propiedades The Explorean Cozumel y The Explorean Kohunlich.<\/p>\n\n\n\n<p class=\"wp-block-paragraph\">Esta visi\u00f3n se refleja particularmente en Kohunlich, donde 84% de los colaboradores provienen de las comunidades aleda\u00f1as, adem\u00e1s de realizar compras por cerca de 1.8 millones de pesos anuales a proveedores locales. Adem\u00e1s, la propiedad estima derrama econ\u00f3mica superior a 31.5 millones de pesos anuales, y ha destinado una inversi\u00f3n de 3 millones de pesos para la reconstrucci\u00f3n de caba\u00f1as, con participaci\u00f3n de mano de obra local y adquisici\u00f3n de materiales regionales como madera y palapas.<\/p>\n\n\n\n<p class=\"wp-block-paragraph\">The Explorean Kohunlich mantiene adem\u00e1s compras a proveedores locales, convenios con tres ejidos y alianzas con cuatro prestadores tur\u00edsticos de Bacalar, adem\u00e1s de aportaciones al patrimonio arqueol\u00f3gico de la zona administrado por el Instituto Nacional de Antropolog\u00eda e Historia (INAH) para su preservaci\u00f3n.<\/p>\n\n\n\n<p class=\"wp-block-paragraph\">Jos\u00e9 Carlos Azc\u00e1rraga, CEO de Posadas destaca qu\u00e9, \u201cpara Posadas, el cambio implica tambi\u00e9n modificar la manera de entender el valor de la oferta hotelera y la presencia de la compa\u00f1\u00eda en las comunidades, ya que se busca crear un impacto positivo en el entorno de cada propiedad. En lugar de centrarnos en el n\u00famero de servicios o actividades disponibles, The Explorean busca que cada momento tenga un prop\u00f3sito y que el hu\u00e9sped regrese no s\u00f3lo con fotograf\u00edas, sino con historias, descubrimientos y recuerdos asociados con el destino.\u201d<\/p>\n\n\n\n<figure class=\"wp-block-gallery has-nested-images columns-default is-cropped wp-block-gallery-2 is-layout-flex wp-block-gallery-is-layout-flex\">\n<figure class=\"wp-block-image size-large\"><img decoding=\"async\" width=\"500\" height=\"333\" data-id=\"1206790\" src=\"https:\/\/dimensionturistica.com\/es\/wp-content\/uploads\/2026\/09\/5POSA.jpg\" alt=\"\" class=\"wp-image-1206790\" srcset=\"https:\/\/dimensionturistica.com\/es\/wp-content\/uploads\/2026\/09\/5POSA.jpg 500w, https:\/\/dimensionturistica.com\/es\/wp-content\/uploads\/2026\/09\/5POSA-300x200.jpg 300w\" sizes=\"(max-width: 500px) 100vw, 500px\" \/><\/figure>\n<\/figure>\n\n\n\n<p class=\"wp-block-paragraph\">Y resalt\u00f3 el impacto social, \u201cjunto con este relanzamiento buscamos que la experiencia sea mucho m\u00e1s local y a su vez, crear un impacto en estas comunidades desde empleos de atenci\u00f3n a cliente, hasta convertirlos en proveedores de servicios y de experiencias para los hu\u00e9spedes, creando as\u00ed un impacto de transformaci\u00f3n social y econ\u00f3mico\u201d<\/p>\n\n\n\n<p class=\"wp-block-paragraph\">The Explorean no busca solamente ofrecer hospedaje, alimentos, bebidas y actividades, sino conectar cada momento de la estancia para que el hu\u00e9sped viva el destino con mayor libertad y profundidad. A esta evoluci\u00f3n la marca la denomina Full Experience, una experiencia que comienza desde la llegada y contin\u00faa a trav\u00e9s de recorridos, conversaciones, recomendaciones y detalles de hospitalidad.<\/p>\n\n\n\n<figure class=\"wp-block-gallery has-nested-images columns-default is-cropped wp-block-gallery-3 is-layout-flex wp-block-gallery-is-layout-flex\">\n<figure class=\"wp-block-image size-large\"><img decoding=\"async\" width=\"500\" height=\"333\" data-id=\"1206789\" src=\"https:\/\/dimensionturistica.com\/es\/wp-content\/uploads\/2026\/09\/8POSA.jpg\" alt=\"\" class=\"wp-image-1206789\" srcset=\"https:\/\/dimensionturistica.com\/es\/wp-content\/uploads\/2026\/09\/8POSA.jpg 500w, https:\/\/dimensionturistica.com\/es\/wp-content\/uploads\/2026\/09\/8POSA-300x200.jpg 300w\" sizes=\"(max-width: 500px) 100vw, 500px\" \/><\/figure>\n<\/figure>\n\n\n\n<p class=\"wp-block-paragraph\">La evoluci\u00f3n de la marca tambi\u00e9n busca que la experiencia empiece antes de que el hu\u00e9sped llegue al hotel con contenidos durante el traslado desde el aeropuerto para introducir al visitante en las caracter\u00edsticas del destino, bebidas de bienvenida relacionadas con ingredientes y tradiciones locales, as\u00ed como recomendaciones diarias sobre qu\u00e9 observar, qu\u00e9 llevar o qu\u00e9 experiencias no dejar pasar.<\/p>\n\n\n\n<figure class=\"wp-block-gallery has-nested-images columns-default is-cropped wp-block-gallery-4 is-layout-flex wp-block-gallery-is-layout-flex\">\n<figure class=\"wp-block-image size-large\"><img decoding=\"async\" width=\"500\" height=\"333\" data-id=\"1206788\" src=\"https:\/\/dimensionturistica.com\/es\/wp-content\/uploads\/2026\/09\/7POSA.jpg\" alt=\"\" class=\"wp-image-1206788\" srcset=\"https:\/\/dimensionturistica.com\/es\/wp-content\/uploads\/2026\/09\/7POSA.jpg 500w, https:\/\/dimensionturistica.com\/es\/wp-content\/uploads\/2026\/09\/7POSA-300x200.jpg 300w\" sizes=\"(max-width: 500px) 100vw, 500px\" \/><\/figure>\n<\/figure>\n\n\n\n<p class=\"wp-block-paragraph\">\u201cLo tienes que vivir\u201d busca convertirse en algo m\u00e1s que una campa\u00f1a de comunicaci\u00f3n, su intenci\u00f3n es llevar la promesa a la forma en que el hu\u00e9sped es recibido, acompa\u00f1ado durante sus actividades y despedido, convirtiendo momentos cotidianos de la estancia en expresiones reconocibles de la marca.<\/p>\n\n\n\n<figure class=\"wp-block-gallery has-nested-images columns-default is-cropped wp-block-gallery-5 is-layout-flex wp-block-gallery-is-layout-flex\">\n<figure class=\"wp-block-image size-large\"><img decoding=\"async\" width=\"500\" height=\"333\" data-id=\"1206787\" src=\"https:\/\/dimensionturistica.com\/es\/wp-content\/uploads\/2026\/09\/4POSA.jpg\" alt=\"\" class=\"wp-image-1206787\" srcset=\"https:\/\/dimensionturistica.com\/es\/wp-content\/uploads\/2026\/09\/4POSA.jpg 500w, https:\/\/dimensionturistica.com\/es\/wp-content\/uploads\/2026\/09\/4POSA-300x200.jpg 300w\" sizes=\"(max-width: 500px) 100vw, 500px\" \/><\/figure>\n<\/figure>\n\n\n\n<p class=\"wp-block-paragraph\">Para Posadas el relanzamiento de The Explorean busca evolucionar el concepto de experiencias dentro de los hoteles, adem\u00e1s de escuchar al hu\u00e9sped y atender sus necesidades, al tiempo de generar un impacto positivo entre las comunidades.<\/p>\n","protected":false},"excerpt":{"rendered":"<p>Posadas, cadena hotelera l\u00edder en M\u00e9xico, con presencia en Rep\u00fablica Dominicana mantiene una constante evoluci\u00f3n en sus marcas con el objetivo de adaptarse a las tendencias y requerimientos de los viajeros actuales. Con base en su objetivo de \u201cconvertir el mundo en un mejor lugar para viajar\u201d, anuncia el relanzamiento de la marca The Explorean, [&hellip;]<\/p>\n","protected":false},"author":1,"featured_media":1206791,"comment_status":"open","ping_status":"closed","sticky":false,"template":"","format":"standard","meta":{"om_disable_all_campaigns":false,"jnews-multi-image_gallery":[],"jnews_single_post":{"format":"standard"},"jnews_primary_category":[],"jnews_social_meta":[],"footnotes":""},"categories":[39],"tags":[],"class_list":["post-1206785","post","type-post","status-publish","format-standard","has-post-thumbnail","hentry","category-viajes"],"_links":{"self":[{"href":"https:\/\/dimensionturistica.com\/es\/wp-json\/wp\/v2\/posts\/1206785","targetHints":{"allow":["GET"]}}],"collection":[{"href":"https:\/\/dimensionturistica.com\/es\/wp-json\/wp\/v2\/posts"}],"about":[{"href":"https:\/\/dimensionturistica.com\/es\/wp-json\/wp\/v2\/types\/post"}],"author":[{"embeddable":true,"href":"https:\/\/dimensionturistica.com\/es\/wp-json\/wp\/v2\/users\/1"}],"replies":[{"embeddable":true,"href":"https:\/\/dimensionturistica.com\/es\/wp-json\/wp\/v2\/comments?post=1206785"}],"version-history":[{"count":1,"href":"https:\/\/dimensionturistica.com\/es\/wp-json\/wp\/v2\/posts\/1206785\/revisions"}],"predecessor-version":[{"id":1206792,"href":"https:\/\/dimensionturistica.com\/es\/wp-json\/wp\/v2\/posts\/1206785\/revisions\/1206792"}],"wp:featuredmedia":[{"embeddable":true,"href":"https:\/\/dimensionturistica.com\/es\/wp-json\/wp\/v2\/media\/1206791"}],"wp:attachment":[{"href":"https:\/\/dimensionturistica.com\/es\/wp-json\/wp\/v2\/media?parent=1206785"}],"wp:term":[{"taxonomy":"category","embeddable":true,"href":"https:\/\/dimensionturistica.com\/es\/wp-json\/wp\/v2\/categories?post=1206785"},{"taxonomy":"post_tag","embeddable":true,"href":"https:\/\/dimensionturistica.com\/es\/wp-json\/wp\/v2\/tags?post=1206785"}],"curies":[{"name":"wp","href":"https:\/\/api.w.org\/{rel}","templated":true}]}}