{"id":1206723,"date":"2026-09-03T18:56:34","date_gmt":"2026-09-03T18:56:34","guid":{"rendered":"https:\/\/dimensionturistica.com\/es\/?p=1206723"},"modified":"2026-09-03T18:56:34","modified_gmt":"2026-09-03T18:56:34","slug":"pronostico-de-mas-de-368-mil-turistas-para-el-dia-del-trabajo-2026","status":"publish","type":"post","link":"https:\/\/dimensionturistica.com\/es\/pronostico-de-mas-de-368-mil-turistas-para-el-dia-del-trabajo-2026\/","title":{"rendered":"Pron\u00f3stico de m\u00e1s de 368 mil turistas para el D\u00eda del Trabajo 2026"},"content":{"rendered":"<p><strong>Aventuras de Fin de Verano: C\u00f3mo Planificar un Viaje Econ\u00f3mico para el D\u00eda del Trabajo<\/strong><\/p>\n<p>El D\u00eda del Trabajo, una festividad que simboliza la fuerza laboral y el fin del verano, es una oportunidad perfecta para escaparse y disfrutar de un merecido descanso. Sin embargo, este a\u00f1o se presentan ciertas dificultades que podr\u00edan encarecer nuestros planes de viaje. Con el aumento en los precios de la gasolina y un probable incremento en el tr\u00e1fico en las carreteras, es importante estar preparado para optimizar nuestros viajes y, al mismo tiempo, mantener el inter\u00e9s y la emoci\u00f3n de la aventura.<\/p>\n<h3>Precios de Gasolina en Ascenso<\/h3>\n<p>Una de las principales preocupaciones para los viajeros es el alza en el costo de la gasolina. A medida que se aproxima el D\u00eda del Trabajo, los precios del combustible tienden a aumentar, lo que puede impactar significativamente el presupuesto de aquellos que optan por viajar en autom\u00f3vil. Si bien es dif\u00edcil cambiar esta realidad, existen estrategias para ahorrar en combustible y hacer que el viaje sea m\u00e1s asequible.<\/p>\n<p>Considera realizar una revisi\u00f3n de tu veh\u00edculo antes de salir: un mantenimiento adecuado puede mejorar la eficiencia del combustible. Tambi\u00e9n puedes planificar paradas en estaciones de servicio que ofrezcan precios m\u00e1s competitivos, as\u00ed como aprovechar aplicaciones m\u00f3viles que permiten comparar precios en tiempo real.<\/p>\n<h3>Planificaci\u00f3n Inteligente del Viaje<\/h3>\n<p>El D\u00eda del Trabajo es uno de esos d\u00edas en que las carreteras se llenan de viajeros ansiosos por disfrutar de un \u00faltimo respiro del verano, lo que puede traducirse en congestiones y retrasos. Para evitar el estr\u00e9s del tr\u00e1fico, te recomendamos considerar horarios de salida menos concurridos. Salir temprano en la ma\u00f1ana o tarde en la noche puede ofrecerte una experiencia m\u00e1s tranquila y segura.<\/p>\n<p>Adem\u00e1s, tener en cuenta destinos menos populares puede ser una excelente manera de evitar multitudes y disfrutar de un entorno m\u00e1s relajado. Las escapadas a parques nacionales menos conocidos, alojamientos en \u00e1reas rurales o actividades al aire libre en localidades cercanas pueden ser alternativas perfectas.<\/p>\n<h3>Otras Opciones de Transporte<\/h3>\n<p>Si el aumento de precios y el tr\u00e1fico son preocupaciones significativas, considera la opci\u00f3n de viajar en trenes o autobuses. Estas alternativas no solo pueden ser m\u00e1s econ\u00f3micas, sino que tambi\u00e9n ofrecen la oportunidad de admirar paisajes en el camino, ocupando un tiempo que normalmente gastar\u00edas en el volante. Aseg\u00farate de consultar las ofertas y descuentos especiales que a menudo ofrecen las compa\u00f1\u00edas de transporte en esta temporada.<\/p>\n<h3>Justo a Tiempo para el Cierre del Verano<\/h3>\n<p>La buena noticia es que, a pesar de los posibles inconvenientes, el D\u00eda del Trabajo sigue siendo una ocasi\u00f3n excepcional para disfrutar y crear recuerdos inolvidables. Con una planificaci\u00f3n adecuada y un enfoque en alternativas convenientes, es posible disfrutar de una escapada sin necesidad de romper el banco.<\/p>\n<p>Recuerda, la clave est\u00e1 en ser flexible y adaptarte a las circunstancias cambiantes. Planifica con anticipaci\u00f3n, mantente informado sobre las fluctuaciones de precios y no dudes en explorar rutas y destinos distintos. Al final del d\u00eda, lo que importa es disfrutar del tiempo con tus seres queridos y celebrar el trabajo bien hecho a lo largo del a\u00f1o. \u00a1As\u00ed que prep\u00e1rate para disfrutar de este D\u00eda del Trabajo de una manera \u00fanica y memorable!<\/p>\n<p><em> &#8221; Fuentes www.telemundodenver.com &#8221; <\/em><\/p>\n","protected":false},"excerpt":{"rendered":"<p>Aventuras de Fin de Verano: C\u00f3mo Planificar un Viaje Econ\u00f3mico para el D\u00eda del Trabajo El D\u00eda del Trabajo, una festividad que simboliza la fuerza laboral y el fin del verano, es una oportunidad perfecta para escaparse y disfrutar de un merecido descanso. Sin embargo, este a\u00f1o se presentan ciertas dificultades que podr\u00edan encarecer nuestros [&hellip;]<\/p>\n","protected":false},"author":4,"featured_media":1206724,"comment_status":"open","ping_status":"closed","sticky":false,"template":"","format":"standard","meta":{"om_disable_all_campaigns":false,"jnews-multi-image_gallery":[],"jnews_single_post":[],"jnews_primary_category":[],"jnews_social_meta":[],"footnotes":""},"categories":[39],"tags":[55723,764,6950,5285,51078,2924,724,6105,135173,653,1861,1298],"class_list":["post-1206723","post","type-post","status-publish","format-standard","has-post-thumbnail","hentry","category-viajes","tag-55723","tag-america","tag-colorado","tag-consumidor","tag-dia-del-trabajo","tag-estadisticas","tag-eventos","tag-festividades","tag-telemundo-denver","tag-transporte","tag-vacaciones","tag-viajeros"],"_links":{"self":[{"href":"https:\/\/dimensionturistica.com\/es\/wp-json\/wp\/v2\/posts\/1206723","targetHints":{"allow":["GET"]}}],"collection":[{"href":"https:\/\/dimensionturistica.com\/es\/wp-json\/wp\/v2\/posts"}],"about":[{"href":"https:\/\/dimensionturistica.com\/es\/wp-json\/wp\/v2\/types\/post"}],"author":[{"embeddable":true,"href":"https:\/\/dimensionturistica.com\/es\/wp-json\/wp\/v2\/users\/4"}],"replies":[{"embeddable":true,"href":"https:\/\/dimensionturistica.com\/es\/wp-json\/wp\/v2\/comments?post=1206723"}],"version-history":[{"count":1,"href":"https:\/\/dimensionturistica.com\/es\/wp-json\/wp\/v2\/posts\/1206723\/revisions"}],"predecessor-version":[{"id":1206725,"href":"https:\/\/dimensionturistica.com\/es\/wp-json\/wp\/v2\/posts\/1206723\/revisions\/1206725"}],"wp:featuredmedia":[{"embeddable":true,"href":"https:\/\/dimensionturistica.com\/es\/wp-json\/wp\/v2\/media\/1206724"}],"wp:attachment":[{"href":"https:\/\/dimensionturistica.com\/es\/wp-json\/wp\/v2\/media?parent=1206723"}],"wp:term":[{"taxonomy":"category","embeddable":true,"href":"https:\/\/dimensionturistica.com\/es\/wp-json\/wp\/v2\/categories?post=1206723"},{"taxonomy":"post_tag","embeddable":true,"href":"https:\/\/dimensionturistica.com\/es\/wp-json\/wp\/v2\/tags?post=1206723"}],"curies":[{"name":"wp","href":"https:\/\/api.w.org\/{rel}","templated":true}]}}