{"id":1206715,"date":"2026-09-03T18:41:30","date_gmt":"2026-09-03T18:41:30","guid":{"rendered":"https:\/\/dimensionturistica.com\/es\/?p=1206715"},"modified":"2026-09-03T18:41:30","modified_gmt":"2026-09-03T18:41:30","slug":"jose-manuel-lastra-asume-la-presidencia-de-la-ceav-para-el-periodo-2026-2030","status":"publish","type":"post","link":"https:\/\/dimensionturistica.com\/es\/jose-manuel-lastra-asume-la-presidencia-de-la-ceav-para-el-periodo-2026-2030\/","title":{"rendered":"Jos\u00e9 Manuel Lastra asume la presidencia de la CEAV para el periodo 2026-2030."},"content":{"rendered":"<p><strong>Jos\u00e9 Manuel Lastra asume la presidencia de CEAV: un nuevo rumbo para el turismo espa\u00f1ol<\/strong><\/p>\n<p>El sector tur\u00edstico en Espa\u00f1a se encuentra en un momento crucial, y con la reciente elecci\u00f3n de Jos\u00e9 Manuel Lastra como nuevo presidente de la Confederaci\u00f3n Espa\u00f1ola de Agencias de Viaje (CEAV) para el periodo 2026-2030, se abre una nueva etapa repleta de oportunidades y desaf\u00edos. Con una trayectoria s\u00f3lida en el \u00e1mbito del turismo y una visi\u00f3n renovadora, Lastra est\u00e1 destinado a marcar la diferencia en la recuperaci\u00f3n y crecimiento de este sector vital para la econom\u00eda espa\u00f1ola.<\/p>\n<p>Lastra ha manifestado su compromiso de fortalecer las agencias de viajes, un pilar fundamental del turismo en el pa\u00eds. Con la pandemia a\u00fan presente en la memoria colectiva, el nuevo presidente ha puesto de relieve la necesidad de adaptarse a las nuevas realidades del mercado, buscando estrategias que resalten la importancia de estos negocios en la experiencia del viajero moderno.<\/p>\n<p>Uno de los retos m\u00e1s importantes que enfrenta CEAV bajo la presidencia de Lastra es la digitalizaci\u00f3n de las agencias de viaje. En un mundo cada vez m\u00e1s conectado, donde los viajeros buscan informaci\u00f3n y servicios a trav\u00e9s de plataformas digitales, es crucial que las agencias se reinventen. Esto implica no solo mejorar la presencia online, sino tambi\u00e9n formar a los profesionales del sector para que puedan ofrecer un servicio personalizado y diferencial que no se pueda encontrar f\u00e1cilmente en el mundo virtual.<\/p>\n<p>Lastra tambi\u00e9n ha destacado la importancia de trabajar codo a codo con las instituciones p\u00fablicas y el sector privado. Una colaboraci\u00f3n efectiva no solo favorecer\u00e1 la promoci\u00f3n de Espa\u00f1a como destino tur\u00edstico de referencia, sino que tambi\u00e9n permitir\u00e1 abordar cuestiones trascendentales como la sostenibilidad, una demanda creciente entre los viajeros contempor\u00e1neos. En este sentido, fomentar pr\u00e1cticas responsables que minimicen el impacto ambiental ser\u00e1 una de las prioridades de su gesti\u00f3n.<\/p>\n<p>La creaci\u00f3n de experiencias \u00fanicas y memorables para el viajero ser\u00e1 otro de los ejes centrales en el programa de Lastra. Desarrollar rutas alternativas, experiencias gastron\u00f3micas aut\u00e9nticas y propuestas culturales innovadoras puede contribuir a desestacionalizar la oferta tur\u00edstica en Espa\u00f1a, atrayendo a un p\u00fablico diverso durante todo el a\u00f1o.<\/p>\n<p>La reciente elecci\u00f3n de Lastra es vista con optimismo en el sector, donde muchos conf\u00edan en que su liderazgo impulsar\u00e1 la necesaria transformaci\u00f3n que las agencias de viajes necesitan para enfrentar los retos del futuro. Con su esp\u00edritu proactivo y su visi\u00f3n inclusiva, Jos\u00e9 Manuel Lastra tiene ante s\u00ed la oportunidad de revitalizar y modernizar no solo el sector que representa, sino tambi\u00e9n de contribuir al resto de la cadena de valor del turismo espa\u00f1ol.<\/p>\n<p>A medida que se avanza hacia un nuevo horizonte tur\u00edstico, es fundamental que todos los actores del sector se unan en un esfuerzo conjunto por reinventar la experiencia del viaje. La presidencia de Lastra podr\u00eda ser el catalizador que impulse a las agencias de viajes a un nuevo nivel de \u00e9xito y a Espa\u00f1a como uno de los destinos m\u00e1s codiciados tanto para turistas nacionales como internacionales. Las expectativas son altas, pero la voluntad y la pasi\u00f3n de Lastra sugiere que el viaje apenas comienza.<\/p>\n<p><em> &#8221; Sources valenciaplaza.com &#8221; <\/em><\/p>\n","protected":false},"excerpt":{"rendered":"<p>Jos\u00e9 Manuel Lastra asume la presidencia de CEAV: un nuevo rumbo para el turismo espa\u00f1ol El sector tur\u00edstico en Espa\u00f1a se encuentra en un momento crucial, y con la reciente elecci\u00f3n de Jos\u00e9 Manuel Lastra como nuevo presidente de la Confederaci\u00f3n Espa\u00f1ola de Agencias de Viaje (CEAV) para el periodo 2026-2030, se abre una nueva [&hellip;]<\/p>\n","protected":false},"author":4,"featured_media":1206716,"comment_status":"open","ping_status":"closed","sticky":false,"template":"","format":"standard","meta":{"om_disable_all_campaigns":false,"jnews-multi-image_gallery":[],"jnews_single_post":[],"jnews_primary_category":[],"jnews_social_meta":[],"footnotes":""},"categories":[40],"tags":[271031,2657,1230,10057,7173,2234,544],"class_list":["post-1206715","post","type-post","status-publish","format-standard","has-post-thumbnail","hentry","category-industria","tag-2026-2030","tag-asociacion","tag-ceav","tag-jose-manuel-lastra","tag-liderazgo","tag-presidente","tag-turismo"],"_links":{"self":[{"href":"https:\/\/dimensionturistica.com\/es\/wp-json\/wp\/v2\/posts\/1206715","targetHints":{"allow":["GET"]}}],"collection":[{"href":"https:\/\/dimensionturistica.com\/es\/wp-json\/wp\/v2\/posts"}],"about":[{"href":"https:\/\/dimensionturistica.com\/es\/wp-json\/wp\/v2\/types\/post"}],"author":[{"embeddable":true,"href":"https:\/\/dimensionturistica.com\/es\/wp-json\/wp\/v2\/users\/4"}],"replies":[{"embeddable":true,"href":"https:\/\/dimensionturistica.com\/es\/wp-json\/wp\/v2\/comments?post=1206715"}],"version-history":[{"count":1,"href":"https:\/\/dimensionturistica.com\/es\/wp-json\/wp\/v2\/posts\/1206715\/revisions"}],"predecessor-version":[{"id":1206717,"href":"https:\/\/dimensionturistica.com\/es\/wp-json\/wp\/v2\/posts\/1206715\/revisions\/1206717"}],"wp:featuredmedia":[{"embeddable":true,"href":"https:\/\/dimensionturistica.com\/es\/wp-json\/wp\/v2\/media\/1206716"}],"wp:attachment":[{"href":"https:\/\/dimensionturistica.com\/es\/wp-json\/wp\/v2\/media?parent=1206715"}],"wp:term":[{"taxonomy":"category","embeddable":true,"href":"https:\/\/dimensionturistica.com\/es\/wp-json\/wp\/v2\/categories?post=1206715"},{"taxonomy":"post_tag","embeddable":true,"href":"https:\/\/dimensionturistica.com\/es\/wp-json\/wp\/v2\/tags?post=1206715"}],"curies":[{"name":"wp","href":"https:\/\/api.w.org\/{rel}","templated":true}]}}