{"id":1206706,"date":"2026-09-03T18:21:41","date_gmt":"2026-09-03T18:21:41","guid":{"rendered":"https:\/\/dimensionturistica.com\/es\/?p=1206706"},"modified":"2026-09-03T18:21:41","modified_gmt":"2026-09-03T18:21:41","slug":"desde-los-archivos-liz-smith-sobre-la-transformacion-de-gloria-steinem-en-estados-unidos","status":"publish","type":"post","link":"https:\/\/dimensionturistica.com\/es\/desde-los-archivos-liz-smith-sobre-la-transformacion-de-gloria-steinem-en-estados-unidos\/","title":{"rendered":"Desde los Archivos: Liz Smith sobre la Transformaci\u00f3n de Gloria Steinem en Estados Unidos"},"content":{"rendered":"<h3>La Revoluci\u00f3n del Estilo: Gloria Steinem y el Despertar de la Moda Feminista<\/h3>\n<p>En una era donde la moda y el activismo se entrelazan de manera indisoluble, la figura de Gloria Steinem se erige no solo como un \u00edcono del feminismo, sino tambi\u00e9n como un referente en el mundo del estilo. Nacida en un contexto que parec\u00eda marcado por las expectativas tradicionales, Steinem comenz\u00f3 a desafiar las normas, utilizando su voz y su imagen para promover un cambio radical en la sociedad estadounidense. Este art\u00edculo explora c\u00f3mo su traves\u00eda se ha convertido en un fen\u00f3meno que incentiva a la conversaci\u00f3n sobre la moda, la identidad y el empoderamiento de la mujer.<\/p>\n<h4>La Moda como Declaraci\u00f3n<\/h4>\n<p>Steinem no es solo conocida por su activismo; su estilo revela una narrativa poderosa sobre el avance y la emancipaci\u00f3n de la mujer. En un momento en que las prendas se ce\u00f1\u00edan a moldes convencionales, ella empez\u00f3 a experimentar con su vestimenta, convirti\u00e9ndola en una herramienta de expresi\u00f3n personal. A medida que se adentraba en el feminismo, su guardarropa se transform\u00f3: las blusas sueltas y los pantalones anchos comenzaron a reemplazar a las faldas ce\u00f1idas y a los trajes formales. Este cambio no solo reflejaba una evoluci\u00f3n personal, sino tambi\u00e9n un contexto social en el que las mujeres empezaban a reclamar su libertad de elecci\u00f3n en todos los aspectos de la vida, incluida la moda.<\/p>\n<h4>Un Icono de la Contracultura<\/h4>\n<p>En la d\u00e9cada de 1960 y 1970, Steinem se convirti\u00f3 en el rostro visible de un movimiento que no solo buscaba la igualdad de derechos, sino que tambi\u00e9n desafiaba las nociones de belleza y feminidad. La contracultura emergente tom\u00f3 nota de su estilo: su pelo largo, su predilecci\u00f3n por el arte de la bohemia y su deseo de ser aut\u00e9ntica hicieron eco entre cientos de mujeres que, al igual que ella, deseaban reinventarse. La moda de esa \u00e9poca trascend\u00eda el simple hecho de vestirse; era un manifiesto que resonaba en cada pase de modelo, en cada elecci\u00f3n de tela.<\/p>\n<h4>La Influencia en la Moda Actual<\/h4>\n<p>Hoy, el legado de Steinem se manifiesta en las pasarelas de dise\u00f1adores que buscan inspirarse en la instrumentaci\u00f3n del feminismo a trav\u00e9s de la moda. Las marcas est\u00e1n comenzando a reconocer que la indumentaria puede ser una poderosa forma de discurso. Desde el uso de slogans que celebran la fuerza femenina hasta la elecci\u00f3n de estilos que promueven la comodidad y la autonom\u00eda, el impacto de Steinem se refleja en las tendencias contempor\u00e1neas. Las nuevas generaciones est\u00e1n alzando la voz por prendas que no solo sean est\u00e9ticamente agradables, sino que tambi\u00e9n cuenten historias de resiliencia y resistencia.<\/p>\n<h4>Visi\u00f3n del Futuro<\/h4>\n<p>El legado de Gloria Steinem no est\u00e1 confinado a las p\u00e1ginas de la historia; su influencia contin\u00faa desafiando las convenciones de la moda actual. En un mundo donde cada d\u00eda surgen nuevos movimientos hacia la igualdad, su viaje nos insta a reflexionar sobre c\u00f3mo podemos usar nuestra propia vestimenta como un medio de expresi\u00f3n y empoderamiento. La moda se convierte, entonces, en un veh\u00edculo de cambio social, donde cada prenda elegida es una oportunidad para hacer eco de la lucha por la equidad.<\/p>\n<p>La historia de Steinem y su evoluci\u00f3n estil\u00edstica son un recordatorio de que la moda no es superficial; es un espejo que refleja nuestras luchas, nuestros logros y nuestras aspiraciones. Al interpretar el estilo desde esta perspectiva, cada elecci\u00f3n de atuendo se transforma en una declaraci\u00f3n audaz sobre qui\u00e9nes somos y qu\u00e9 defendemos. En el entrelazamiento del arte, el activismo y la moda, se gestan nuevas narrativas que invitan a todas las mujeres a encontrar su voz y a dejar huella en el mundo, una prenda llamativa a la vez.<\/p>\n<p><em> &#8221; Fuentes www.vogue.com &#8221; <\/em><\/p>\n","protected":false},"excerpt":{"rendered":"<p>La Revoluci\u00f3n del Estilo: Gloria Steinem y el Despertar de la Moda Feminista En una era donde la moda y el activismo se entrelazan de manera indisoluble, la figura de Gloria Steinem se erige no solo como un \u00edcono del feminismo, sino tambi\u00e9n como un referente en el mundo del estilo. Nacida en un contexto [&hellip;]<\/p>\n","protected":false},"author":14,"featured_media":1206707,"comment_status":"open","ping_status":"closed","sticky":false,"template":"","format":"standard","meta":{"om_disable_all_campaigns":false,"jnews-multi-image_gallery":[],"jnews_single_post":[],"jnews_primary_category":[],"jnews_social_meta":[],"footnotes":""},"categories":[144872],"tags":[231244,764,99723,199159,179891,210648,201208,277815,28421,247934,204325],"class_list":["post-1206706","post","type-post","status-publish","format-standard","has-post-thumbnail","hentry","category-fashion","tag-20th-century","tag-america","tag-archives","tag-coming-of-age","tag-cultural-commentary","tag-feminism","tag-from-the-archives","tag-gloria-steinem","tag-history","tag-liz-smith","tag-womens-rights"],"_links":{"self":[{"href":"https:\/\/dimensionturistica.com\/es\/wp-json\/wp\/v2\/posts\/1206706","targetHints":{"allow":["GET"]}}],"collection":[{"href":"https:\/\/dimensionturistica.com\/es\/wp-json\/wp\/v2\/posts"}],"about":[{"href":"https:\/\/dimensionturistica.com\/es\/wp-json\/wp\/v2\/types\/post"}],"author":[{"embeddable":true,"href":"https:\/\/dimensionturistica.com\/es\/wp-json\/wp\/v2\/users\/14"}],"replies":[{"embeddable":true,"href":"https:\/\/dimensionturistica.com\/es\/wp-json\/wp\/v2\/comments?post=1206706"}],"version-history":[{"count":1,"href":"https:\/\/dimensionturistica.com\/es\/wp-json\/wp\/v2\/posts\/1206706\/revisions"}],"predecessor-version":[{"id":1206708,"href":"https:\/\/dimensionturistica.com\/es\/wp-json\/wp\/v2\/posts\/1206706\/revisions\/1206708"}],"wp:featuredmedia":[{"embeddable":true,"href":"https:\/\/dimensionturistica.com\/es\/wp-json\/wp\/v2\/media\/1206707"}],"wp:attachment":[{"href":"https:\/\/dimensionturistica.com\/es\/wp-json\/wp\/v2\/media?parent=1206706"}],"wp:term":[{"taxonomy":"category","embeddable":true,"href":"https:\/\/dimensionturistica.com\/es\/wp-json\/wp\/v2\/categories?post=1206706"},{"taxonomy":"post_tag","embeddable":true,"href":"https:\/\/dimensionturistica.com\/es\/wp-json\/wp\/v2\/tags?post=1206706"}],"curies":[{"name":"wp","href":"https:\/\/api.w.org\/{rel}","templated":true}]}}