{"id":1206688,"date":"2026-09-03T17:58:24","date_gmt":"2026-09-03T17:58:24","guid":{"rendered":"https:\/\/dimensionturistica.com\/es\/?p=1206688"},"modified":"2026-09-03T17:58:24","modified_gmt":"2026-09-03T17:58:24","slug":"ceav-inicia-un-nuevo-capitulo-con-jose-manuel-lastra-como-lider","status":"publish","type":"post","link":"https:\/\/dimensionturistica.com\/es\/ceav-inicia-un-nuevo-capitulo-con-jose-manuel-lastra-como-lider\/","title":{"rendered":"CEAV inicia un nuevo cap\u00edtulo con Jos\u00e9 Manuel Lastra como l\u00edder"},"content":{"rendered":"<p><strong>Renovaci\u00f3n al mando: La CEAV y su nuevo rumbo estrat\u00e9gico<\/strong><\/p>\n<p>En el emocionante y siempre cambiante mundo del turismo, las organizaciones que lo representan juegan un papel crucial en la evoluci\u00f3n de la industria. La Confederaci\u00f3n Espa\u00f1ola de Agencias de Viajes (CEAV) ha dado un paso estrat\u00e9gico al nombrar a Jos\u00e9 Manuel Lastra como nuevo presidente, un cambio que promete dar un impulso renovado a la representaci\u00f3n de las agencias de viajes en Espa\u00f1a. <\/p>\n<p>Lastra, con una trayectoria s\u00f3lida en el sector, ha demostrado su capacidad para abordar los retos que enfrenta la industria tur\u00edstica en un entorno post-pandemia. Su enfoque se centra en la recuperaci\u00f3n y adaptabilidad de las agencias de viajes, que han experimentado una transformaci\u00f3n radical en su funcionamiento debido a los cambios del mercado y las nuevas tecnolog\u00edas. Bajo su direcci\u00f3n, la CEAV busca consolidarse como una voz fuerte y unificada, capaz de defender los intereses de sus miembros y de contribuir a un desarrollo sostenible y atractivo del turismo espa\u00f1ol.<\/p>\n<p>Una de las prioridades de Lastra ser\u00e1 fortalecer la colaboraci\u00f3n entre agencias de viajes, proveedores y organismos p\u00fablicos, promoviendo un di\u00e1logo que favorezca el crecimiento y la innovaci\u00f3n. La sinergia entre estos actores es esencial para superar los desaf\u00edos actuales, entre los que se incluyen la adaptaci\u00f3n a la digitalizaci\u00f3n y la necesidad de ofrecer experiencias personalizadas que capten la atenci\u00f3n de un viajero cada vez m\u00e1s exigente.<\/p>\n<p>Adem\u00e1s, Jos\u00e9 Manuel Lastra enfatiza la importancia de la formaci\u00f3n continua en el sector. La capacitaci\u00f3n de los profesionales de agencias de viajes no solo es clave para ofrecer un excelente servicio al cliente, sino tambi\u00e9n para potenciar la competitividad del sector en un mundo donde la tecnolog\u00eda avanza a pasos agigantados. Con un fuerte enfoque en la educaci\u00f3n y el desarrollo profesional, su liderazgo podr\u00eda abrir nuevas puertas hacia la especializaci\u00f3n en \u00e1reas como la sostenibilidad y el turismo responsable.<\/p>\n<p>Asimismo, Lastra tiene la intenci\u00f3n de fortalecer la presencia de la CEAV en el \u00e1mbito internacional, impulsando la imagen de las agencias de viajes espa\u00f1olas en el exterior. Este esfuerzo no solo ofrecer\u00e1 mayor visibilidad a las agencias, sino que tambi\u00e9n contribuir\u00e1 a atraer turistas internacionales hacia Espa\u00f1a, un destino que combina cultura, gastronom\u00eda, naturaleza y un patrimonio incomparable.<\/p>\n<p>En resumen, la llegada de Jos\u00e9 Manuel Lastra a la presidencia de la CEAV marca el inicio de una etapa que promete ser transformadora para el sector de las agencias de viajes en Espa\u00f1a. Con una visi\u00f3n clara y un enfoque en la colaboraci\u00f3n, la formaci\u00f3n y la internacionalizaci\u00f3n, esta nueva direcci\u00f3n busca no solo navegar los desaf\u00edos del presente, sino tambi\u00e9n allanar el camino hacia un futuro vibrante y lleno de oportunidades para todos los actores involucrados en la industria tur\u00edstica. A medida que avanzamos hacia esta nueva era, todos los ojos estar\u00e1n puestos en las estrategias y resultados que surjan para mantener a Espa\u00f1a en el mapa del turismo global.<\/p>\n<p><em> &#8221; Sources www.hosteltur.com &#8221; <\/em><\/p>\n","protected":false},"excerpt":{"rendered":"<p>Renovaci\u00f3n al mando: La CEAV y su nuevo rumbo estrat\u00e9gico En el emocionante y siempre cambiante mundo del turismo, las organizaciones que lo representan juegan un papel crucial en la evoluci\u00f3n de la industria. La Confederaci\u00f3n Espa\u00f1ola de Agencias de Viajes (CEAV) ha dado un paso estrat\u00e9gico al nombrar a Jos\u00e9 Manuel Lastra como nuevo [&hellip;]<\/p>\n","protected":false},"author":4,"featured_media":1206689,"comment_status":"open","ping_status":"closed","sticky":false,"template":"","format":"standard","meta":{"om_disable_all_campaigns":false,"jnews-multi-image_gallery":[],"jnews_single_post":[],"jnews_primary_category":[],"jnews_social_meta":[],"footnotes":""},"categories":[40],"tags":[201745,4510,1229,1230,572,770,10057,7173,16071,15684,230387,28079,92634,193643,544],"class_list":["post-1206688","post","type-post","status-publish","format-standard","has-post-thumbnail","hentry","category-industria","tag-acave-asociacion-corporativa-de-agencias-de-viajes-especializadas","tag-asociaciones","tag-carlos-garrido","tag-ceav","tag-distribucion","tag-espana","tag-jose-manuel-lastra","tag-liderazgo","tag-mesa-del-turismo","tag-nombramientos","tag-nombramientos-agencias-y-turoperadores","tag-nombramientos-en-turismo","tag-nueva-etapa","tag-rafael-serra","tag-turismo"],"_links":{"self":[{"href":"https:\/\/dimensionturistica.com\/es\/wp-json\/wp\/v2\/posts\/1206688","targetHints":{"allow":["GET"]}}],"collection":[{"href":"https:\/\/dimensionturistica.com\/es\/wp-json\/wp\/v2\/posts"}],"about":[{"href":"https:\/\/dimensionturistica.com\/es\/wp-json\/wp\/v2\/types\/post"}],"author":[{"embeddable":true,"href":"https:\/\/dimensionturistica.com\/es\/wp-json\/wp\/v2\/users\/4"}],"replies":[{"embeddable":true,"href":"https:\/\/dimensionturistica.com\/es\/wp-json\/wp\/v2\/comments?post=1206688"}],"version-history":[{"count":1,"href":"https:\/\/dimensionturistica.com\/es\/wp-json\/wp\/v2\/posts\/1206688\/revisions"}],"predecessor-version":[{"id":1206690,"href":"https:\/\/dimensionturistica.com\/es\/wp-json\/wp\/v2\/posts\/1206688\/revisions\/1206690"}],"wp:featuredmedia":[{"embeddable":true,"href":"https:\/\/dimensionturistica.com\/es\/wp-json\/wp\/v2\/media\/1206689"}],"wp:attachment":[{"href":"https:\/\/dimensionturistica.com\/es\/wp-json\/wp\/v2\/media?parent=1206688"}],"wp:term":[{"taxonomy":"category","embeddable":true,"href":"https:\/\/dimensionturistica.com\/es\/wp-json\/wp\/v2\/categories?post=1206688"},{"taxonomy":"post_tag","embeddable":true,"href":"https:\/\/dimensionturistica.com\/es\/wp-json\/wp\/v2\/tags?post=1206688"}],"curies":[{"name":"wp","href":"https:\/\/api.w.org\/{rel}","templated":true}]}}