{"id":1206658,"date":"2026-09-03T16:06:34","date_gmt":"2026-09-03T16:06:34","guid":{"rendered":"https:\/\/dimensionturistica.com\/es\/?p=1206658"},"modified":"2026-09-03T16:06:34","modified_gmt":"2026-09-03T16:06:34","slug":"cancun-2026-encuentro-de-la-industria-turistica-del-21-al-23-de-octubre-en-el-destino-paradisiaco","status":"publish","type":"post","link":"https:\/\/dimensionturistica.com\/es\/cancun-2026-encuentro-de-la-industria-turistica-del-21-al-23-de-octubre-en-el-destino-paradisiaco\/","title":{"rendered":"Canc\u00fan 2026: Encuentro de la Industria Tur\u00edstica del 21 al 23 de octubre en el Destino Paradis\u00edaco"},"content":{"rendered":"<p><strong>Canc\u00fan: Epicentro del Turismo Global en 2026<\/strong><\/p>\n<p>Cada a\u00f1o, Canc\u00fan se ilumina con la llegada de miles de turistas que buscan sol, mar y cultura. Pero en octubre de 2026, esta paradis\u00edaca ciudad no solo ser\u00e1 un destino para vacacionistas, sino tambi\u00e9n el escenario de uno de los eventos m\u00e1s importantes de la industria tur\u00edstica: el Canc\u00fan Travel Mart. Entre el 21 y el 23 de octubre, profesionales del turismo de todo el mundo se reunir\u00e1n en este centro tur\u00edstico para explorar nuevas oportunidades de negocio y fortalecer lazos en torno a un sector que ha ido recuper\u00e1ndose y redefini\u00e9ndose tras los desaf\u00edos recientes.<\/p>\n<p>El Canc\u00fan Travel Mart 2026 promete ser una experiencia de networking sin precedentes. Con una agenda repleta de actividades, paneles de discusi\u00f3n y exhibiciones, este evento se convierte en el escaparate perfecto para las novedades del sector, desde avances tecnol\u00f3gicos hasta tendencias en sostenibilidad tur\u00edstica. La necesidad de adaptarse a un entorno en constante cambio ser\u00e1 un tema central en las conversaciones, donde se abordar\u00e1n las mejores pr\u00e1cticas y los desaf\u00edos que enfrenta la industria.<\/p>\n<p>Los participantes tendr\u00e1n la oportunidad de intercambiar ideas y establecer conexiones con representantes de destinos tur\u00edsticos, operadores de viajes, hoteleros y empresas de servicios relacionados. Esta interacci\u00f3n no solo favorece el crecimiento de la industria, sino que tambi\u00e9n enriquece la experiencia del turista, quien se beneficia de una oferta m\u00e1s variada y adaptada a sus necesidades.<\/p>\n<p>Adem\u00e1s de las reuniones de negocios, el evento incluir\u00e1 exposiciones que resaltan la diversidad cultural y natural de Canc\u00fan y sus alrededores. Desde la belleza de sus playas hasta la riqueza de su fauna y flora, el destino estar\u00e1 en el centro de atenci\u00f3n, mostrando por qu\u00e9 sigue siendo uno de los favoritos en el Caribe.<\/p>\n<p>Adem\u00e1s, se realizar\u00e1 un enfoque especial en la sostenibilidad. La industria tur\u00edstica est\u00e1 en plena transformaci\u00f3n hacia pr\u00e1cticas m\u00e1s responsables, y Canc\u00fan no se queda atr\u00e1s. Durante el Travel Mart, se presentar\u00e1n iniciativas innovadoras que buscan minimizar el impacto ambiental y promover un turismo que respete y conserve el entorno natural. As\u00ed, los asistentes podr\u00e1n descubrir c\u00f3mo el destino est\u00e1 liderando esta tendencia y c\u00f3mo pueden implementar similares en sus respectivas \u00e1reas.<\/p>\n<p>La ciudad se prepara tambi\u00e9n para recibir a los visitantes con una oferta variada que va m\u00e1s all\u00e1 del sol y la playa. Con una gastronom\u00eda rica y variada, actividades culturales y una vida nocturna vibrante, Canc\u00fan se consolida no solo como un lugar para relajarse, sino como una experiencia integral que abarca todos los sentidos.<\/p>\n<p>Canc\u00fan Travel Mart 2026 no es solo un evento; es una oportunidad para que los profesionales del turismo se conviertan en agentes de cambio en una industria que busca reinventarse. Con el lema de &#8220;Unidos por un turismo sostenible y consciente&#8221;, la convocatoria es clara: todos los implicados tienen un papel en el futuro del turismo.<\/p>\n<p>As\u00ed que si eres parte de la industria o simplemente un amante de los viajes, marca en tu calendario las fechas del 21 al 23 de octubre de 2026. Canc\u00fan te espera con los brazos abiertos y una agenda llena de oportunidades. Es el momento de reconectar, innovar y so\u00f1ar juntos sobre el futuro del turismo en un destino que siempre brilla con luz propia. \u00bfEst\u00e1s listo para ser parte de esta experiencia inolvidable?<\/p>\n<p><em> &#8221; Sources www.palcoquintanarroense.com.mx &#8221; <\/em><\/p>\n","protected":false},"excerpt":{"rendered":"<p>Canc\u00fan: Epicentro del Turismo Global en 2026 Cada a\u00f1o, Canc\u00fan se ilumina con la llegada de miles de turistas que buscan sol, mar y cultura. Pero en octubre de 2026, esta paradis\u00edaca ciudad no solo ser\u00e1 un destino para vacacionistas, sino tambi\u00e9n el escenario de uno de los eventos m\u00e1s importantes de la industria tur\u00edstica: [&hellip;]<\/p>\n","protected":false},"author":4,"featured_media":1206659,"comment_status":"open","ping_status":"closed","sticky":false,"template":"","format":"standard","meta":{"om_disable_all_campaigns":false,"jnews-multi-image_gallery":[],"jnews_single_post":[],"jnews_primary_category":[],"jnews_social_meta":[],"footnotes":""},"categories":[40],"tags":[55723,2010,548,723,1296,1097,7976,125527],"class_list":["post-1206658","post","type-post","status-publish","format-standard","has-post-thumbnail","hentry","category-industria","tag-55723","tag-cancun","tag-destino","tag-evento","tag-industria-turistica","tag-octubre","tag-reunion","tag-travel-mart"],"_links":{"self":[{"href":"https:\/\/dimensionturistica.com\/es\/wp-json\/wp\/v2\/posts\/1206658","targetHints":{"allow":["GET"]}}],"collection":[{"href":"https:\/\/dimensionturistica.com\/es\/wp-json\/wp\/v2\/posts"}],"about":[{"href":"https:\/\/dimensionturistica.com\/es\/wp-json\/wp\/v2\/types\/post"}],"author":[{"embeddable":true,"href":"https:\/\/dimensionturistica.com\/es\/wp-json\/wp\/v2\/users\/4"}],"replies":[{"embeddable":true,"href":"https:\/\/dimensionturistica.com\/es\/wp-json\/wp\/v2\/comments?post=1206658"}],"version-history":[{"count":1,"href":"https:\/\/dimensionturistica.com\/es\/wp-json\/wp\/v2\/posts\/1206658\/revisions"}],"predecessor-version":[{"id":1206660,"href":"https:\/\/dimensionturistica.com\/es\/wp-json\/wp\/v2\/posts\/1206658\/revisions\/1206660"}],"wp:featuredmedia":[{"embeddable":true,"href":"https:\/\/dimensionturistica.com\/es\/wp-json\/wp\/v2\/media\/1206659"}],"wp:attachment":[{"href":"https:\/\/dimensionturistica.com\/es\/wp-json\/wp\/v2\/media?parent=1206658"}],"wp:term":[{"taxonomy":"category","embeddable":true,"href":"https:\/\/dimensionturistica.com\/es\/wp-json\/wp\/v2\/categories?post=1206658"},{"taxonomy":"post_tag","embeddable":true,"href":"https:\/\/dimensionturistica.com\/es\/wp-json\/wp\/v2\/tags?post=1206658"}],"curies":[{"name":"wp","href":"https:\/\/api.w.org\/{rel}","templated":true}]}}