{"id":1206643,"date":"2026-09-03T14:54:25","date_gmt":"2026-09-03T14:54:25","guid":{"rendered":"https:\/\/dimensionturistica.com\/es\/?p=1206643"},"modified":"2026-09-03T14:54:25","modified_gmt":"2026-09-03T14:54:25","slug":"jennifer-aniston-y-jim-curtis-llevan-su-estilo-de-pareja-al-ambito-laboral","status":"publish","type":"post","link":"https:\/\/dimensionturistica.com\/es\/jennifer-aniston-y-jim-curtis-llevan-su-estilo-de-pareja-al-ambito-laboral\/","title":{"rendered":"Jennifer Aniston y Jim Curtis Llevan su Estilo de Pareja al \u00c1mbito Laboral"},"content":{"rendered":"<h3>La Moda de Pareja: Jennifer Aniston y Jim Curtis Elegancia en el Trabajo<\/h3>\n<p>En el mundo del entretenimiento, pocas parejas logran combinar sus estilos de una manera tan armoniosa como Jennifer Aniston y Jim Curtis. La qu\u00edmica que ambos proyectan no solo se limita a su relaci\u00f3n, sino que tambi\u00e9n se extiende a sus elecciones de moda. La \u00faltima aparici\u00f3n conjunta de esta pareja demuestra que la moda no es solo una cuesti\u00f3n individual; tambi\u00e9n puede ser una declaraci\u00f3n de pareja.<\/p>\n<h4>El Estilo que Habla<\/h4>\n<p>Aniston, \u00edcono del cine y la televisi\u00f3n, ha sido una fuente de inspiraci\u00f3n en el \u00e1mbito de la moda desde hace d\u00e9cadas. Su capacidad para mezclar lo cl\u00e1sico con lo contempor\u00e1neo la ha llevado a ser considerada un referente. En su m\u00e1s reciente colaboraci\u00f3n art\u00edstica con Curtis, el estilo de ambos no solo resalta por la calidad de las prendas, sino por la forma en que cada uno complementa al otro.<\/p>\n<p>La elecci\u00f3n de colores neutros, cortes limpios y accesorios cuidadosamente seleccionados no es casualidad. Aniston opta por un enfoque minimalista que destaca su figura, mientras que Curtis se showcase\u0301a con un look que evoca sofisticaci\u00f3n con un toque relajado. Ambos logran una combinaci\u00f3n perfecta que refleja la sinergia de sus personalidades.<\/p>\n<h4>Conjuntos Coordinados: La Clave del Impacto<\/h4>\n<p>Una de las tendencias m\u00e1s llamativas que se aprecian en sus elecciones de vestuario es la coordinaci\u00f3n. Lejos de ser un mero detalle superficial, la forma en que ambos seleccionan sus atuendos para presentar un estilo conjunto es tambi\u00e9n un indicio de su fuerte conexi\u00f3n. Esta pr\u00e1ctica de &#8220;conjuntos coordinados&#8221; se ha vuelto viral entre celebridades y, cada vez m\u00e1s, se posiciona como una opci\u00f3n interesante para parejas que buscan expresar su amor a trav\u00e9s de la moda.<\/p>\n<p>El arte de equilibrar el estilo personal mientras se brinda un gui\u00f1o al otro es lo que transforma cualquier outfit en una declaraci\u00f3n poderosa. Esta sinergia no solo se ve reflejada en el vestuario, sino tambi\u00e9n en la forma en que se presentan ante el p\u00fablico: la confianza, el carisma y la comodidad son las piezas fundamentales de su \u00e9xito estil\u00edstico.<\/p>\n<h4>Moda que Empodera<\/h4>\n<p>M\u00e1s all\u00e1 de la est\u00e9tica, el estilo de Aniston y Curtis tambi\u00e9n es un testimonio de la era del empoderamiento. La moda ya no se limita a lo superficial; se ha convertido en un medio para expresar identidad y valores. Al lucir atuendos que reflejan profesionalismo y frescura, ambos env\u00edan un mensaje sobre el rol de las parejas en el mundo contempor\u00e1neo, donde el apoyo mutuo es fundamental.<\/p>\n<h4>Un Nuevo Paradigma de Estilo<\/h4>\n<p>A medida que las din\u00e1micas de pareja evolucionan, tambi\u00e9n lo hace su representaci\u00f3n en la moda. La elecci\u00f3n de atuendos que hablan de complicidad y respeto mutuo abre la puerta a nuevas formas de premisas fashionistas. Aniston y Curtis se posicionan como pioneros en esta exploraci\u00f3n de la moda en pareja, sugiriendo que el verdadero estilo trasciende el individualismo.<\/p>\n<p>Con cada evento y aparici\u00f3n p\u00fablica, Jennifer Aniston y Jim Curtis no solo establecen tendencias, sino que tambi\u00e9n inspiran a otros a considerar su estilo de manera conjunta. En un mundo donde la apariencia a menudo se asocia con la competencia, ellos demuestran que la moda puede ser tambi\u00e9n un reflejo de la uni\u00f3n y el respeto mutuo, dejando huella en la narrativa contempor\u00e1nea de la moda. <\/p>\n<p>La proyecci\u00f3n de un estilo colectivo es, sin duda, un s\u00edmbolo de los tiempos, y la pareja de Aniston y Curtis se encuentra en la vanguardia de este nuevo movimiento. Su atenci\u00f3n meticulosa a los detalles har\u00e1 que sus conjuntos sean el objeto de an\u00e1lisis y admiraci\u00f3n en la comunidad fashionista, creando un eco que resonar\u00e1 m\u00e1s all\u00e1 de su presencia en la alfombra roja.<\/p>\n<p><em> &#8221; Fuentes www.vogue.com &#8221; <\/em><\/p>\n","protected":false},"excerpt":{"rendered":"<p>La Moda de Pareja: Jennifer Aniston y Jim Curtis Elegancia en el Trabajo En el mundo del entretenimiento, pocas parejas logran combinar sus estilos de una manera tan armoniosa como Jennifer Aniston y Jim Curtis. La qu\u00edmica que ambos proyectan no solo se limita a su relaci\u00f3n, sino que tambi\u00e9n se extiende a sus elecciones [&hellip;]<\/p>\n","protected":false},"author":14,"featured_media":1206644,"comment_status":"open","ping_status":"closed","sticky":false,"template":"","format":"standard","meta":{"om_disable_all_campaigns":false,"jnews-multi-image_gallery":[],"jnews_single_post":[],"jnews_primary_category":[],"jnews_social_meta":[],"footnotes":""},"categories":[144872],"tags":[198490,201277,236826,207730,457,247249,165,171112,209815],"class_list":["post-1206643","post","type-post","status-publish","format-standard","has-post-thumbnail","hentry","category-fashion","tag-celebrity-fashion","tag-couple-style","tag-hollywood-fashion","tag-jenna-lyons","tag-jennifer-aniston","tag-jim-curtis","tag-red-carpet","tag-style-inspiration","tag-work-attire"],"_links":{"self":[{"href":"https:\/\/dimensionturistica.com\/es\/wp-json\/wp\/v2\/posts\/1206643","targetHints":{"allow":["GET"]}}],"collection":[{"href":"https:\/\/dimensionturistica.com\/es\/wp-json\/wp\/v2\/posts"}],"about":[{"href":"https:\/\/dimensionturistica.com\/es\/wp-json\/wp\/v2\/types\/post"}],"author":[{"embeddable":true,"href":"https:\/\/dimensionturistica.com\/es\/wp-json\/wp\/v2\/users\/14"}],"replies":[{"embeddable":true,"href":"https:\/\/dimensionturistica.com\/es\/wp-json\/wp\/v2\/comments?post=1206643"}],"version-history":[{"count":1,"href":"https:\/\/dimensionturistica.com\/es\/wp-json\/wp\/v2\/posts\/1206643\/revisions"}],"predecessor-version":[{"id":1206645,"href":"https:\/\/dimensionturistica.com\/es\/wp-json\/wp\/v2\/posts\/1206643\/revisions\/1206645"}],"wp:featuredmedia":[{"embeddable":true,"href":"https:\/\/dimensionturistica.com\/es\/wp-json\/wp\/v2\/media\/1206644"}],"wp:attachment":[{"href":"https:\/\/dimensionturistica.com\/es\/wp-json\/wp\/v2\/media?parent=1206643"}],"wp:term":[{"taxonomy":"category","embeddable":true,"href":"https:\/\/dimensionturistica.com\/es\/wp-json\/wp\/v2\/categories?post=1206643"},{"taxonomy":"post_tag","embeddable":true,"href":"https:\/\/dimensionturistica.com\/es\/wp-json\/wp\/v2\/tags?post=1206643"}],"curies":[{"name":"wp","href":"https:\/\/api.w.org\/{rel}","templated":true}]}}