{"id":1206608,"date":"2026-09-03T11:52:37","date_gmt":"2026-09-03T11:52:37","guid":{"rendered":"https:\/\/dimensionturistica.com\/es\/?p=1206608"},"modified":"2026-09-03T11:52:37","modified_gmt":"2026-09-03T11:52:37","slug":"descubren-que-hernandez-berni-realizo-81-viajes-internacionales-desde-su-llegada-al-cargo","status":"publish","type":"post","link":"https:\/\/dimensionturistica.com\/es\/descubren-que-hernandez-berni-realizo-81-viajes-internacionales-desde-su-llegada-al-cargo\/","title":{"rendered":"Descubren que Hern\u00e1ndez Berni realiz\u00f3 81 viajes internacionales desde su llegada al cargo."},"content":{"rendered":"<h3>Los Viajes del Funcionario: Un Paseo por el Mundo y sus Implicaciones<\/h3>\n<p>En un mundo donde el turismo y las relaciones internacionales son m\u00e1s importantes que nunca, la movilidad de los funcionarios p\u00fablicos se convierte en un tema de inter\u00e9s, tanto para quienes estudian pol\u00edtica como para aquellos que simplemente son apasionados del viaje. En este contexto, un caso reciente ha captado la atenci\u00f3n: un alto funcionario argentino ha realizado m\u00e1s de 80 viajes al exterior desde el inicio de su mandato.<\/p>\n<p>Estos viajes no son solo una simple traves\u00eda por diferentes pa\u00edses, sino que reflejan un componente crucial en la din\u00e1mica de la pol\u00edtica moderna. Las giras internacionales pueden servir para estrechar lazos diplom\u00e1ticos, atraer inversiones o buscar cooperaci\u00f3n en \u00e1reas como la salud, la educaci\u00f3n y la seguridad. Sin embargo, tambi\u00e9n plantean interrogantes sobre la gesti\u00f3n de recursos p\u00fablicos, el enfoque en prioridades nacionales y la rendici\u00f3n de cuentas.<\/p>\n<h3>Los Destinos y su Significado<\/h3>\n<p>Los destinos elegidos para estos viajes merecen atenci\u00f3n. Cada pa\u00eds visitado tiene su propia cultura, econom\u00eda y relaciones con Argentina, lo que podr\u00eda indicar la intenci\u00f3n del funcionario de abrir nuevas puertas en sectores estrat\u00e9gicos. Por ejemplo, los viajes a naciones con econom\u00edas emergentes pueden ser vistos como una manera de buscar oportunidades de comercio e inversi\u00f3n que beneficien al pa\u00eds en su conjunto.<\/p>\n<h3>Impacto en la Imagen P\u00fablica<\/h3>\n<p>Sin embargo, la frecuencia de estos viajes no est\u00e1 exenta de cr\u00edticas. Para muchos ciudadanos, estos desplazamientos pueden parecer excesivos, generando una percepci\u00f3n de desconexi\u00f3n entre el funcionario y su responsabilidad con el bienestar local. La gesti\u00f3n de estas im\u00e1genes es clave en el \u00e1mbito pol\u00edtico; los ciudadanos podr\u00edan preguntarse si el tiempo y los recursos destinados a estos viajes se justifican con resultados tangibles a su regreso.<\/p>\n<h3>El Turista Pol\u00edtico<\/h3>\n<p>A medida que el mundo globalizado avanza, la figura del &#8220;turista pol\u00edtico&#8221; parece cobrar m\u00e1s relevancia. Los viajes de un funcionario a menudo son bien recibidos si se asocian con logros claros y beneficios para la sociedad. La clave est\u00e1 en la transparencia y en c\u00f3mo se comunica cada viaje al p\u00fablico. \u00bfSe logr\u00f3 alg\u00fan acuerdo significativo? \u00bfSe mejor\u00f3 la calidad de vida en alguna regi\u00f3n? Estas son preguntas que deben ser abordadas para justificar la agenda internacional de un funcionario.<\/p>\n<h3>Reflexiones Finales<\/h3>\n<p>La pol\u00edtica y el turismo, aunque aparentemente distantes, tienen un v\u00ednculo m\u00e1s profundo del que a menudo se reconoce. Los viajes que realizan los funcionarios son una mezcla de pol\u00edticas exteriores y estrategias de fortalecimiento interno. Por lo tanto, es crucial que estos desplazamientos se manejen con responsabilidad y se acompa\u00f1en de resultados visibles, reafirmando su prop\u00f3sito.<\/p>\n<p>La historia de este funcionario no solo es un relato de cifras y destinos, sino tambi\u00e9n un espejo de las complejidades de la gesti\u00f3n p\u00fablica moderna. Una invitaci\u00f3n a reflexionar sobre c\u00f3mo el turismo, en sus diversas formas, puede impactar la vida pol\u00edtica y social de un pa\u00eds. En un mundo interconectado, cada viaje puede ser una oportunidad para aprender, compartir y crecer, siempre que se lleve a cabo con un prop\u00f3sito claro y en beneficio de la comunidad que representa.<\/p>\n<p><em> &#8221; Fuentes fm899.com.ar &#8221; <\/em><\/p>\n","protected":false},"excerpt":{"rendered":"<p>Los Viajes del Funcionario: Un Paseo por el Mundo y sus Implicaciones En un mundo donde el turismo y las relaciones internacionales son m\u00e1s importantes que nunca, la movilidad de los funcionarios p\u00fablicos se convierte en un tema de inter\u00e9s, tanto para quienes estudian pol\u00edtica como para aquellos que simplemente son apasionados del viaje. En [&hellip;]<\/p>\n","protected":false},"author":4,"featured_media":1206609,"comment_status":"open","ping_status":"closed","sticky":false,"template":"","format":"standard","meta":{"om_disable_all_campaigns":false,"jnews-multi-image_gallery":[],"jnews_single_post":[],"jnews_primary_category":[],"jnews_social_meta":[],"footnotes":""},"categories":[39],"tags":[768,138976,272311,12507,296640,546,61958,2598],"class_list":["post-1206608","post","type-post","status-publish","format-standard","has-post-thumbnail","hentry","category-viajes","tag-argentina","tag-controversia","tag-gastos-oficiales","tag-gestion-publica","tag-hernandez-berni","tag-politica","tag-revelaciones","tag-viajes-al-exterior"],"_links":{"self":[{"href":"https:\/\/dimensionturistica.com\/es\/wp-json\/wp\/v2\/posts\/1206608","targetHints":{"allow":["GET"]}}],"collection":[{"href":"https:\/\/dimensionturistica.com\/es\/wp-json\/wp\/v2\/posts"}],"about":[{"href":"https:\/\/dimensionturistica.com\/es\/wp-json\/wp\/v2\/types\/post"}],"author":[{"embeddable":true,"href":"https:\/\/dimensionturistica.com\/es\/wp-json\/wp\/v2\/users\/4"}],"replies":[{"embeddable":true,"href":"https:\/\/dimensionturistica.com\/es\/wp-json\/wp\/v2\/comments?post=1206608"}],"version-history":[{"count":1,"href":"https:\/\/dimensionturistica.com\/es\/wp-json\/wp\/v2\/posts\/1206608\/revisions"}],"predecessor-version":[{"id":1206610,"href":"https:\/\/dimensionturistica.com\/es\/wp-json\/wp\/v2\/posts\/1206608\/revisions\/1206610"}],"wp:featuredmedia":[{"embeddable":true,"href":"https:\/\/dimensionturistica.com\/es\/wp-json\/wp\/v2\/media\/1206609"}],"wp:attachment":[{"href":"https:\/\/dimensionturistica.com\/es\/wp-json\/wp\/v2\/media?parent=1206608"}],"wp:term":[{"taxonomy":"category","embeddable":true,"href":"https:\/\/dimensionturistica.com\/es\/wp-json\/wp\/v2\/categories?post=1206608"},{"taxonomy":"post_tag","embeddable":true,"href":"https:\/\/dimensionturistica.com\/es\/wp-json\/wp\/v2\/tags?post=1206608"}],"curies":[{"name":"wp","href":"https:\/\/api.w.org\/{rel}","templated":true}]}}