{"id":1206605,"date":"2026-09-03T11:50:26","date_gmt":"2026-09-03T11:50:26","guid":{"rendered":"https:\/\/dimensionturistica.com\/es\/?p=1206605"},"modified":"2026-09-03T11:50:26","modified_gmt":"2026-09-03T11:50:26","slug":"jose-manuel-lastra-asume-la-presidencia-de-ceav-para-el-ciclo-2026-2030-2","status":"publish","type":"post","link":"https:\/\/dimensionturistica.com\/es\/jose-manuel-lastra-asume-la-presidencia-de-ceav-para-el-ciclo-2026-2030-2\/","title":{"rendered":"Jos\u00e9 Manuel Lastra asume la presidencia de CEAV para el ciclo 2026-2030."},"content":{"rendered":"<p><strong>Un Nuevo Horizonte para el Turismo en Espa\u00f1a: La Visi\u00f3n de un L\u00edder<\/strong><\/p>\n<p>El turismo, uno de los pilares fundamentales de la econom\u00eda espa\u00f1ola, se encuentra en un momento crucial. En este contexto, la elecci\u00f3n de un nuevo l\u00edder en la Confederaci\u00f3n Espa\u00f1ola de Agencias de Viajes (CEAV) marca un hito en la direcci\u00f3n que tomar\u00e1 este sector. La reciente designaci\u00f3n de Jos\u00e9 Manuel Lastra como presidente para el periodo 2026-2030 promete traer consigo un enfoque fresco y renovador que busca adaptarse a las demandas cambiantes de los viajeros y a los retos globales del sector.<\/p>\n<p>La experiencia de Lastra en la industria tur\u00edstica no es casual. Con una trayectoria que abarca m\u00faltiples facetas del sector, ha demostrado ser un firme defensor de la innovaci\u00f3n, la sostenibilidad y la colaboraci\u00f3n. En un tiempo donde la transformaci\u00f3n digital est\u00e1 redefiniendo la forma en que los turistas planifican y disfrutan sus viajes, su liderazgo se presenta como una respuesta necesaria ante las inquietudes y necesidades de los agentes de viajes.<\/p>\n<p>Uno de los pilares de la nueva estrategia que propone Lastra es fortalecer la digitalizaci\u00f3n en las agencias. La pandemia evidenci\u00f3 las carencias y la necesidad de modernizar las herramientas que utilizan los profesionales del turismo. La implementaci\u00f3n de tecnolog\u00edas avanzadas permitir\u00e1 optimizar la gesti\u00f3n de reservas y personalizar la experiencia del viajero, lo que se traduce en un servicio m\u00e1s eficiente y satisfactorio.<\/p>\n<p>Sin embargo, la digitalizaci\u00f3n no es el \u00fanico foco de atenci\u00f3n. La sostenibilidad se postula como un aspecto crucial de su mandato. Conscientes de que el turismo debe ser una actividad responsable, Lastra promueve iniciativas que fomentan el turismo sostenible y la preservaci\u00f3n de los destinos. La idea es que los agentes contribuyan a un modelo que priorice la conservaci\u00f3n del medio ambiente y el bienestar de las comunidades locales.<\/p>\n<p>Otra de las propuestas que est\u00e1 en la agenda de liderazgo de Lastra es la promoci\u00f3n del turismo interno y de proximidad. Con la creciente incertidumbre que afecta a los viajeros, apostar por destinos locales puede ser una estrategia efectiva para revitalizar el sector y fortalecer la econom\u00eda local. Fomentar el orgullo por los lugares menos explorados de nuestra geograf\u00eda no solo supone un impulso econ\u00f3mico, sino que tambi\u00e9n invita a los ciudadanos a redescubrir la riqueza cultural y patrimonial que poseen.<\/p>\n<p>Por \u00faltimo, la colaboraci\u00f3n es esencial. Lastra es consciente de que la uni\u00f3n de esfuerzos entre entidades p\u00fablicas y privadas es fundamental para el futuro del turismo en Espa\u00f1a. Potenciar las alianzas estrat\u00e9gicas tanto a nivel nacional como internacional ser\u00e1 clave para ganar relevancia y competitividad en un mercado que, a menudo, puede parecer saturado.<\/p>\n<p>En conclusi\u00f3n, el nuevo liderazgo de Jos\u00e9 Manuel Lastra en la CEAV abre un abanico de posibilidades para el turismo espa\u00f1ol. Con una orientaci\u00f3n clara hacia la digitalizaci\u00f3n, la sostenibilidad, la promoci\u00f3n del turismo local y la cooperaci\u00f3n, se establece un camino que busca no solo recuperar lo perdido en la pandemia, sino tambi\u00e9n construir un sector m\u00e1s resiliente, inclusivo y consciente de su impacto. La comunidad tur\u00edstica espera ansiosa los avances que las gestiones de Lastra traer\u00e1n, con la esperanza de que el futuro del turismo en Espa\u00f1a brille con luz propia.<\/p>\n<p><em> &#8221; Sources www.diariosigloxxi.com &#8221; <\/em><\/p>\n","protected":false},"excerpt":{"rendered":"<p>Un Nuevo Horizonte para el Turismo en Espa\u00f1a: La Visi\u00f3n de un L\u00edder El turismo, uno de los pilares fundamentales de la econom\u00eda espa\u00f1ola, se encuentra en un momento crucial. En este contexto, la elecci\u00f3n de un nuevo l\u00edder en la Confederaci\u00f3n Espa\u00f1ola de Agencias de Viajes (CEAV) marca un hito en la direcci\u00f3n que [&hellip;]<\/p>\n","protected":false},"author":4,"featured_media":1206606,"comment_status":"open","ping_status":"closed","sticky":false,"template":"","format":"standard","meta":{"om_disable_all_campaigns":false,"jnews-multi-image_gallery":[],"jnews_single_post":[],"jnews_primary_category":[],"jnews_social_meta":[],"footnotes":""},"categories":[40],"tags":[271031,2657,1230,770,3318,10057,7173,2234,544],"class_list":["post-1206605","post","type-post","status-publish","format-standard","has-post-thumbnail","hentry","category-industria","tag-2026-2030","tag-asociacion","tag-ceav","tag-espana","tag-gestion","tag-jose-manuel-lastra","tag-liderazgo","tag-presidente","tag-turismo"],"_links":{"self":[{"href":"https:\/\/dimensionturistica.com\/es\/wp-json\/wp\/v2\/posts\/1206605","targetHints":{"allow":["GET"]}}],"collection":[{"href":"https:\/\/dimensionturistica.com\/es\/wp-json\/wp\/v2\/posts"}],"about":[{"href":"https:\/\/dimensionturistica.com\/es\/wp-json\/wp\/v2\/types\/post"}],"author":[{"embeddable":true,"href":"https:\/\/dimensionturistica.com\/es\/wp-json\/wp\/v2\/users\/4"}],"replies":[{"embeddable":true,"href":"https:\/\/dimensionturistica.com\/es\/wp-json\/wp\/v2\/comments?post=1206605"}],"version-history":[{"count":1,"href":"https:\/\/dimensionturistica.com\/es\/wp-json\/wp\/v2\/posts\/1206605\/revisions"}],"predecessor-version":[{"id":1206607,"href":"https:\/\/dimensionturistica.com\/es\/wp-json\/wp\/v2\/posts\/1206605\/revisions\/1206607"}],"wp:featuredmedia":[{"embeddable":true,"href":"https:\/\/dimensionturistica.com\/es\/wp-json\/wp\/v2\/media\/1206606"}],"wp:attachment":[{"href":"https:\/\/dimensionturistica.com\/es\/wp-json\/wp\/v2\/media?parent=1206605"}],"wp:term":[{"taxonomy":"category","embeddable":true,"href":"https:\/\/dimensionturistica.com\/es\/wp-json\/wp\/v2\/categories?post=1206605"},{"taxonomy":"post_tag","embeddable":true,"href":"https:\/\/dimensionturistica.com\/es\/wp-json\/wp\/v2\/tags?post=1206605"}],"curies":[{"name":"wp","href":"https:\/\/api.w.org\/{rel}","templated":true}]}}